{"id":3133,"date":"2016-08-04T00:00:20","date_gmt":"2016-08-03T22:00:20","guid":{"rendered":"http:\/\/blog.pfadfinder-kuppenheim.de\/?p=3133"},"modified":"2017-10-27T13:40:02","modified_gmt":"2017-10-27T11:40:02","slug":"tag-6-do-04-08-2016","status":"publish","type":"post","link":"https:\/\/pfadfinder-kuppenheim.de\/?p=3133","title":{"rendered":"Tag 6 &#8211; Do 04.08.2016"},"content":{"rendered":"<div style=\"direction: ltr; border-width: 100%;\">\n<div style=\"direction: ltr; margin-top: 0in; margin-left: 0in; width: 6.6333in;\">\n<div style=\"direction: ltr; margin-top: 0in; margin-left: 0in; width: 6.6333in;\">\n<p style=\"margin: 0in; font-family: Calibri; font-size: 11.0pt;\">Heute sind wir wieder um 7:30 Uhr aufgeweckt worden. Wir sollten schon mal Schlafsack un dIsomatte zusmmenpacken und dann haben wir gefr\u00fchst\u00fcckt. Danach haben wir die restlichen Sachen eingepackt und haben der Morgenrunde von Anastasia und Tessa gelauscht. Dann wurden den Sippen die Leiter und die Strecken zugeteilt. Wir, die Hummelchen, sollten mit Sofian und Stambo den kurzesten Hajk wandern. Zuerst ging es nach Forchheim. Dank unseres Natur- und Orientlierungsfachmann (Jakob) sind wir 20% Steigung (gef\u00fchlte 80%) umsonst gelaufen. Dann haben wir gevesptert. Aber wir haben den Weg relativ schnell gefunden und sind zur Wimmelbacher Kirche gelaufen. Dann sind wir in Deroldsbach einkaufen gewsen. Voll beladen und mit neuer Smoothie-Energie betankt sind wir dann noch zum Rathaus f\u00fcr ein paar Ifnos. Schlie\u00dflich gingen wir nach Poppendorf und haben uns vollkommen KO ins Gras gesetzt. Keiner wollte etwas machen also sind Caro und Emma zu dem Bauernhof in der N\u00e4he gegangen und haben uns einen Schlafplatz organisiert. Dieser war jedoch nicht ganz Wasserfest und eine Stunde nach dem Einschlafen konnte man von Isomatte zu Isomatte schwimmen. Der super nette Bauer hat uns dann evakuiert (Woran erinnert usn das: Mitten in der Nacht klatschnass und M\u00fcde evakuiert werden? Na?) und wir durften auf einer Kammer auf dme Specher schlafen. Das haben wir v\u00f6llig durchn\u00e4sst und hundem\u00fcse auch um ca. 00:30 Uhr getan.<\/p>\n<p style=\"margin: 0in; font-family: Calibri; font-size: 11.0pt;\">\n<p style=\"margin: 0in; font-family: Calibri; font-size: 11.0pt;\">Wetter<\/p>\n<p style=\"margin: 0in; font-family: Calibri; font-size: 11.0pt;\">Morgens war es bew\u00f6lkt aber angenehm Mittags genauso. Abends hat es dann tats\u00e4chlich geregnet &#8211; nein gesch\u00fcttet und gest\u00fcrmt.<\/p>\n<p style=\"margin: 0in; font-family: Calibri; font-size: 11.0pt;\">\n<p style=\"margin: 0in; font-family: Calibri; font-size: 11.0pt;\">Caro und Emma<\/p>\n<\/div>\n<\/div>\n<\/div>\n","protected":false},"excerpt":{"rendered":"<p>Heute sind wir wieder um 7:30 Uhr aufgeweckt worden. Wir sollten schon mal Schlafsack un dIsomatte zusmmenpacken und dann haben wir gefr\u00fchst\u00fcckt. Danach haben wir die restlichen Sachen eingepackt und haben der Morgenrunde von Anastasia und Tessa gelauscht. Dann wurden den Sippen die Leiter und die Strecken zugeteilt. Wir, die Hummelchen, sollten mit Sofian und&hellip;&nbsp;<a href=\"https:\/\/pfadfinder-kuppenheim.de\/?p=3133\" class=\"\" rel=\"bookmark\">Weiterlesen &raquo;<span class=\"screen-reader-text\">Tag 6 &#8211; Do 04.08.2016<\/span><\/a><\/p>\n","protected":false},"author":2,"featured_media":0,"comment_status":"closed","ping_status":"closed","sticky":false,"template":"","format":"standard","meta":{"neve_meta_sidebar":"","neve_meta_container":"","neve_meta_enable_content_width":"","neve_meta_content_width":0,"neve_meta_title_alignment":"","neve_meta_author_avatar":"","neve_post_elements_order":"","neve_meta_disable_header":"","neve_meta_disable_footer":"","neve_meta_disable_title":"","jetpack_post_was_ever_published":false,"_jetpack_newsletter_access":"","_jetpack_dont_email_post_to_subs":false,"_jetpack_newsletter_tier_id":0,"_jetpack_memberships_contains_paywalled_content":false,"_jetpack_memberships_contains_paid_content":false,"footnotes":"","jetpack_publicize_message":"","jetpack_publicize_feature_enabled":true,"jetpack_social_post_already_shared":true,"jetpack_social_options":{"image_generator_settings":{"template":"highway","default_image_id":0,"font":"","enabled":false},"version":2}},"categories":[12],"tags":[],"class_list":["post-3133","post","type-post","status-publish","format-standard","hentry","category-jupfis_sola_tagebuch"],"jetpack_publicize_connections":[],"jetpack_featured_media_url":"","jetpack_sharing_enabled":true,"jetpack_shortlink":"https:\/\/wp.me\/p3G0PZ-Ox","_links":{"self":[{"href":"https:\/\/pfadfinder-kuppenheim.de\/index.php?rest_route=\/wp\/v2\/posts\/3133","targetHints":{"allow":["GET"]}}],"collection":[{"href":"https:\/\/pfadfinder-kuppenheim.de\/index.php?rest_route=\/wp\/v2\/posts"}],"about":[{"href":"https:\/\/pfadfinder-kuppenheim.de\/index.php?rest_route=\/wp\/v2\/types\/post"}],"author":[{"embeddable":true,"href":"https:\/\/pfadfinder-kuppenheim.de\/index.php?rest_route=\/wp\/v2\/users\/2"}],"replies":[{"embeddable":true,"href":"https:\/\/pfadfinder-kuppenheim.de\/index.php?rest_route=%2Fwp%2Fv2%2Fcomments&post=3133"}],"version-history":[{"count":1,"href":"https:\/\/pfadfinder-kuppenheim.de\/index.php?rest_route=\/wp\/v2\/posts\/3133\/revisions"}],"predecessor-version":[{"id":3143,"href":"https:\/\/pfadfinder-kuppenheim.de\/index.php?rest_route=\/wp\/v2\/posts\/3133\/revisions\/3143"}],"wp:attachment":[{"href":"https:\/\/pfadfinder-kuppenheim.de\/index.php?rest_route=%2Fwp%2Fv2%2Fmedia&parent=3133"}],"wp:term":[{"taxonomy":"category","embeddable":true,"href":"https:\/\/pfadfinder-kuppenheim.de\/index.php?rest_route=%2Fwp%2Fv2%2Fcategories&post=3133"},{"taxonomy":"post_tag","embeddable":true,"href":"https:\/\/pfadfinder-kuppenheim.de\/index.php?rest_route=%2Fwp%2Fv2%2Ftags&post=3133"}],"curies":[{"name":"wp","href":"https:\/\/api.w.org\/{rel}","templated":true}]}}