{"id":3131,"date":"2016-08-03T00:00:39","date_gmt":"2016-08-02T22:00:39","guid":{"rendered":"http:\/\/blog.pfadfinder-kuppenheim.de\/?p=3131"},"modified":"2017-10-27T13:40:02","modified_gmt":"2017-10-27T11:40:02","slug":"tag-5-mi-03-08-2016","status":"publish","type":"post","link":"https:\/\/pfadfinder-kuppenheim.de\/?p=3131","title":{"rendered":"Tag 5 &#8211; Mi 03.08.2016"},"content":{"rendered":"<div style=\"direction: ltr; border-width: 100%;\">\n<div style=\"direction: ltr; margin-top: 0in; margin-left: 0in; width: 6.6333in;\">\n<div style=\"direction: ltr; margin-top: 0in; margin-left: 0in; width: 6.6333in;\">\n<p style=\"margin: 0in; font-family: Calibri; font-size: 11.0pt;\">Heute sind wir um 7:45 aufgestanden. Marcel ist mit Maximilian, Emma und Caro ins kalte Wasser im Flu\u00df baden gegangen. Nachdem diese patsch Nass zur\u00fcckgekommen waren, haben wir M\u00fcsli und Brot mit Kaba und Tee verspeist. W\u00e4hrend die Hummelchen gesp\u00fclt haben, haben die anderen Sippen schon mal ihre Sachen f\u00fcrs Schwimmbad gepackt. Als Felix und Jonas ihre Morgenrunde zu Thema Freundschaft beendet hatten, brachten wir auch schon auf. Zuerst wanderten wir nach Forchheim. Dort angekommen bekam jede Sippe eine Aufgabenheft mit Aufgaben f\u00fcr das Stadtspiel und 1,5 Stunden Zeit. Doch schon nach kurzer Zeit waren alle fertig. So sa\u00dfen wir alle auf einem gro\u00dfen Platz. Dann sind wir wieder losgelaufen in einen Park und haben gevespert. Nachdem alle satt waren ging es auf zum Schwimmbad. Wir rutschten, schwammen, tauchten, sprangen und hatten jede mange Spa\u00df bis 16:30 Uhr. Dann mussten wir das Schwimmbad verlassen und den R\u00fcckweg einschlagen. Stambo war noch einkaufen gewesen und fingen an mit kochen. Die Hummelchen, also wir, machten Gem\u00fcsepfanne mit Reis, bei den Cham\u00e4lions gab es Chili con Carne, und die Eichh\u00f6rnchen machten Burger. Nach dem Sp\u00fclen haben David und Silas eine Abendrunde zum Thema Vertrauen gemacht. Wir haben gepsielt und gesungen. Dann hat K\u00f6nig Marcel uns noch einen k\u00f6niglichen Drink spendiert und ihm wurde schlie\u00dflich die Krone genommen. Dann sind alle nach einem m\u00fcden &#8222;Gute Nacht, Kameraden&#8220; ins Bett gegangen.<\/p>\n<p style=\"margin: 0in; font-family: Calibri; font-size: 11.0pt;\">\n<p style=\"margin: 0in; font-family: Calibri; font-size: 11.0pt;\">Wetter:<\/p>\n<p style=\"margin: 0in; font-family: Calibri; font-size: 11.0pt;\">\n<p style=\"margin: 0in; font-family: Calibri; font-size: 11.0pt;\">Es war morgens ziemlich Bew\u00f6lkt und hat etwas genieselt, mittags ist es aufgeklart und abends war es dann noch etwas bew\u00f6lkt. Die Temperatur war am h\u00f6chsten mittag mit ca. 25\u00b0C<\/p>\n<p style=\"margin: 0in; font-family: Calibri; font-size: 11.0pt;\">\n<p style=\"margin: 0in; font-family: Calibri; font-size: 11.0pt;\">\n<p style=\"margin: 0in; font-family: Calibri; font-size: 11.0pt;\">Caro und Jakob<\/p>\n<p style=\"margin: 0in; font-family: Calibri; font-size: 11.0pt;\">\n<\/div>\n<\/div>\n<\/div>\n","protected":false},"excerpt":{"rendered":"<p>Heute sind wir um 7:45 aufgestanden. Marcel ist mit Maximilian, Emma und Caro ins kalte Wasser im Flu\u00df baden gegangen. Nachdem diese patsch Nass zur\u00fcckgekommen waren, haben wir M\u00fcsli und Brot mit Kaba und Tee verspeist. W\u00e4hrend die Hummelchen gesp\u00fclt haben, haben die anderen Sippen schon mal ihre Sachen f\u00fcrs Schwimmbad gepackt. Als Felix und&hellip;&nbsp;<a href=\"https:\/\/pfadfinder-kuppenheim.de\/?p=3131\" class=\"\" rel=\"bookmark\">Weiterlesen &raquo;<span class=\"screen-reader-text\">Tag 5 &#8211; Mi 03.08.2016<\/span><\/a><\/p>\n","protected":false},"author":2,"featured_media":0,"comment_status":"closed","ping_status":"closed","sticky":false,"template":"","format":"standard","meta":{"neve_meta_sidebar":"","neve_meta_container":"","neve_meta_enable_content_width":"","neve_meta_content_width":0,"neve_meta_title_alignment":"","neve_meta_author_avatar":"","neve_post_elements_order":"","neve_meta_disable_header":"","neve_meta_disable_footer":"","neve_meta_disable_title":"","jetpack_post_was_ever_published":false,"_jetpack_newsletter_access":"","_jetpack_dont_email_post_to_subs":false,"_jetpack_newsletter_tier_id":0,"_jetpack_memberships_contains_paywalled_content":false,"_jetpack_memberships_contains_paid_content":false,"footnotes":"","jetpack_publicize_message":"","jetpack_publicize_feature_enabled":true,"jetpack_social_post_already_shared":true,"jetpack_social_options":{"image_generator_settings":{"template":"highway","default_image_id":0,"font":"","enabled":false},"version":2}},"categories":[12],"tags":[],"class_list":["post-3131","post","type-post","status-publish","format-standard","hentry","category-jupfis_sola_tagebuch"],"jetpack_publicize_connections":[],"jetpack_featured_media_url":"","jetpack_sharing_enabled":true,"jetpack_shortlink":"https:\/\/wp.me\/p3G0PZ-Ov","_links":{"self":[{"href":"https:\/\/pfadfinder-kuppenheim.de\/index.php?rest_route=\/wp\/v2\/posts\/3131","targetHints":{"allow":["GET"]}}],"collection":[{"href":"https:\/\/pfadfinder-kuppenheim.de\/index.php?rest_route=\/wp\/v2\/posts"}],"about":[{"href":"https:\/\/pfadfinder-kuppenheim.de\/index.php?rest_route=\/wp\/v2\/types\/post"}],"author":[{"embeddable":true,"href":"https:\/\/pfadfinder-kuppenheim.de\/index.php?rest_route=\/wp\/v2\/users\/2"}],"replies":[{"embeddable":true,"href":"https:\/\/pfadfinder-kuppenheim.de\/index.php?rest_route=%2Fwp%2Fv2%2Fcomments&post=3131"}],"version-history":[{"count":1,"href":"https:\/\/pfadfinder-kuppenheim.de\/index.php?rest_route=\/wp\/v2\/posts\/3131\/revisions"}],"predecessor-version":[{"id":3132,"href":"https:\/\/pfadfinder-kuppenheim.de\/index.php?rest_route=\/wp\/v2\/posts\/3131\/revisions\/3132"}],"wp:attachment":[{"href":"https:\/\/pfadfinder-kuppenheim.de\/index.php?rest_route=%2Fwp%2Fv2%2Fmedia&parent=3131"}],"wp:term":[{"taxonomy":"category","embeddable":true,"href":"https:\/\/pfadfinder-kuppenheim.de\/index.php?rest_route=%2Fwp%2Fv2%2Fcategories&post=3131"},{"taxonomy":"post_tag","embeddable":true,"href":"https:\/\/pfadfinder-kuppenheim.de\/index.php?rest_route=%2Fwp%2Fv2%2Ftags&post=3131"}],"curies":[{"name":"wp","href":"https:\/\/api.w.org\/{rel}","templated":true}]}}