{"id":3127,"date":"2016-08-01T00:00:56","date_gmt":"2016-07-31T22:00:56","guid":{"rendered":"http:\/\/blog.pfadfinder-kuppenheim.de\/?p=3127"},"modified":"2017-10-27T13:40:03","modified_gmt":"2017-10-27T11:40:03","slug":"tag-3-mo-01-08-2016","status":"publish","type":"post","link":"https:\/\/pfadfinder-kuppenheim.de\/?p=3127","title":{"rendered":"Tag 3 &#8211; Mo. 01.08.2016"},"content":{"rendered":"<div style=\"direction: ltr; border-width: 100%;\">\n<div style=\"direction: ltr; margin-top: 0in; margin-left: 0in; width: 6.6333in;\">\n<div style=\"direction: ltr; margin-top: 0in; margin-left: 0in; width: 6.6333in;\">\n<p style=\"margin: 0in; font-family: 'Calibri Light'; font-size: 12.0pt;\">Heute Nacht hat es mega Gewitter gegeben. Viele sind wach geworden und am Morgen viele in einer Pf\u00fctze im Zelt aufgewacht. Dann wurde erstmal ordentlich gefr\u00fchst\u00fcckt. Es gab Schokopops und Kuchen. Dann wurde der erste K\u00f6nig bestimmt = David. Es wurden die Regeln mit dem K\u00f6nig erkl\u00e4rt. Anschlie\u00dfend haben alle das Essen bekommen, die Flaschen wurden gef\u00fcllt und jeder Rucksack war schon bald gepackt. Auch Wanderkarten und Aufgabenhefte waren bald schon verteilt. Dann ging es los. Unsere Sippe &#8211; die Hummelchen &#8211; haben nach langen Verhandlungen endlich den richtigen weg genommen. Nicht einer halben Stunde haben wir die erste Station schon erreicht und leider mussten wir feststellen, dass wir unser Heft vergessen hatten. Also den ganzen Weg wieder zur\u00fcck gehen, das Aufgabenheft holen und den Weg wieder neu starten. Danach fanden wir die n\u00e4chsten Stationen recht schnell und waren um 13:30 Uhr am Vespern. Nat\u00fcrlich gab es auch Erdnussbutter. Die letzte Aufgaben erledigten wir recht schnell, nur zwei konnten wir nicht erledigen. Dann wie uns ein Opa mitgeteilt hatte, war das eine Infoschild schon abgebaut worden und niemand wei\u00df wer unter dem einen Grabstein liegt. Aber dann haben wir noch einen Pfarrer getroffen, der uns die restlichen Fragen beantwortet hat und uns sogar noch Eis und Schokoriegel angeboten hat. Dann gingen wir z\u00fcgig zur\u00fcck. Mit vom Rucksack schmerzenden R\u00fccken und wehtuenden F\u00fc\u00dfen sind wir dann endlich angekommen. Dann haben wir gemeinsam Federball gespielt. Abends gab es bei uns Tortellini mit Sahneso\u00dfe und f\u00fcr alle nicht -Vegetarier Speckw\u00fcrfel. Dann haben Emma und Caro noch eine echt gute Abendrunde gemacht und alle haben von ihrer Streife erz\u00e4hlt. Dann sind alle nach einer kurzen Liederrunde ins Bett.<\/p>\n<p style=\"margin: 0in; font-family: 'Calibri Light'; font-size: 12.0pt;\">\n<p style=\"margin: 0in; font-family: 'Calibri Light'; font-size: 12.0pt;\">Wetterbericht. Heute gab es Wetter aber kein Bericht dazu.<\/p>\n<p style=\"margin: 0in; font-family: 'Calibri Light'; font-size: 12.0pt;\">\n<p style=\"margin: 0in; font-family: 'Calibri Light'; font-size: 12.0pt;\">\n<p style=\"margin: 0in; font-family: 'Calibri Light'; font-size: 12.0pt;\">\n<p style=\"margin: 0in; font-family: 'Calibri Light'; font-size: 12.0pt;\">Juri und Jakob<\/p>\n<p style=\"margin: 0in; font-family: 'Calibri Light'; font-size: 12.0pt;\">\n<\/div>\n<\/div>\n<\/div>\n","protected":false},"excerpt":{"rendered":"<p>Heute Nacht hat es mega Gewitter gegeben. Viele sind wach geworden und am Morgen viele in einer Pf\u00fctze im Zelt aufgewacht. Dann wurde erstmal ordentlich gefr\u00fchst\u00fcckt. Es gab Schokopops und Kuchen. Dann wurde der erste K\u00f6nig bestimmt = David. Es wurden die Regeln mit dem K\u00f6nig erkl\u00e4rt. Anschlie\u00dfend haben alle das Essen bekommen, die Flaschen&hellip;&nbsp;<a href=\"https:\/\/pfadfinder-kuppenheim.de\/?p=3127\" class=\"\" rel=\"bookmark\">Weiterlesen &raquo;<span class=\"screen-reader-text\">Tag 3 &#8211; Mo. 01.08.2016<\/span><\/a><\/p>\n","protected":false},"author":2,"featured_media":0,"comment_status":"closed","ping_status":"closed","sticky":false,"template":"","format":"standard","meta":{"neve_meta_sidebar":"","neve_meta_container":"","neve_meta_enable_content_width":"","neve_meta_content_width":0,"neve_meta_title_alignment":"","neve_meta_author_avatar":"","neve_post_elements_order":"","neve_meta_disable_header":"","neve_meta_disable_footer":"","neve_meta_disable_title":"","jetpack_post_was_ever_published":false,"_jetpack_newsletter_access":"","_jetpack_dont_email_post_to_subs":false,"_jetpack_newsletter_tier_id":0,"_jetpack_memberships_contains_paywalled_content":false,"_jetpack_memberships_contains_paid_content":false,"footnotes":"","jetpack_publicize_message":"","jetpack_publicize_feature_enabled":true,"jetpack_social_post_already_shared":true,"jetpack_social_options":{"image_generator_settings":{"template":"highway","default_image_id":0,"font":"","enabled":false},"version":2}},"categories":[12],"tags":[],"class_list":["post-3127","post","type-post","status-publish","format-standard","hentry","category-jupfis_sola_tagebuch"],"jetpack_publicize_connections":[],"jetpack_featured_media_url":"","jetpack_sharing_enabled":true,"jetpack_shortlink":"https:\/\/wp.me\/p3G0PZ-Or","_links":{"self":[{"href":"https:\/\/pfadfinder-kuppenheim.de\/index.php?rest_route=\/wp\/v2\/posts\/3127","targetHints":{"allow":["GET"]}}],"collection":[{"href":"https:\/\/pfadfinder-kuppenheim.de\/index.php?rest_route=\/wp\/v2\/posts"}],"about":[{"href":"https:\/\/pfadfinder-kuppenheim.de\/index.php?rest_route=\/wp\/v2\/types\/post"}],"author":[{"embeddable":true,"href":"https:\/\/pfadfinder-kuppenheim.de\/index.php?rest_route=\/wp\/v2\/users\/2"}],"replies":[{"embeddable":true,"href":"https:\/\/pfadfinder-kuppenheim.de\/index.php?rest_route=%2Fwp%2Fv2%2Fcomments&post=3127"}],"version-history":[{"count":1,"href":"https:\/\/pfadfinder-kuppenheim.de\/index.php?rest_route=\/wp\/v2\/posts\/3127\/revisions"}],"predecessor-version":[{"id":3128,"href":"https:\/\/pfadfinder-kuppenheim.de\/index.php?rest_route=\/wp\/v2\/posts\/3127\/revisions\/3128"}],"wp:attachment":[{"href":"https:\/\/pfadfinder-kuppenheim.de\/index.php?rest_route=%2Fwp%2Fv2%2Fmedia&parent=3127"}],"wp:term":[{"taxonomy":"category","embeddable":true,"href":"https:\/\/pfadfinder-kuppenheim.de\/index.php?rest_route=%2Fwp%2Fv2%2Fcategories&post=3127"},{"taxonomy":"post_tag","embeddable":true,"href":"https:\/\/pfadfinder-kuppenheim.de\/index.php?rest_route=%2Fwp%2Fv2%2Ftags&post=3127"}],"curies":[{"name":"wp","href":"https:\/\/api.w.org\/{rel}","templated":true}]}}