{"id":276,"date":"2013-08-07T01:43:45","date_gmt":"2013-08-06T23:43:45","guid":{"rendered":"http:\/\/blog.pfadfinder-kuppenheim.de\/?p=276"},"modified":"2017-10-27T13:40:12","modified_gmt":"2017-10-27T11:40:12","slug":"tag-6","status":"publish","type":"post","link":"https:\/\/pfadfinder-kuppenheim.de\/?p=276","title":{"rendered":"Tag 6"},"content":{"rendered":"<p>Der Tag startete ganz gut mit der Lagerolympiade. Bei verschiedenen Disziplinen konnten die Kinder ihr K\u00f6nnen unter Beweis stellen.<br \/>\nZu Mittag erreichte uns die Nachricht, dass sich von Frankreich ein Unwetter n\u00e4hert und die Leitung des Lagers beschloss gegen 15.30 Uhr den Platz zu evakuieren. Zum Gl\u00fcck blieben wir verschont und so konnten wir gegen 18.00 Uhr zur\u00fcck zu unseren Zelten.<br \/>\nAls dann gegen 19.15 Uhr der Fliegeralarm erneut ert\u00f6nte, machten wir uns auf den bereits bekannten Weg zu den Fahrzeughallen der Bundeswehr. Die Wettervorhersage k\u00fcndigte orkanartigen Sturm mit Hagel an. Zum Gl\u00fcck blieb beides aus. Als gegen 22.00 Uhr die Option bestand, entweder in Schulen und Turnhallen umquartiert zu werden oder zur\u00fcck auf den Platz zu gehen, entschieden wir uns die sowieso schon schlafenden Kinder noch mit weiteren Schlafs\u00e4cken und Isomatten zu versorgen und in der Fahrzeughalle zu \u00fcbernachten.<br \/>\nDie Evakuierungen sind zwar l\u00e4stig aber auch wichtig und so geht es uns allen gut die Kinder schlafen mittlerweile alle tief und fest.<\/p>\n<p><a href=\"https:\/\/i0.wp.com\/blog.pfadfinder-kuppenheim.de\/wp-content\/uploads\/2013\/08\/wpid-IMG_34024.jpg\"><img data-recalc-dims=\"1\" decoding=\"async\" title=\"IMG_3402.JPG\" class=\"alignnone size-full\" alt=\"image\" src=\"https:\/\/i0.wp.com\/blog.pfadfinder-kuppenheim.de\/wp-content\/uploads\/2013\/08\/wpid-IMG_34024.jpg?w=1200\" \/><\/a><\/p>\n<p><a href=\"https:\/\/i0.wp.com\/blog.pfadfinder-kuppenheim.de\/wp-content\/uploads\/2013\/08\/wpid-IMG_34265.jpg\"><img data-recalc-dims=\"1\" decoding=\"async\" title=\"IMG_3426.JPG\" class=\"alignnone size-full\" alt=\"image\" src=\"https:\/\/i0.wp.com\/blog.pfadfinder-kuppenheim.de\/wp-content\/uploads\/2013\/08\/wpid-IMG_34265.jpg?w=1200\" \/><\/a><\/p>\n<p><a href=\"https:\/\/i0.wp.com\/blog.pfadfinder-kuppenheim.de\/wp-content\/uploads\/2013\/08\/wpid-IMG_34134.jpg\"><img data-recalc-dims=\"1\" decoding=\"async\" title=\"IMG_3413.JPG\" class=\"alignnone size-full\" alt=\"image\" src=\"https:\/\/i0.wp.com\/blog.pfadfinder-kuppenheim.de\/wp-content\/uploads\/2013\/08\/wpid-IMG_34134.jpg?w=1200\" \/><\/a><\/p>\n<p><a href=\"https:\/\/i0.wp.com\/blog.pfadfinder-kuppenheim.de\/wp-content\/uploads\/2013\/08\/wpid-IMG_20130807_0105374.jpg\"><img data-recalc-dims=\"1\" decoding=\"async\" title=\"IMG_20130807_010537.JPG\" class=\"alignnone size-full\" alt=\"image\" src=\"https:\/\/i0.wp.com\/blog.pfadfinder-kuppenheim.de\/wp-content\/uploads\/2013\/08\/wpid-IMG_20130807_0105374.jpg?w=1200\" \/><\/a><\/p>\n","protected":false},"excerpt":{"rendered":"<p>Der Tag startete ganz gut mit der Lagerolympiade. Bei verschiedenen Disziplinen konnten die Kinder ihr K\u00f6nnen unter Beweis stellen. Zu Mittag erreichte uns die Nachricht, dass sich von Frankreich ein Unwetter n\u00e4hert und die Leitung des Lagers beschloss gegen 15.30 Uhr den Platz zu evakuieren. Zum Gl\u00fcck blieben wir verschont und so konnten wir gegen&hellip;&nbsp;<a href=\"https:\/\/pfadfinder-kuppenheim.de\/?p=276\" class=\"\" rel=\"bookmark\">Weiterlesen &raquo;<span class=\"screen-reader-text\">Tag 6<\/span><\/a><\/p>\n","protected":false},"author":4,"featured_media":0,"comment_status":"closed","ping_status":"closed","sticky":false,"template":"","format":"standard","meta":{"neve_meta_sidebar":"","neve_meta_container":"","neve_meta_enable_content_width":"","neve_meta_content_width":0,"neve_meta_title_alignment":"","neve_meta_author_avatar":"","neve_post_elements_order":"","neve_meta_disable_header":"","neve_meta_disable_footer":"","neve_meta_disable_title":"","jetpack_post_was_ever_published":false,"_jetpack_newsletter_access":"","_jetpack_dont_email_post_to_subs":false,"_jetpack_newsletter_tier_id":0,"_jetpack_memberships_contains_paywalled_content":false,"_jetpack_memberships_contains_paid_content":false,"footnotes":"","jetpack_publicize_message":"","jetpack_publicize_feature_enabled":true,"jetpack_social_post_already_shared":true,"jetpack_social_options":{"image_generator_settings":{"template":"highway","default_image_id":0,"font":"","enabled":false},"version":2}},"categories":[10],"tags":[],"class_list":["post-276","post","type-post","status-publish","format-standard","hentry","category-scoutside"],"jetpack_publicize_connections":[],"jetpack_featured_media_url":"","jetpack_sharing_enabled":true,"jetpack_shortlink":"https:\/\/wp.me\/p3G0PZ-4s","_links":{"self":[{"href":"https:\/\/pfadfinder-kuppenheim.de\/index.php?rest_route=\/wp\/v2\/posts\/276","targetHints":{"allow":["GET"]}}],"collection":[{"href":"https:\/\/pfadfinder-kuppenheim.de\/index.php?rest_route=\/wp\/v2\/posts"}],"about":[{"href":"https:\/\/pfadfinder-kuppenheim.de\/index.php?rest_route=\/wp\/v2\/types\/post"}],"author":[{"embeddable":true,"href":"https:\/\/pfadfinder-kuppenheim.de\/index.php?rest_route=\/wp\/v2\/users\/4"}],"replies":[{"embeddable":true,"href":"https:\/\/pfadfinder-kuppenheim.de\/index.php?rest_route=%2Fwp%2Fv2%2Fcomments&post=276"}],"version-history":[{"count":1,"href":"https:\/\/pfadfinder-kuppenheim.de\/index.php?rest_route=\/wp\/v2\/posts\/276\/revisions"}],"predecessor-version":[{"id":343,"href":"https:\/\/pfadfinder-kuppenheim.de\/index.php?rest_route=\/wp\/v2\/posts\/276\/revisions\/343"}],"wp:attachment":[{"href":"https:\/\/pfadfinder-kuppenheim.de\/index.php?rest_route=%2Fwp%2Fv2%2Fmedia&parent=276"}],"wp:term":[{"taxonomy":"category","embeddable":true,"href":"https:\/\/pfadfinder-kuppenheim.de\/index.php?rest_route=%2Fwp%2Fv2%2Fcategories&post=276"},{"taxonomy":"post_tag","embeddable":true,"href":"https:\/\/pfadfinder-kuppenheim.de\/index.php?rest_route=%2Fwp%2Fv2%2Ftags&post=276"}],"curies":[{"name":"wp","href":"https:\/\/api.w.org\/{rel}","templated":true}]}}