{"id":2616,"date":"2016-08-04T11:14:04","date_gmt":"2016-08-04T09:14:04","guid":{"rendered":"http:\/\/blog.pfadfinder-kuppenheim.de\/?p=2616"},"modified":"2017-10-27T13:40:02","modified_gmt":"2017-10-27T11:40:02","slug":"die-eichhoernchen-auf-hajk","status":"publish","type":"post","link":"https:\/\/pfadfinder-kuppenheim.de\/?p=2616","title":{"rendered":"Die Eichh\u00f6rnchen auf Hajk&#8230;"},"content":{"rendered":"<p>&#8230;Mit Hajk-Reporter Felix (Schmitt)<\/p>\n<p><img decoding=\"async\" src=\"http:\/\/i0.wp.com\/blog.pfadfinder-kuppenheim.de\/wp-content\/uploads\/2016\/08\/wp-image-1917411671jpg.jpg?w=792\" class=\"wp-image-2620 alignnone size-full\"><\/p>\n<p>&#8230;Und der Hajk 2016 geht los<\/p>\n<p><a href=\"https:\/\/i0.wp.com\/blog.pfadfinder-kuppenheim.de\/wp-content\/uploads\/2016\/08\/wp-image-2065793208jpg.jpg\"><img data-recalc-dims=\"1\" loading=\"lazy\" decoding=\"async\" src=\"https:\/\/i0.wp.com\/blog.pfadfinder-kuppenheim.de\/wp-content\/uploads\/2016\/08\/wp-image-2065793208jpg.jpg?resize=1200%2C675\" alt=\"\" class=\"wp-image-2647 alignnone size-full\" width=\"1200\" height=\"675\"><\/a><\/p>\n<p>Kurze Verschnaufpause am Wasser und dann geht es aber schon weiter.<\/p>\n<p><a href=\"https:\/\/i0.wp.com\/blog.pfadfinder-kuppenheim.de\/wp-content\/uploads\/2016\/08\/wp-image-1898089938jpg.jpg\"><img data-recalc-dims=\"1\" loading=\"lazy\" decoding=\"async\" src=\"https:\/\/i0.wp.com\/blog.pfadfinder-kuppenheim.de\/wp-content\/uploads\/2016\/08\/wp-image-1898089938jpg.jpg?resize=1200%2C675\" alt=\"\" class=\"wp-image-2655 alignnone size-full\" width=\"1200\" height=\"675\"><\/a><\/p>\n<p>Erfolgreich gest\u00e4rkt und versorgt geht es auch schon weiter&#8230;<\/p>\n<p><a href=\"https:\/\/i0.wp.com\/blog.pfadfinder-kuppenheim.de\/wp-content\/uploads\/2016\/08\/wp-image-581579464jpg.jpg\"><img data-recalc-dims=\"1\" loading=\"lazy\" decoding=\"async\" src=\"https:\/\/i0.wp.com\/blog.pfadfinder-kuppenheim.de\/wp-content\/uploads\/2016\/08\/wp-image-581579464jpg.jpg?resize=1152%2C2048\" alt=\"\" class=\"wp-image-2656 alignnone size-full\" width=\"1152\" height=\"2048\"><\/a><\/p>\n<p>&#8230;aber nicht ohne nach dem weg zu fragen.<\/p>\n<p><a href=\"https:\/\/i0.wp.com\/blog.pfadfinder-kuppenheim.de\/wp-content\/uploads\/2016\/08\/wp-image-1566167313jpg.jpg\"><img data-recalc-dims=\"1\" loading=\"lazy\" decoding=\"async\" src=\"https:\/\/i0.wp.com\/blog.pfadfinder-kuppenheim.de\/wp-content\/uploads\/2016\/08\/wp-image-1566167313jpg.jpg?resize=1200%2C1600\" alt=\"\" class=\"wp-image-2674 alignnone size-full\" width=\"1200\" height=\"1600\"><\/a><\/p>\n<p><a href=\"https:\/\/i0.wp.com\/blog.pfadfinder-kuppenheim.de\/wp-content\/uploads\/2016\/08\/wp-image-859334199jpg.jpg\"><img data-recalc-dims=\"1\" loading=\"lazy\" decoding=\"async\" src=\"https:\/\/i0.wp.com\/blog.pfadfinder-kuppenheim.de\/wp-content\/uploads\/2016\/08\/wp-image-859334199jpg.jpg?resize=1200%2C675\" alt=\"\" class=\"wp-image-2680 alignnone size-full\" width=\"1200\" height=\"675\"><\/a><\/p>\n<p>Letzte Etappe geschafft und die Kinder haben einen Schlafplatz in einem,momentan, unbewohnten H\u00fchnerstall gefunden. Jetzt machen sie ihre Schlafst\u00e4tte fertig, dann wird gekocht und zeitig ins Bett gegangenen, denn morgen geht es fr\u00fch weiter.<\/p>\n<p><a href=\"https:\/\/i0.wp.com\/blog.pfadfinder-kuppenheim.de\/wp-content\/uploads\/2016\/08\/wp-image-267775557jpg.jpg\"><img data-recalc-dims=\"1\" loading=\"lazy\" decoding=\"async\" src=\"https:\/\/i0.wp.com\/blog.pfadfinder-kuppenheim.de\/wp-content\/uploads\/2016\/08\/wp-image-267775557jpg.jpg?resize=1200%2C675\" alt=\"\" class=\"wp-image-2710 alignnone size-full\" width=\"1200\" height=\"675\"><\/a><\/p>\n<p><a href=\"https:\/\/i0.wp.com\/blog.pfadfinder-kuppenheim.de\/wp-content\/uploads\/2016\/08\/wp-1470329747011.jpg\"><img data-recalc-dims=\"1\" loading=\"lazy\" decoding=\"async\" src=\"https:\/\/i0.wp.com\/blog.pfadfinder-kuppenheim.de\/wp-content\/uploads\/2016\/08\/wp-1470329747011.jpg?resize=327%2C52\" alt=\"\" class=\"wp-image-2711 alignnone size-full\" width=\"327\" height=\"52\" srcset=\"https:\/\/i0.wp.com\/pfadfinder-kuppenheim.de\/wp-content\/uploads\/2016\/08\/wp-1470329747011.jpg?w=327&amp;ssl=1 327w, https:\/\/i0.wp.com\/pfadfinder-kuppenheim.de\/wp-content\/uploads\/2016\/08\/wp-1470329747011.jpg?resize=300%2C48&amp;ssl=1 300w\" sizes=\"auto, (max-width: 327px) 100vw, 327px\" \/><\/a><\/p>\n<p><a href=\"https:\/\/i0.wp.com\/blog.pfadfinder-kuppenheim.de\/wp-content\/uploads\/2016\/08\/wp-image-420079122jpg.jpg\"><img data-recalc-dims=\"1\" loading=\"lazy\" decoding=\"async\" src=\"https:\/\/i0.wp.com\/blog.pfadfinder-kuppenheim.de\/wp-content\/uploads\/2016\/08\/wp-image-420079122jpg.jpg?resize=1200%2C675\" alt=\"\" class=\"wp-image-2713 alignnone size-full\" width=\"1200\" height=\"675\"><\/a><\/p>\n<p><a href=\"https:\/\/i0.wp.com\/blog.pfadfinder-kuppenheim.de\/wp-content\/uploads\/2016\/08\/wp-image-1003291291jpg.jpg\"><img data-recalc-dims=\"1\" loading=\"lazy\" decoding=\"async\" src=\"https:\/\/i0.wp.com\/blog.pfadfinder-kuppenheim.de\/wp-content\/uploads\/2016\/08\/wp-image-1003291291jpg.jpg?resize=1200%2C675\" alt=\"\" class=\"wp-image-2747 alignnone size-full\" width=\"1200\" height=\"675\"><\/a><a href=\"https:\/\/i0.wp.com\/blog.pfadfinder-kuppenheim.de\/wp-content\/uploads\/2016\/08\/wp-image-2025934294jpg.jpg\"><img data-recalc-dims=\"1\" loading=\"lazy\" decoding=\"async\" src=\"https:\/\/i0.wp.com\/blog.pfadfinder-kuppenheim.de\/wp-content\/uploads\/2016\/08\/wp-image-2025934294jpg.jpg?resize=1152%2C2048\" alt=\"\" class=\"wp-image-2745 alignnone size-full\" width=\"1152\" height=\"2048\"><\/a><\/p>\n<p><a href=\"https:\/\/i0.wp.com\/blog.pfadfinder-kuppenheim.de\/wp-content\/uploads\/2016\/08\/wp-1470379126791.jpg\"><img data-recalc-dims=\"1\" loading=\"lazy\" decoding=\"async\" src=\"https:\/\/i0.wp.com\/blog.pfadfinder-kuppenheim.de\/wp-content\/uploads\/2016\/08\/wp-1470379126791.jpg?resize=658%2C211\" alt=\"\" class=\"wp-image-2744 alignnone size-full\" width=\"658\" height=\"211\" srcset=\"https:\/\/i0.wp.com\/pfadfinder-kuppenheim.de\/wp-content\/uploads\/2016\/08\/wp-1470379126791.jpg?w=658&amp;ssl=1 658w, https:\/\/i0.wp.com\/pfadfinder-kuppenheim.de\/wp-content\/uploads\/2016\/08\/wp-1470379126791.jpg?resize=300%2C96&amp;ssl=1 300w\" sizes=\"auto, (max-width: 658px) 100vw, 658px\" \/><\/a><\/p>\n<p>Die Jupfis haben &nbsp;neue Freunde gefunden.<\/p>\n<p><a href=\"https:\/\/i0.wp.com\/blog.pfadfinder-kuppenheim.de\/wp-content\/uploads\/2016\/08\/wp-image-1005852576jpg.jpg\"><img data-recalc-dims=\"1\" loading=\"lazy\" decoding=\"async\" src=\"https:\/\/i0.wp.com\/blog.pfadfinder-kuppenheim.de\/wp-content\/uploads\/2016\/08\/wp-image-1005852576jpg.jpg?resize=1200%2C675\" alt=\"\" class=\"wp-image-2749 alignnone size-full\" width=\"1200\" height=\"675\"><\/a><\/p>\n<p><a href=\"https:\/\/i0.wp.com\/blog.pfadfinder-kuppenheim.de\/wp-content\/uploads\/2016\/08\/wp-image-1661106799jpg.jpg\"><img data-recalc-dims=\"1\" loading=\"lazy\" decoding=\"async\" src=\"https:\/\/i0.wp.com\/blog.pfadfinder-kuppenheim.de\/wp-content\/uploads\/2016\/08\/wp-image-1661106799jpg.jpg?resize=1200%2C675\" alt=\"\" class=\"wp-image-2757 alignnone size-full\" width=\"1200\" height=\"675\"><\/a>Guten morgen<\/p>\n<ul>\n<li>Fr\u00fch aufstehen &nbsp; &nbsp; &nbsp; &nbsp; &nbsp;Check&nbsp;<\/li>\n<li>Packen &nbsp; &nbsp; &nbsp; &nbsp; &nbsp; &nbsp; &nbsp; &nbsp; &nbsp; &nbsp; &nbsp; &nbsp; &nbsp;Check<\/li>\n<li>Fr\u00fchst\u00fccken &nbsp; &nbsp; &nbsp; &nbsp; &nbsp; &nbsp; &nbsp; Check<\/li>\n<\/ul>\n<p>Und los geht&#8217;s&#8230;<\/p>\n<p>&#8230;aber nicht ohne einen k\u00f6nig zu kr\u00f6nen, darf ich vorstellen: K\u00f6nig Jonas der I.<\/p>\n<p><a href=\"https:\/\/i0.wp.com\/blog.pfadfinder-kuppenheim.de\/wp-content\/uploads\/2016\/08\/wp-image-8444050jpg.jpg\"><img data-recalc-dims=\"1\" loading=\"lazy\" decoding=\"async\" src=\"https:\/\/i0.wp.com\/blog.pfadfinder-kuppenheim.de\/wp-content\/uploads\/2016\/08\/wp-image-8444050jpg.jpg?resize=1152%2C2048\" alt=\"\" class=\"wp-image-2780 alignnone size-full\" width=\"1152\" height=\"2048\"><\/a><\/p>\n<p>Im folgenden sehen Sie ein interessantes Bild aus Altendorf:<\/p>\n<p><a href=\"https:\/\/i0.wp.com\/blog.pfadfinder-kuppenheim.de\/wp-content\/uploads\/2016\/08\/wp-image-544472110jpg.jpg\"><img data-recalc-dims=\"1\" loading=\"lazy\" decoding=\"async\" src=\"https:\/\/i0.wp.com\/blog.pfadfinder-kuppenheim.de\/wp-content\/uploads\/2016\/08\/wp-image-544472110jpg.jpg?resize=1200%2C675\" alt=\"\" class=\"wp-image-2778 alignnone size-full\" width=\"1200\" height=\"675\"><\/a><\/p>\n<p>Das ist das Bild welches bei der oben genannten Aufgabe aus dem Hajk gemacht wurde.<\/p>\n<p><a href=\"https:\/\/i0.wp.com\/blog.pfadfinder-kuppenheim.de\/wp-content\/uploads\/2016\/08\/wp-image-349739736jpg.jpg\"><img data-recalc-dims=\"1\" loading=\"lazy\" decoding=\"async\" src=\"https:\/\/i0.wp.com\/blog.pfadfinder-kuppenheim.de\/wp-content\/uploads\/2016\/08\/wp-image-349739736jpg.jpg?resize=1200%2C675\" alt=\"\" class=\"wp-image-2783 alignnone size-full\" width=\"1200\" height=\"675\"><\/a><\/p>\n<p>Auch Pausen m\u00fcssen mal sein.<\/p>\n<p><a href=\"https:\/\/i0.wp.com\/blog.pfadfinder-kuppenheim.de\/wp-content\/uploads\/2016\/08\/wp-image-988785826jpg.jpg\"><img data-recalc-dims=\"1\" loading=\"lazy\" decoding=\"async\" src=\"https:\/\/i0.wp.com\/blog.pfadfinder-kuppenheim.de\/wp-content\/uploads\/2016\/08\/wp-image-988785826jpg.jpg?resize=1200%2C675\" alt=\"\" class=\"wp-image-2790 alignnone size-full\" width=\"1200\" height=\"675\"><\/a><\/p>\n<p>Durch flei\u00df ein Eis&nbsp;<\/p>\n<p><a href=\"https:\/\/i0.wp.com\/blog.pfadfinder-kuppenheim.de\/wp-content\/uploads\/2016\/08\/wp-image-819150584jpg.jpg\"><img data-recalc-dims=\"1\" loading=\"lazy\" decoding=\"async\" src=\"https:\/\/i0.wp.com\/blog.pfadfinder-kuppenheim.de\/wp-content\/uploads\/2016\/08\/wp-image-819150584jpg.jpg?resize=1200%2C675\" alt=\"\" class=\"wp-image-2793 alignnone size-full\" width=\"1200\" height=\"675\"><\/a><\/p>\n<p><a href=\"https:\/\/i0.wp.com\/blog.pfadfinder-kuppenheim.de\/wp-content\/uploads\/2016\/08\/wp-image-1737048896jpg.jpg\"><img data-recalc-dims=\"1\" loading=\"lazy\" decoding=\"async\" src=\"https:\/\/i0.wp.com\/blog.pfadfinder-kuppenheim.de\/wp-content\/uploads\/2016\/08\/wp-image-1737048896jpg.jpg?resize=1152%2C2048\" alt=\"\" class=\"wp-image-2794 alignnone size-full\" width=\"1152\" height=\"2048\"><\/a><\/p>\n<p><a href=\"https:\/\/i0.wp.com\/blog.pfadfinder-kuppenheim.de\/wp-content\/uploads\/2016\/08\/wp-image-2013372545jpg.jpg\"><img data-recalc-dims=\"1\" loading=\"lazy\" decoding=\"async\" src=\"https:\/\/i0.wp.com\/blog.pfadfinder-kuppenheim.de\/wp-content\/uploads\/2016\/08\/wp-image-2013372545jpg.jpg?resize=1200%2C675\" alt=\"\" class=\"wp-image-2795 alignnone size-full\" width=\"1200\" height=\"675\"><\/a><\/p>\n<p>Fast geschafft, die Zugfahrt haben sie sich verdient.&nbsp;<\/p>\n<p>Jetzt nur noch was zum Mittagessen finden und dann direkt zum Zeltplatz&nbsp;<\/p>\n","protected":false},"excerpt":{"rendered":"<p>&#8230;Mit Hajk-Reporter Felix (Schmitt) &#8230;Und der Hajk 2016 geht los Kurze Verschnaufpause am Wasser und dann geht es aber schon weiter. Erfolgreich gest\u00e4rkt und versorgt geht es auch schon weiter&#8230; &#8230;aber nicht ohne nach dem weg zu fragen. Letzte Etappe geschafft und die Kinder haben einen Schlafplatz in einem,momentan, unbewohnten H\u00fchnerstall gefunden. Jetzt machen sie&hellip;&nbsp;<a href=\"https:\/\/pfadfinder-kuppenheim.de\/?p=2616\" class=\"\" rel=\"bookmark\">Weiterlesen &raquo;<span class=\"screen-reader-text\">Die Eichh\u00f6rnchen auf Hajk&#8230;<\/span><\/a><\/p>\n","protected":false},"author":3,"featured_media":0,"comment_status":"closed","ping_status":"closed","sticky":false,"template":"","format":"standard","meta":{"neve_meta_sidebar":"","neve_meta_container":"","neve_meta_enable_content_width":"","neve_meta_content_width":0,"neve_meta_title_alignment":"","neve_meta_author_avatar":"","neve_post_elements_order":"","neve_meta_disable_header":"","neve_meta_disable_footer":"","neve_meta_disable_title":"","jetpack_post_was_ever_published":false,"_jetpack_newsletter_access":"","_jetpack_dont_email_post_to_subs":false,"_jetpack_newsletter_tier_id":0,"_jetpack_memberships_contains_paywalled_content":false,"_jetpack_memberships_contains_paid_content":false,"footnotes":"","jetpack_publicize_message":"","jetpack_publicize_feature_enabled":true,"jetpack_social_post_already_shared":true,"jetpack_social_options":{"image_generator_settings":{"template":"highway","default_image_id":0,"font":"","enabled":false},"version":2}},"categories":[5],"tags":[],"class_list":["post-2616","post","type-post","status-publish","format-standard","hentry","category-jupfis"],"jetpack_publicize_connections":[],"jetpack_featured_media_url":"","jetpack_sharing_enabled":true,"jetpack_shortlink":"https:\/\/wp.me\/p3G0PZ-Gc","_links":{"self":[{"href":"https:\/\/pfadfinder-kuppenheim.de\/index.php?rest_route=\/wp\/v2\/posts\/2616","targetHints":{"allow":["GET"]}}],"collection":[{"href":"https:\/\/pfadfinder-kuppenheim.de\/index.php?rest_route=\/wp\/v2\/posts"}],"about":[{"href":"https:\/\/pfadfinder-kuppenheim.de\/index.php?rest_route=\/wp\/v2\/types\/post"}],"author":[{"embeddable":true,"href":"https:\/\/pfadfinder-kuppenheim.de\/index.php?rest_route=\/wp\/v2\/users\/3"}],"replies":[{"embeddable":true,"href":"https:\/\/pfadfinder-kuppenheim.de\/index.php?rest_route=%2Fwp%2Fv2%2Fcomments&post=2616"}],"version-history":[{"count":29,"href":"https:\/\/pfadfinder-kuppenheim.de\/index.php?rest_route=\/wp\/v2\/posts\/2616\/revisions"}],"predecessor-version":[{"id":2797,"href":"https:\/\/pfadfinder-kuppenheim.de\/index.php?rest_route=\/wp\/v2\/posts\/2616\/revisions\/2797"}],"wp:attachment":[{"href":"https:\/\/pfadfinder-kuppenheim.de\/index.php?rest_route=%2Fwp%2Fv2%2Fmedia&parent=2616"}],"wp:term":[{"taxonomy":"category","embeddable":true,"href":"https:\/\/pfadfinder-kuppenheim.de\/index.php?rest_route=%2Fwp%2Fv2%2Fcategories&post=2616"},{"taxonomy":"post_tag","embeddable":true,"href":"https:\/\/pfadfinder-kuppenheim.de\/index.php?rest_route=%2Fwp%2Fv2%2Ftags&post=2616"}],"curies":[{"name":"wp","href":"https:\/\/api.w.org\/{rel}","templated":true}]}}