{"id":249,"date":"2013-08-06T00:25:54","date_gmt":"2013-08-05T22:25:54","guid":{"rendered":"http:\/\/blog.pfadfinder-kuppenheim.de\/?p=249"},"modified":"2017-10-27T13:40:12","modified_gmt":"2017-10-27T11:40:12","slug":"tag-5","status":"publish","type":"post","link":"https:\/\/pfadfinder-kuppenheim.de\/?p=249","title":{"rendered":"Tag 5"},"content":{"rendered":"<p>Alles Gute Max!<br \/>\nHeute morgen haben wir begonnen die letzten nassen Sachen in die Sonne zu legen und unsere Zelte aufzur\u00e4umen. Da heute auch schon wieder diverse Projekte ihre Tore ge\u00f6ffnet hatten, haben wir unseren Gruppenkindern Zeit gegeben an diesen teilzunehmen. Einige bauten sich eine H\u00e4ngematte oder bastelten etwas mit Speckstein. Auch wir haben heute wieder eins unserer Projekte angeboten. Planenrutschen auf einer 4 x 25 Meter langen Folie hatte allen Teilnehmern sehr viel Spa\u00df gemacht. Am Abend feierten einzelne Stufen ihre Versprechensfeier.<\/p>\n<p><a href=\"https:\/\/i0.wp.com\/blog.pfadfinder-kuppenheim.de\/wp-content\/uploads\/2013\/08\/20130806-002045.jpg\"><img data-recalc-dims=\"1\" decoding=\"async\" src=\"https:\/\/i0.wp.com\/blog.pfadfinder-kuppenheim.de\/wp-content\/uploads\/2013\/08\/20130806-002045.jpg?w=1200\" alt=\"20130806-002045.jpg\" class=\"alignnone size-full\" \/><\/a><\/p>\n<p><a href=\"https:\/\/i0.wp.com\/blog.pfadfinder-kuppenheim.de\/wp-content\/uploads\/2013\/08\/20130806-002051.jpg\"><img data-recalc-dims=\"1\" decoding=\"async\" src=\"https:\/\/i0.wp.com\/blog.pfadfinder-kuppenheim.de\/wp-content\/uploads\/2013\/08\/20130806-002051.jpg?w=1200\" alt=\"20130806-002051.jpg\" class=\"alignnone size-full\" \/><\/a><\/p>\n<p><a href=\"https:\/\/i0.wp.com\/blog.pfadfinder-kuppenheim.de\/wp-content\/uploads\/2013\/08\/20130806-002112.jpg\"><img data-recalc-dims=\"1\" decoding=\"async\" src=\"https:\/\/i0.wp.com\/blog.pfadfinder-kuppenheim.de\/wp-content\/uploads\/2013\/08\/20130806-002112.jpg?w=1200\" alt=\"20130806-002112.jpg\" class=\"alignnone size-full\" \/><\/a><\/p>\n<p><a href=\"https:\/\/i0.wp.com\/blog.pfadfinder-kuppenheim.de\/wp-content\/uploads\/2013\/08\/20130806-002056.jpg\"><img data-recalc-dims=\"1\" decoding=\"async\" src=\"https:\/\/i0.wp.com\/blog.pfadfinder-kuppenheim.de\/wp-content\/uploads\/2013\/08\/20130806-002056.jpg?w=1200\" alt=\"20130806-002056.jpg\" class=\"alignnone size-full\" \/><\/a><\/p>\n<p><a href=\"https:\/\/i0.wp.com\/blog.pfadfinder-kuppenheim.de\/wp-content\/uploads\/2013\/08\/20130806-002102.jpg\"><img data-recalc-dims=\"1\" decoding=\"async\" src=\"https:\/\/i0.wp.com\/blog.pfadfinder-kuppenheim.de\/wp-content\/uploads\/2013\/08\/20130806-002102.jpg?w=1200\" alt=\"20130806-002102.jpg\" class=\"alignnone size-full\" \/><\/a><\/p>\n<p><a href=\"https:\/\/i0.wp.com\/blog.pfadfinder-kuppenheim.de\/wp-content\/uploads\/2013\/08\/20130806-002122.jpg\"><img data-recalc-dims=\"1\" decoding=\"async\" src=\"https:\/\/i0.wp.com\/blog.pfadfinder-kuppenheim.de\/wp-content\/uploads\/2013\/08\/20130806-002122.jpg?w=1200\" alt=\"20130806-002122.jpg\" class=\"alignnone size-full\" \/><\/a><\/p>\n","protected":false},"excerpt":{"rendered":"<p>Alles Gute Max! Heute morgen haben wir begonnen die letzten nassen Sachen in die Sonne zu legen und unsere Zelte aufzur\u00e4umen. Da heute auch schon wieder diverse Projekte ihre Tore ge\u00f6ffnet hatten, haben wir unseren Gruppenkindern Zeit gegeben an diesen teilzunehmen. Einige bauten sich eine H\u00e4ngematte oder bastelten etwas mit Speckstein. Auch wir haben heute&hellip;&nbsp;<a href=\"https:\/\/pfadfinder-kuppenheim.de\/?p=249\" class=\"\" rel=\"bookmark\">Weiterlesen &raquo;<span class=\"screen-reader-text\">Tag 5<\/span><\/a><\/p>\n","protected":false},"author":2,"featured_media":0,"comment_status":"closed","ping_status":"closed","sticky":false,"template":"","format":"standard","meta":{"neve_meta_sidebar":"","neve_meta_container":"","neve_meta_enable_content_width":"","neve_meta_content_width":0,"neve_meta_title_alignment":"","neve_meta_author_avatar":"","neve_post_elements_order":"","neve_meta_disable_header":"","neve_meta_disable_footer":"","neve_meta_disable_title":"","jetpack_post_was_ever_published":false,"_jetpack_newsletter_access":"","_jetpack_dont_email_post_to_subs":false,"_jetpack_newsletter_tier_id":0,"_jetpack_memberships_contains_paywalled_content":false,"_jetpack_memberships_contains_paid_content":false,"footnotes":"","jetpack_publicize_message":"","jetpack_publicize_feature_enabled":true,"jetpack_social_post_already_shared":true,"jetpack_social_options":{"image_generator_settings":{"template":"highway","default_image_id":0,"font":"","enabled":false},"version":2}},"categories":[10],"tags":[],"class_list":["post-249","post","type-post","status-publish","format-standard","hentry","category-scoutside"],"jetpack_publicize_connections":[],"jetpack_featured_media_url":"","jetpack_sharing_enabled":true,"jetpack_shortlink":"https:\/\/wp.me\/p3G0PZ-41","_links":{"self":[{"href":"https:\/\/pfadfinder-kuppenheim.de\/index.php?rest_route=\/wp\/v2\/posts\/249","targetHints":{"allow":["GET"]}}],"collection":[{"href":"https:\/\/pfadfinder-kuppenheim.de\/index.php?rest_route=\/wp\/v2\/posts"}],"about":[{"href":"https:\/\/pfadfinder-kuppenheim.de\/index.php?rest_route=\/wp\/v2\/types\/post"}],"author":[{"embeddable":true,"href":"https:\/\/pfadfinder-kuppenheim.de\/index.php?rest_route=\/wp\/v2\/users\/2"}],"replies":[{"embeddable":true,"href":"https:\/\/pfadfinder-kuppenheim.de\/index.php?rest_route=%2Fwp%2Fv2%2Fcomments&post=249"}],"version-history":[{"count":1,"href":"https:\/\/pfadfinder-kuppenheim.de\/index.php?rest_route=\/wp\/v2\/posts\/249\/revisions"}],"predecessor-version":[{"id":346,"href":"https:\/\/pfadfinder-kuppenheim.de\/index.php?rest_route=\/wp\/v2\/posts\/249\/revisions\/346"}],"wp:attachment":[{"href":"https:\/\/pfadfinder-kuppenheim.de\/index.php?rest_route=%2Fwp%2Fv2%2Fmedia&parent=249"}],"wp:term":[{"taxonomy":"category","embeddable":true,"href":"https:\/\/pfadfinder-kuppenheim.de\/index.php?rest_route=%2Fwp%2Fv2%2Fcategories&post=249"},{"taxonomy":"post_tag","embeddable":true,"href":"https:\/\/pfadfinder-kuppenheim.de\/index.php?rest_route=%2Fwp%2Fv2%2Ftags&post=249"}],"curies":[{"name":"wp","href":"https:\/\/api.w.org\/{rel}","templated":true}]}}