{"id":2460,"date":"2016-07-31T00:00:27","date_gmt":"2016-07-30T22:00:27","guid":{"rendered":"http:\/\/blog.pfadfinder-kuppenheim.de\/?p=2460"},"modified":"2017-10-27T13:40:03","modified_gmt":"2017-10-27T11:40:03","slug":"tag-2-so-31-07-2016","status":"publish","type":"post","link":"https:\/\/pfadfinder-kuppenheim.de\/?p=2460","title":{"rendered":"Tag 2 &#8211; So. 31.07.2016"},"content":{"rendered":"<div style=\"direction: ltr; border-width: 100%;\">\n<div style=\"direction: ltr; margin-top: 0in; margin-left: 0in; width: 6.4979in;\">\n<div style=\"direction: ltr; margin-top: 0in; margin-left: 0in; width: 6.4979in;\">\n<p style=\"margin: 0in; font-family: 'Calibri Light'; font-size: 12.0pt;\">Heute morgen wurden wir von unseren Gruppenleitern geweckt. Einige von uns waren allerdings schon fr\u00fcher wach, da Wasser vom Regen in die Zelte eingedrungen war. Doch bevor wir das Problem beseitigten gab es erst einmal Fr\u00fchst\u00fcck. Es gab M\u00fcsli, Tee und Kakao. Dann holten wir die nassen Sachen aus dem Zelt und legten sie zum trocknen auf die Wiese. Kaum das getan, machte sich jede Sippe daran einen Feuertisch zu bauen, dort machten wir hinterher auch Erde rein. Nach einer Pause a\u00dfen wir Brot, Leberwurst, Salami, Butte und Wurst. Am Abend gab es Spagetti und danach machten wir die Lagerer\u00f6ffnung. Dazu haben wir unser Lagerheft bekommen.<\/p>\n<p style=\"margin: 0in; font-family: 'Calibri Light'; font-size: 12.0pt;\">\n<p style=\"margin: 0in; font-family: 'Calibri Light'; font-size: 12.0pt;\">Wetterbericht:<\/p>\n<p style=\"margin: 0in; font-family: 'Calibri Light'; font-size: 12.0pt;\">Am Tag gab es kleine Regenschauer, ansonsten blieb es trocken. Die Temperaturen lagen bei 15\u00b0C bis 22\u00b0C. In der nacht blieb es dann weiterhin trocken.<\/p>\n<p style=\"margin: 0in; font-family: 'Calibri Light'; font-size: 12.0pt;\">\n<p style=\"margin: 0in; font-family: 'Calibri Light'; font-size: 12.0pt;\">\n<p style=\"margin: 0in; font-family: 'Calibri Light'; font-size: 12.0pt;\">(Helena)<\/p>\n<\/div>\n<\/div>\n<\/div>\n","protected":false},"excerpt":{"rendered":"<p>Heute morgen wurden wir von unseren Gruppenleitern geweckt. Einige von uns waren allerdings schon fr\u00fcher wach, da Wasser vom Regen in die Zelte eingedrungen war. Doch bevor wir das Problem beseitigten gab es erst einmal Fr\u00fchst\u00fcck. Es gab M\u00fcsli, Tee und Kakao. Dann holten wir die nassen Sachen aus dem Zelt und legten sie zum&hellip;&nbsp;<a href=\"https:\/\/pfadfinder-kuppenheim.de\/?p=2460\" class=\"\" rel=\"bookmark\">Weiterlesen &raquo;<span class=\"screen-reader-text\">Tag 2 &#8211; So. 31.07.2016<\/span><\/a><\/p>\n","protected":false},"author":2,"featured_media":0,"comment_status":"closed","ping_status":"closed","sticky":false,"template":"","format":"standard","meta":{"neve_meta_sidebar":"","neve_meta_container":"","neve_meta_enable_content_width":"","neve_meta_content_width":0,"neve_meta_title_alignment":"","neve_meta_author_avatar":"","neve_post_elements_order":"","neve_meta_disable_header":"","neve_meta_disable_footer":"","neve_meta_disable_title":"","jetpack_post_was_ever_published":false,"_jetpack_newsletter_access":"","_jetpack_dont_email_post_to_subs":false,"_jetpack_newsletter_tier_id":0,"_jetpack_memberships_contains_paywalled_content":false,"_jetpack_memberships_contains_paid_content":false,"footnotes":"","jetpack_publicize_message":"","jetpack_publicize_feature_enabled":true,"jetpack_social_post_already_shared":true,"jetpack_social_options":{"image_generator_settings":{"template":"highway","default_image_id":0,"font":"","enabled":false},"version":2}},"categories":[12],"tags":[],"class_list":["post-2460","post","type-post","status-publish","format-standard","hentry","category-jupfis_sola_tagebuch"],"jetpack_publicize_connections":[],"jetpack_featured_media_url":"","jetpack_sharing_enabled":true,"jetpack_shortlink":"https:\/\/wp.me\/p3G0PZ-DG","_links":{"self":[{"href":"https:\/\/pfadfinder-kuppenheim.de\/index.php?rest_route=\/wp\/v2\/posts\/2460","targetHints":{"allow":["GET"]}}],"collection":[{"href":"https:\/\/pfadfinder-kuppenheim.de\/index.php?rest_route=\/wp\/v2\/posts"}],"about":[{"href":"https:\/\/pfadfinder-kuppenheim.de\/index.php?rest_route=\/wp\/v2\/types\/post"}],"author":[{"embeddable":true,"href":"https:\/\/pfadfinder-kuppenheim.de\/index.php?rest_route=\/wp\/v2\/users\/2"}],"replies":[{"embeddable":true,"href":"https:\/\/pfadfinder-kuppenheim.de\/index.php?rest_route=%2Fwp%2Fv2%2Fcomments&post=2460"}],"version-history":[{"count":1,"href":"https:\/\/pfadfinder-kuppenheim.de\/index.php?rest_route=\/wp\/v2\/posts\/2460\/revisions"}],"predecessor-version":[{"id":2461,"href":"https:\/\/pfadfinder-kuppenheim.de\/index.php?rest_route=\/wp\/v2\/posts\/2460\/revisions\/2461"}],"wp:attachment":[{"href":"https:\/\/pfadfinder-kuppenheim.de\/index.php?rest_route=%2Fwp%2Fv2%2Fmedia&parent=2460"}],"wp:term":[{"taxonomy":"category","embeddable":true,"href":"https:\/\/pfadfinder-kuppenheim.de\/index.php?rest_route=%2Fwp%2Fv2%2Fcategories&post=2460"},{"taxonomy":"post_tag","embeddable":true,"href":"https:\/\/pfadfinder-kuppenheim.de\/index.php?rest_route=%2Fwp%2Fv2%2Ftags&post=2460"}],"curies":[{"name":"wp","href":"https:\/\/api.w.org\/{rel}","templated":true}]}}