{"id":2459,"date":"2016-07-30T00:00:05","date_gmt":"2016-07-29T22:00:05","guid":{"rendered":"http:\/\/blog.pfadfinder-kuppenheim.de\/?p=2459"},"modified":"2017-10-27T13:40:04","modified_gmt":"2017-10-27T11:40:04","slug":"tag-1-sa-30-07-2016","status":"publish","type":"post","link":"https:\/\/pfadfinder-kuppenheim.de\/?p=2459","title":{"rendered":"Tag 1 &#8211; Sa. 30.07.2016"},"content":{"rendered":"<div style=\"direction: ltr; border-width: 100%;\">\n<div style=\"direction: ltr; margin-top: 0in; margin-left: 0in; width: 6.3416in;\">\n<div style=\"direction: ltr; margin-top: 0in; margin-left: 0in; width: 6.3416in;\">\n<p style=\"margin: 0in; font-family: 'Calibri Light'; font-size: 12.0pt;\">Tag 2 &#8211; So. 31.07.2016<\/p>\n<p style=\"margin: 0in; font-family: 'Calibri Light'; font-size: 12.0pt;\">\n<p style=\"margin: 0in; font-family: 'Calibri Light'; font-size: 12.0pt;\">Heute trafen wir uns schon sehr fr\u00fch am Bahnhof in Baden-Baden. Nach einer sechsst\u00fcndigen fahrt kamen wir ersch\u00f6pft am Lagerplatz an. Nach einer kurzen Pause bauten wir unsere Zelte auf. Als auch das Gep\u00e4ck in den Zelten verstaut war bauten wir Sippenweise unsere Esspl\u00e4tze auf. Nach einer kurzen aufr\u00e4umpause haben wir noch gegrillt. Danach war es Zeit f\u00fcrs Bett.<\/p>\n<p style=\"margin: 0in; font-family: 'Calibri Light'; font-size: 12.0pt;\">\n<p style=\"margin: 0in; font-family: 'Calibri Light'; font-size: 12.0pt;\">\nWetterbericht:<\/p>\n<p style=\"margin: 0in; font-family: 'Calibri Light'; font-size: 12.0pt;\">\u00a0kommt noch&#8230;<\/p>\n<p style=\"margin: 0in; font-family: 'Calibri Light'; font-size: 12.0pt;\">\n<p style=\"margin: 0in; font-family: 'Calibri Light'; font-size: 12.0pt;\">(Ben)<\/p>\n<\/div>\n<\/div>\n<\/div>\n","protected":false},"excerpt":{"rendered":"<p>Tag 2 &#8211; So. 31.07.2016 Heute trafen wir uns schon sehr fr\u00fch am Bahnhof in Baden-Baden. Nach einer sechsst\u00fcndigen fahrt kamen wir ersch\u00f6pft am Lagerplatz an. Nach einer kurzen Pause bauten wir unsere Zelte auf. Als auch das Gep\u00e4ck in den Zelten verstaut war bauten wir Sippenweise unsere Esspl\u00e4tze auf. Nach einer kurzen aufr\u00e4umpause haben&hellip;&nbsp;<a href=\"https:\/\/pfadfinder-kuppenheim.de\/?p=2459\" class=\"\" rel=\"bookmark\">Weiterlesen &raquo;<span class=\"screen-reader-text\">Tag 1 &#8211; Sa. 30.07.2016<\/span><\/a><\/p>\n","protected":false},"author":2,"featured_media":0,"comment_status":"closed","ping_status":"closed","sticky":false,"template":"","format":"standard","meta":{"neve_meta_sidebar":"","neve_meta_container":"","neve_meta_enable_content_width":"","neve_meta_content_width":0,"neve_meta_title_alignment":"","neve_meta_author_avatar":"","neve_post_elements_order":"","neve_meta_disable_header":"","neve_meta_disable_footer":"","neve_meta_disable_title":"","jetpack_post_was_ever_published":false,"_jetpack_newsletter_access":"","_jetpack_dont_email_post_to_subs":false,"_jetpack_newsletter_tier_id":0,"_jetpack_memberships_contains_paywalled_content":false,"_jetpack_memberships_contains_paid_content":false,"footnotes":"","jetpack_publicize_message":"","jetpack_publicize_feature_enabled":true,"jetpack_social_post_already_shared":true,"jetpack_social_options":{"image_generator_settings":{"template":"highway","default_image_id":0,"font":"","enabled":false},"version":2}},"categories":[12],"tags":[],"class_list":["post-2459","post","type-post","status-publish","format-standard","hentry","category-jupfis_sola_tagebuch"],"jetpack_publicize_connections":[],"jetpack_featured_media_url":"","jetpack_sharing_enabled":true,"jetpack_shortlink":"https:\/\/wp.me\/p3G0PZ-DF","_links":{"self":[{"href":"https:\/\/pfadfinder-kuppenheim.de\/index.php?rest_route=\/wp\/v2\/posts\/2459","targetHints":{"allow":["GET"]}}],"collection":[{"href":"https:\/\/pfadfinder-kuppenheim.de\/index.php?rest_route=\/wp\/v2\/posts"}],"about":[{"href":"https:\/\/pfadfinder-kuppenheim.de\/index.php?rest_route=\/wp\/v2\/types\/post"}],"author":[{"embeddable":true,"href":"https:\/\/pfadfinder-kuppenheim.de\/index.php?rest_route=\/wp\/v2\/users\/2"}],"replies":[{"embeddable":true,"href":"https:\/\/pfadfinder-kuppenheim.de\/index.php?rest_route=%2Fwp%2Fv2%2Fcomments&post=2459"}],"version-history":[{"count":1,"href":"https:\/\/pfadfinder-kuppenheim.de\/index.php?rest_route=\/wp\/v2\/posts\/2459\/revisions"}],"predecessor-version":[{"id":2462,"href":"https:\/\/pfadfinder-kuppenheim.de\/index.php?rest_route=\/wp\/v2\/posts\/2459\/revisions\/2462"}],"wp:attachment":[{"href":"https:\/\/pfadfinder-kuppenheim.de\/index.php?rest_route=%2Fwp%2Fv2%2Fmedia&parent=2459"}],"wp:term":[{"taxonomy":"category","embeddable":true,"href":"https:\/\/pfadfinder-kuppenheim.de\/index.php?rest_route=%2Fwp%2Fv2%2Fcategories&post=2459"},{"taxonomy":"post_tag","embeddable":true,"href":"https:\/\/pfadfinder-kuppenheim.de\/index.php?rest_route=%2Fwp%2Fv2%2Ftags&post=2459"}],"curies":[{"name":"wp","href":"https:\/\/api.w.org\/{rel}","templated":true}]}}