{"id":242,"date":"2013-08-05T00:51:33","date_gmt":"2013-08-04T22:51:33","guid":{"rendered":"http:\/\/blog.pfadfinder-kuppenheim.de\/?p=242"},"modified":"2017-10-27T13:40:12","modified_gmt":"2017-10-27T11:40:12","slug":"tag-4","status":"publish","type":"post","link":"https:\/\/pfadfinder-kuppenheim.de\/?p=242","title":{"rendered":"Tag 4"},"content":{"rendered":"<p>Nach dem leckeren Fr\u00fchst\u00fcck, welches Ihr ja schon gesehen habt ging es mit den Projekten los. Die Kinder haben Zeit bekommen \u00fcber den Platz zu gehen und an den Projekten der anderen St\u00e4mme und Gruppen teilzunehmen. Kaum war das Mittagessen an die Stufen ausgeteilt zogen dunkle Wolken auf. Starker Wind und Regen \u00fcberraschte uns und wir gingen gemeinsam in unser gro\u00dfes Ger\u00fcstzelt. Als der heftige Wind vorbei war und es nur noch regnete wurden wir wiederum evakuiert. In der Kaserne angekommen sangen wir zur Aufmunterung ein paar Lieder. Kurz darauf kamen Feuerwehr, Malteser, Rotes Kreuz und die Polizei. (Inklusive Hubschrauber: Paddy?) Brot, Br\u00f6tchen, Kuchen, warme Decken, Tee wurden an alle verteilt. Nach drei Stunden gab es die Entwarnung und wir konnten wieder zur\u00fcck zu unserem Platz. Dort bauten wir unsere Sachen wieder auf und trockneten unsere Sachen in der Sonne, denn beim Wiederaufbau hatten wir wieder strahlendblauer Himmel. Am Abend grillten wir zusammen und sangen im Anschluss noch ein paar Lieder.<br \/>\nWir sind alle wohl auf und liegen schon fast alle im trockenen Zelt.<\/p>\n<p><a href=\"https:\/\/i0.wp.com\/blog.pfadfinder-kuppenheim.de\/wp-content\/uploads\/2013\/08\/20130805-0037472.jpg\"><img data-recalc-dims=\"1\" decoding=\"async\" src=\"https:\/\/i0.wp.com\/blog.pfadfinder-kuppenheim.de\/wp-content\/uploads\/2013\/08\/20130805-0037472.jpg?w=1200\" alt=\"20130805-003747.jpg\" class=\"alignnone size-full\" \/><\/a><\/p>\n<p><a href=\"https:\/\/i0.wp.com\/blog.pfadfinder-kuppenheim.de\/wp-content\/uploads\/2013\/08\/20130805-0037581.jpg\"><img data-recalc-dims=\"1\" decoding=\"async\" src=\"https:\/\/i0.wp.com\/blog.pfadfinder-kuppenheim.de\/wp-content\/uploads\/2013\/08\/20130805-0037581.jpg?w=1200\" alt=\"20130805-003758.jpg\" class=\"alignnone size-full\" \/><\/a><\/p>\n<p><a href=\"https:\/\/i0.wp.com\/blog.pfadfinder-kuppenheim.de\/wp-content\/uploads\/2013\/08\/20130805-003819.jpg\"><img data-recalc-dims=\"1\" decoding=\"async\" src=\"https:\/\/i0.wp.com\/blog.pfadfinder-kuppenheim.de\/wp-content\/uploads\/2013\/08\/20130805-003819.jpg?w=1200\" alt=\"20130805-003819.jpg\" class=\"alignnone size-full\" \/><\/a><\/p>\n<p><a href=\"https:\/\/i0.wp.com\/blog.pfadfinder-kuppenheim.de\/wp-content\/uploads\/2013\/08\/20130805-003826.jpg\"><img data-recalc-dims=\"1\" decoding=\"async\" src=\"https:\/\/i0.wp.com\/blog.pfadfinder-kuppenheim.de\/wp-content\/uploads\/2013\/08\/20130805-003826.jpg?w=1200\" alt=\"20130805-003826.jpg\" class=\"alignnone size-full\" \/><\/a><\/p>\n<p><a href=\"https:\/\/i0.wp.com\/blog.pfadfinder-kuppenheim.de\/wp-content\/uploads\/2013\/08\/20130805-003853.jpg\"><img data-recalc-dims=\"1\" decoding=\"async\" src=\"https:\/\/i0.wp.com\/blog.pfadfinder-kuppenheim.de\/wp-content\/uploads\/2013\/08\/20130805-003853.jpg?w=1200\" alt=\"20130805-003853.jpg\" class=\"alignnone size-full\" \/><\/a><\/p>\n<p><a href=\"https:\/\/i0.wp.com\/blog.pfadfinder-kuppenheim.de\/wp-content\/uploads\/2013\/08\/20130805-003916.jpg\"><img data-recalc-dims=\"1\" decoding=\"async\" src=\"https:\/\/i0.wp.com\/blog.pfadfinder-kuppenheim.de\/wp-content\/uploads\/2013\/08\/20130805-003916.jpg?w=1200\" alt=\"20130805-003916.jpg\" class=\"alignnone size-full\" \/><\/a><\/p>\n<p><a href=\"https:\/\/i0.wp.com\/blog.pfadfinder-kuppenheim.de\/wp-content\/uploads\/2013\/08\/20130805-003941.jpg\"><img data-recalc-dims=\"1\" decoding=\"async\" src=\"https:\/\/i0.wp.com\/blog.pfadfinder-kuppenheim.de\/wp-content\/uploads\/2013\/08\/20130805-003941.jpg?w=1200\" alt=\"20130805-003941.jpg\" class=\"alignnone size-full\" \/><\/a><\/p>\n<p><a href=\"https:\/\/i0.wp.com\/blog.pfadfinder-kuppenheim.de\/wp-content\/uploads\/2013\/08\/20130805-003951.jpg\"><img data-recalc-dims=\"1\" decoding=\"async\" src=\"https:\/\/i0.wp.com\/blog.pfadfinder-kuppenheim.de\/wp-content\/uploads\/2013\/08\/20130805-003951.jpg?w=1200\" alt=\"20130805-003951.jpg\" class=\"alignnone size-full\" \/><\/a><\/p>\n","protected":false},"excerpt":{"rendered":"<p>Nach dem leckeren Fr\u00fchst\u00fcck, welches Ihr ja schon gesehen habt ging es mit den Projekten los. Die Kinder haben Zeit bekommen \u00fcber den Platz zu gehen und an den Projekten der anderen St\u00e4mme und Gruppen teilzunehmen. Kaum war das Mittagessen an die Stufen ausgeteilt zogen dunkle Wolken auf. Starker Wind und Regen \u00fcberraschte uns und&hellip;&nbsp;<a href=\"https:\/\/pfadfinder-kuppenheim.de\/?p=242\" class=\"\" rel=\"bookmark\">Weiterlesen &raquo;<span class=\"screen-reader-text\">Tag 4<\/span><\/a><\/p>\n","protected":false},"author":2,"featured_media":0,"comment_status":"closed","ping_status":"closed","sticky":false,"template":"","format":"standard","meta":{"neve_meta_sidebar":"","neve_meta_container":"","neve_meta_enable_content_width":"","neve_meta_content_width":0,"neve_meta_title_alignment":"","neve_meta_author_avatar":"","neve_post_elements_order":"","neve_meta_disable_header":"","neve_meta_disable_footer":"","neve_meta_disable_title":"","jetpack_post_was_ever_published":false,"_jetpack_newsletter_access":"","_jetpack_dont_email_post_to_subs":false,"_jetpack_newsletter_tier_id":0,"_jetpack_memberships_contains_paywalled_content":false,"_jetpack_memberships_contains_paid_content":false,"footnotes":"","jetpack_publicize_message":"","jetpack_publicize_feature_enabled":true,"jetpack_social_post_already_shared":true,"jetpack_social_options":{"image_generator_settings":{"template":"highway","default_image_id":0,"font":"","enabled":false},"version":2}},"categories":[10],"tags":[],"class_list":["post-242","post","type-post","status-publish","format-standard","hentry","category-scoutside"],"jetpack_publicize_connections":[],"jetpack_featured_media_url":"","jetpack_sharing_enabled":true,"jetpack_shortlink":"https:\/\/wp.me\/p3G0PZ-3U","_links":{"self":[{"href":"https:\/\/pfadfinder-kuppenheim.de\/index.php?rest_route=\/wp\/v2\/posts\/242","targetHints":{"allow":["GET"]}}],"collection":[{"href":"https:\/\/pfadfinder-kuppenheim.de\/index.php?rest_route=\/wp\/v2\/posts"}],"about":[{"href":"https:\/\/pfadfinder-kuppenheim.de\/index.php?rest_route=\/wp\/v2\/types\/post"}],"author":[{"embeddable":true,"href":"https:\/\/pfadfinder-kuppenheim.de\/index.php?rest_route=\/wp\/v2\/users\/2"}],"replies":[{"embeddable":true,"href":"https:\/\/pfadfinder-kuppenheim.de\/index.php?rest_route=%2Fwp%2Fv2%2Fcomments&post=242"}],"version-history":[{"count":1,"href":"https:\/\/pfadfinder-kuppenheim.de\/index.php?rest_route=\/wp\/v2\/posts\/242\/revisions"}],"predecessor-version":[{"id":347,"href":"https:\/\/pfadfinder-kuppenheim.de\/index.php?rest_route=\/wp\/v2\/posts\/242\/revisions\/347"}],"wp:attachment":[{"href":"https:\/\/pfadfinder-kuppenheim.de\/index.php?rest_route=%2Fwp%2Fv2%2Fmedia&parent=242"}],"wp:term":[{"taxonomy":"category","embeddable":true,"href":"https:\/\/pfadfinder-kuppenheim.de\/index.php?rest_route=%2Fwp%2Fv2%2Fcategories&post=242"},{"taxonomy":"post_tag","embeddable":true,"href":"https:\/\/pfadfinder-kuppenheim.de\/index.php?rest_route=%2Fwp%2Fv2%2Ftags&post=242"}],"curies":[{"name":"wp","href":"https:\/\/api.w.org\/{rel}","templated":true}]}}