{"id":2202,"date":"2015-08-14T08:35:43","date_gmt":"2015-08-14T06:35:43","guid":{"rendered":"http:\/\/blog.pfadfinder-kuppenheim.de\/?p=2202"},"modified":"2017-10-27T13:40:04","modified_gmt":"2017-10-27T11:40:04","slug":"moin","status":"publish","type":"post","link":"https:\/\/pfadfinder-kuppenheim.de\/?p=2202","title":{"rendered":"Moin"},"content":{"rendered":"<p>Nach der etwas st\u00fcrmischen Nacht in der Schutzh\u00fctte&#8230;<\/p>\n<p><a href=\"https:\/\/i0.wp.com\/blog.pfadfinder-kuppenheim.de\/wp-content\/uploads\/2015\/08\/wpid-20150814_073828.jpg\"><img data-recalc-dims=\"1\" decoding=\"async\" title=\"20150814_073828.jpg\" class=\"alignnone size-full\" alt=\"image\" src=\"https:\/\/i0.wp.com\/blog.pfadfinder-kuppenheim.de\/wp-content\/uploads\/2015\/08\/wpid-20150814_073828.jpg?w=1200\"><\/a><\/p>\n<p><a href=\"https:\/\/i0.wp.com\/blog.pfadfinder-kuppenheim.de\/wp-content\/uploads\/2015\/08\/wpid-20150814_073806.jpg\"><img data-recalc-dims=\"1\" decoding=\"async\" title=\"20150814_073806.jpg\" class=\"alignnone size-full\" alt=\"image\" src=\"https:\/\/i0.wp.com\/blog.pfadfinder-kuppenheim.de\/wp-content\/uploads\/2015\/08\/wpid-20150814_073806.jpg?w=1200\"><\/a><\/p>\n<p>&#8230; erstmal richtig Fr\u00fchst\u00fccken.<\/p>\n<p>Lecker!!!!<\/p>\n<p><a href=\"https:\/\/i0.wp.com\/blog.pfadfinder-kuppenheim.de\/wp-content\/uploads\/2015\/08\/wpid-20150814_081755.jpg\"><img data-recalc-dims=\"1\" decoding=\"async\" title=\"20150814_081755.jpg\" class=\"alignnone size-full\" alt=\"image\" src=\"https:\/\/i0.wp.com\/blog.pfadfinder-kuppenheim.de\/wp-content\/uploads\/2015\/08\/wpid-20150814_081755.jpg?w=1200\"><\/a><\/p>\n<p>&nbsp;<a href=\"https:\/\/i0.wp.com\/blog.pfadfinder-kuppenheim.de\/wp-content\/uploads\/2015\/08\/IMG_1155.jpg\"><img data-recalc-dims=\"1\" decoding=\"async\" src=\"https:\/\/i0.wp.com\/blog.pfadfinder-kuppenheim.de\/wp-content\/uploads\/2015\/08\/IMG_1155.jpg?w=1200\" alt=\"\"><\/a>&nbsp;<\/p>\n<p>Alles wurde trocken eingepackt.<\/p>\n<p>So nun gehts wieder richtung Heimat. Das &#8222;letzte&#8220; mal die Strecke nach Rehns laufen. XD<\/p>\n<p><a href=\"https:\/\/i0.wp.com\/blog.pfadfinder-kuppenheim.de\/wp-content\/uploads\/2015\/08\/wpid-wp-1439541749819.jpeg\"><img data-recalc-dims=\"1\" decoding=\"async\" title=\"wp-1439541749819\" class=\"alignnone size-full\" alt=\"image\" src=\"https:\/\/i0.wp.com\/blog.pfadfinder-kuppenheim.de\/wp-content\/uploads\/2015\/08\/wpid-wp-1439541749819.jpeg?w=1200\"><\/a><\/p>\n<p>Team Gep\u00e4ck ist 60 km vor dem Ziel und macht kurz Pause. Das Team Material ist schon in Kuppenheim.&nbsp;<\/p>\n<p><a href=\"https:\/\/i0.wp.com\/blog.pfadfinder-kuppenheim.de\/wp-content\/uploads\/2015\/08\/IMG_1159.jpg\"><img data-recalc-dims=\"1\" decoding=\"async\" src=\"https:\/\/i0.wp.com\/blog.pfadfinder-kuppenheim.de\/wp-content\/uploads\/2015\/08\/IMG_1159.jpg?w=1200\" alt=\"\"><\/a>&nbsp;<\/p>\n<p>Das Team Kinder muss leider mitteilen das wir erst um Punkt 16.00 Uhr ankommen in Baden-Baden. Da die tolle DB wieder mal eine St\u00f6rung hatte und wir unseren Anschlusszug nicht bekommen haben.<\/p>\n<p>Zu Hause<\/p>\n","protected":false},"excerpt":{"rendered":"<p>Nach der etwas st\u00fcrmischen Nacht in der Schutzh\u00fctte&#8230; &#8230; erstmal richtig Fr\u00fchst\u00fccken. Lecker!!!! &nbsp;&nbsp; Alles wurde trocken eingepackt. So nun gehts wieder richtung Heimat. Das &#8222;letzte&#8220; mal die Strecke nach Rehns laufen. XD Team Gep\u00e4ck ist 60 km vor dem Ziel und macht kurz Pause. Das Team Material ist schon in Kuppenheim.&nbsp; &nbsp; Das Team&hellip;&nbsp;<a href=\"https:\/\/pfadfinder-kuppenheim.de\/?p=2202\" class=\"\" rel=\"bookmark\">Weiterlesen &raquo;<span class=\"screen-reader-text\">Moin<\/span><\/a><\/p>\n","protected":false},"author":2,"featured_media":0,"comment_status":"closed","ping_status":"closed","sticky":false,"template":"","format":"standard","meta":{"neve_meta_sidebar":"","neve_meta_container":"","neve_meta_enable_content_width":"","neve_meta_content_width":0,"neve_meta_title_alignment":"","neve_meta_author_avatar":"","neve_post_elements_order":"","neve_meta_disable_header":"","neve_meta_disable_footer":"","neve_meta_disable_title":"","jetpack_post_was_ever_published":false,"_jetpack_newsletter_access":"","_jetpack_dont_email_post_to_subs":false,"_jetpack_newsletter_tier_id":0,"_jetpack_memberships_contains_paywalled_content":false,"_jetpack_memberships_contains_paid_content":false,"footnotes":"","jetpack_publicize_message":"","jetpack_publicize_feature_enabled":true,"jetpack_social_post_already_shared":true,"jetpack_social_options":{"image_generator_settings":{"template":"highway","default_image_id":0,"font":"","enabled":false},"version":2}},"categories":[5],"tags":[],"class_list":["post-2202","post","type-post","status-publish","format-standard","hentry","category-jupfis"],"jetpack_publicize_connections":[],"jetpack_featured_media_url":"","jetpack_sharing_enabled":true,"jetpack_shortlink":"https:\/\/wp.me\/s3G0PZ-moin","_links":{"self":[{"href":"https:\/\/pfadfinder-kuppenheim.de\/index.php?rest_route=\/wp\/v2\/posts\/2202","targetHints":{"allow":["GET"]}}],"collection":[{"href":"https:\/\/pfadfinder-kuppenheim.de\/index.php?rest_route=\/wp\/v2\/posts"}],"about":[{"href":"https:\/\/pfadfinder-kuppenheim.de\/index.php?rest_route=\/wp\/v2\/types\/post"}],"author":[{"embeddable":true,"href":"https:\/\/pfadfinder-kuppenheim.de\/index.php?rest_route=\/wp\/v2\/users\/2"}],"replies":[{"embeddable":true,"href":"https:\/\/pfadfinder-kuppenheim.de\/index.php?rest_route=%2Fwp%2Fv2%2Fcomments&post=2202"}],"version-history":[{"count":8,"href":"https:\/\/pfadfinder-kuppenheim.de\/index.php?rest_route=\/wp\/v2\/posts\/2202\/revisions"}],"predecessor-version":[{"id":2232,"href":"https:\/\/pfadfinder-kuppenheim.de\/index.php?rest_route=\/wp\/v2\/posts\/2202\/revisions\/2232"}],"wp:attachment":[{"href":"https:\/\/pfadfinder-kuppenheim.de\/index.php?rest_route=%2Fwp%2Fv2%2Fmedia&parent=2202"}],"wp:term":[{"taxonomy":"category","embeddable":true,"href":"https:\/\/pfadfinder-kuppenheim.de\/index.php?rest_route=%2Fwp%2Fv2%2Fcategories&post=2202"},{"taxonomy":"post_tag","embeddable":true,"href":"https:\/\/pfadfinder-kuppenheim.de\/index.php?rest_route=%2Fwp%2Fv2%2Ftags&post=2202"}],"curies":[{"name":"wp","href":"https:\/\/api.w.org\/{rel}","templated":true}]}}