{"id":2192,"date":"2015-08-13T21:21:31","date_gmt":"2015-08-13T19:21:31","guid":{"rendered":"http:\/\/blog.pfadfinder-kuppenheim.de\/?p=2192"},"modified":"2017-10-27T13:40:04","modified_gmt":"2017-10-27T11:40:04","slug":"es-war-heiss-heiss-heiss","status":"publish","type":"post","link":"https:\/\/pfadfinder-kuppenheim.de\/?p=2192","title":{"rendered":"Es war hei\u00df hei\u00df hei\u00df&#8230;"},"content":{"rendered":"<p>&#8230; und dann kam der Knall.<\/p>\n<p>Alles war gut, die Hitze hat etwas f\u00fcr Gr\u00f6\u00dfenwahn gesorgt.<\/p>\n<p>&nbsp;<a href=\"https:\/\/i0.wp.com\/blog.pfadfinder-kuppenheim.de\/wp-content\/uploads\/2015\/08\/IMG_7669.jpg\"><img data-recalc-dims=\"1\" decoding=\"async\" src=\"https:\/\/i0.wp.com\/blog.pfadfinder-kuppenheim.de\/wp-content\/uploads\/2015\/08\/IMG_7669.jpg?w=1200\" alt=\"\"><\/a>&nbsp;<br \/>\nDoch die Zeichen standen schlecht&#8230; die blaue Fahne wehte&#8230;<\/p>\n<p>&nbsp;<a href=\"https:\/\/i0.wp.com\/blog.pfadfinder-kuppenheim.de\/wp-content\/uploads\/2015\/08\/IMG_7671.jpg\"><img data-recalc-dims=\"1\" decoding=\"async\" src=\"https:\/\/i0.wp.com\/blog.pfadfinder-kuppenheim.de\/wp-content\/uploads\/2015\/08\/IMG_7671.jpg?w=1200\" alt=\"\"><\/a>&nbsp;<br \/>\nZur\u00fcck am Platz wurde es ziemlich windig. Ein angenehmer Nebeneffekt waren die sch\u00f6nen Wellen auf dem Wasser, die die Leiter gleich nutzte&#8230;<\/p>\n<p>&nbsp;<a href=\"https:\/\/i0.wp.com\/blog.pfadfinder-kuppenheim.de\/wp-content\/uploads\/2015\/08\/IMG_7670.jpg\"><img data-recalc-dims=\"1\" decoding=\"async\" src=\"https:\/\/i0.wp.com\/blog.pfadfinder-kuppenheim.de\/wp-content\/uploads\/2015\/08\/IMG_7670.jpg?w=1200\" alt=\"\"><\/a>&nbsp;<br \/>\nDoch dann wurde es dunkel&#8230;<\/p>\n<p>&nbsp;<a href=\"https:\/\/i0.wp.com\/blog.pfadfinder-kuppenheim.de\/wp-content\/uploads\/2015\/08\/IMG_7665.jpg\"><img data-recalc-dims=\"1\" decoding=\"async\" src=\"https:\/\/i0.wp.com\/blog.pfadfinder-kuppenheim.de\/wp-content\/uploads\/2015\/08\/IMG_7665.jpg?w=1200\" alt=\"\"><\/a>&nbsp;<br \/>\n&#8230;ziemlich dunkel&#8230;<\/p>\n<p>&nbsp;<a href=\"https:\/\/i0.wp.com\/blog.pfadfinder-kuppenheim.de\/wp-content\/uploads\/2015\/08\/IMG_7664.jpg\"><img data-recalc-dims=\"1\" decoding=\"async\" src=\"https:\/\/i0.wp.com\/blog.pfadfinder-kuppenheim.de\/wp-content\/uploads\/2015\/08\/IMG_7664.jpg?w=1200\" alt=\"\"><\/a>&nbsp;<br \/>\n&#8230; und Blitz, Donner und Regen gesellten sich zum p\u00fcnktlich zum Abendessen zu uns.<\/p>\n<p>&nbsp;<a href=\"https:\/\/i0.wp.com\/blog.pfadfinder-kuppenheim.de\/wp-content\/uploads\/2015\/08\/IMG_7672.jpg\"><img data-recalc-dims=\"1\" decoding=\"async\" src=\"https:\/\/i0.wp.com\/blog.pfadfinder-kuppenheim.de\/wp-content\/uploads\/2015\/08\/IMG_7672.jpg?w=1200\" alt=\"\"><\/a>&nbsp;<\/p>\n<p>(Blitzradar)<\/p>\n<p>Inzwischen ist es wieder ruhiger geworden, die Blitze zucken nur noch in der Ferne, hier und da grummelt es etwas in den Wolken, der Regen hat nachgelassen und die Kinder liegen in den Zelten.<\/p>\n","protected":false},"excerpt":{"rendered":"<p>&#8230; und dann kam der Knall. Alles war gut, die Hitze hat etwas f\u00fcr Gr\u00f6\u00dfenwahn gesorgt. &nbsp;&nbsp; Doch die Zeichen standen schlecht&#8230; die blaue Fahne wehte&#8230; &nbsp;&nbsp; Zur\u00fcck am Platz wurde es ziemlich windig. Ein angenehmer Nebeneffekt waren die sch\u00f6nen Wellen auf dem Wasser, die die Leiter gleich nutzte&#8230; &nbsp;&nbsp; Doch dann wurde es dunkel&#8230;&hellip;&nbsp;<a href=\"https:\/\/pfadfinder-kuppenheim.de\/?p=2192\" class=\"\" rel=\"bookmark\">Weiterlesen &raquo;<span class=\"screen-reader-text\">Es war hei\u00df hei\u00df hei\u00df&#8230;<\/span><\/a><\/p>\n","protected":false},"author":1,"featured_media":0,"comment_status":"closed","ping_status":"closed","sticky":false,"template":"","format":"standard","meta":{"neve_meta_sidebar":"","neve_meta_container":"","neve_meta_enable_content_width":"","neve_meta_content_width":0,"neve_meta_title_alignment":"","neve_meta_author_avatar":"","neve_post_elements_order":"","neve_meta_disable_header":"","neve_meta_disable_footer":"","neve_meta_disable_title":"","jetpack_post_was_ever_published":false,"_jetpack_newsletter_access":"","_jetpack_dont_email_post_to_subs":false,"_jetpack_newsletter_tier_id":0,"_jetpack_memberships_contains_paywalled_content":false,"_jetpack_memberships_contains_paid_content":false,"footnotes":"","jetpack_publicize_message":"","jetpack_publicize_feature_enabled":true,"jetpack_social_post_already_shared":true,"jetpack_social_options":{"image_generator_settings":{"template":"highway","default_image_id":0,"font":"","enabled":false},"version":2}},"categories":[6],"tags":[],"class_list":["post-2192","post","type-post","status-publish","format-standard","hentry","category-pfadis"],"jetpack_publicize_connections":[],"jetpack_featured_media_url":"","jetpack_sharing_enabled":true,"jetpack_shortlink":"https:\/\/wp.me\/p3G0PZ-zm","_links":{"self":[{"href":"https:\/\/pfadfinder-kuppenheim.de\/index.php?rest_route=\/wp\/v2\/posts\/2192","targetHints":{"allow":["GET"]}}],"collection":[{"href":"https:\/\/pfadfinder-kuppenheim.de\/index.php?rest_route=\/wp\/v2\/posts"}],"about":[{"href":"https:\/\/pfadfinder-kuppenheim.de\/index.php?rest_route=\/wp\/v2\/types\/post"}],"author":[{"embeddable":true,"href":"https:\/\/pfadfinder-kuppenheim.de\/index.php?rest_route=\/wp\/v2\/users\/1"}],"replies":[{"embeddable":true,"href":"https:\/\/pfadfinder-kuppenheim.de\/index.php?rest_route=%2Fwp%2Fv2%2Fcomments&post=2192"}],"version-history":[{"count":1,"href":"https:\/\/pfadfinder-kuppenheim.de\/index.php?rest_route=\/wp\/v2\/posts\/2192\/revisions"}],"predecessor-version":[{"id":2193,"href":"https:\/\/pfadfinder-kuppenheim.de\/index.php?rest_route=\/wp\/v2\/posts\/2192\/revisions\/2193"}],"wp:attachment":[{"href":"https:\/\/pfadfinder-kuppenheim.de\/index.php?rest_route=%2Fwp%2Fv2%2Fmedia&parent=2192"}],"wp:term":[{"taxonomy":"category","embeddable":true,"href":"https:\/\/pfadfinder-kuppenheim.de\/index.php?rest_route=%2Fwp%2Fv2%2Fcategories&post=2192"},{"taxonomy":"post_tag","embeddable":true,"href":"https:\/\/pfadfinder-kuppenheim.de\/index.php?rest_route=%2Fwp%2Fv2%2Ftags&post=2192"}],"curies":[{"name":"wp","href":"https:\/\/api.w.org\/{rel}","templated":true}]}}