{"id":212,"date":"2013-08-03T23:40:07","date_gmt":"2013-08-03T21:40:07","guid":{"rendered":"http:\/\/blog.pfadfinder-kuppenheim.de\/?p=212"},"modified":"2017-10-27T13:40:13","modified_gmt":"2017-10-27T11:40:13","slug":"tag-3","status":"publish","type":"post","link":"https:\/\/pfadfinder-kuppenheim.de\/?p=212","title":{"rendered":"Tag 3"},"content":{"rendered":"<p>Am Morgen gingen die Kinder auf Streife, d.h. sie mussten im Rudel bzw. Sippe \u00fcber den Platz gehen und verschiedene Aufgaben l\u00f6sen.<br \/>\nNachmittags war dann eine kurze Projekt Vernissage. Hier wurden einzelne Projekte vorgestellt und war der offizielle Startschuss f\u00fcr die Projektzeit. W\u00e4hrend die W\u00f6lflinge bereits einzelne Projekte besuchten, waren die Jupfis mit ihren Fachm\u00e4nnern besch\u00e4ftigt. Die Pfadis bereiteten unser Blindencaf\u00e9 vor und die Rover bauten M\u00f6bel f\u00fcr den morgigen Gottesdienst.<br \/>\nDer H\u00f6hepunkt war jedoch der Abend. Aufgrund einer Sturmwarnung des Wetterdienstes musste leider vorsorglich der Platz evakuiert werden. Da unsere Kinder hier vorbildlich mitmachten und die Organisation und Durchf\u00fchrung professionell von statten ging, lief auch alles reibungslos ab und alle Pfadfinder kamen z\u00fcgig und vollst\u00e4ndig in der angrenzenden Kaserne unter. Zum guten Gl\u00fcck zog das Unwetter an uns vorbei und wir bekamen weder Wind noch Regen ab, sodass wir eine halbe Stunde sp\u00e4ter schon wieder an unserem Platz waren.<br \/>\nDer Tag wurde in den Stufen bei Lieder oder Geschichten beschlossen.<\/p>\n<p><a href=\"https:\/\/i0.wp.com\/blog.pfadfinder-kuppenheim.de\/wp-content\/uploads\/2013\/08\/wpid-IMG_3148.jpg\"><img data-recalc-dims=\"1\" decoding=\"async\" class=\"alignnone size-full\" title=\"IMG_3148.JPG\" alt=\"image\" src=\"https:\/\/i0.wp.com\/blog.pfadfinder-kuppenheim.de\/wp-content\/uploads\/2013\/08\/wpid-IMG_3148.jpg?w=1200\" \/><\/a><\/p>\n<p><a href=\"https:\/\/i0.wp.com\/blog.pfadfinder-kuppenheim.de\/wp-content\/uploads\/2013\/08\/wpid-IMG_3145.jpg\"><img data-recalc-dims=\"1\" decoding=\"async\" class=\"alignnone size-full\" title=\"IMG_3145.JPG\" alt=\"image\" src=\"https:\/\/i0.wp.com\/blog.pfadfinder-kuppenheim.de\/wp-content\/uploads\/2013\/08\/wpid-IMG_3145.jpg?w=1200\" \/><\/a><\/p>\n<p><a href=\"https:\/\/i0.wp.com\/blog.pfadfinder-kuppenheim.de\/wp-content\/uploads\/2013\/08\/wpid-IMG_3150.jpg\"><img data-recalc-dims=\"1\" decoding=\"async\" class=\"alignnone size-full\" title=\"IMG_3150.JPG\" alt=\"image\" src=\"https:\/\/i0.wp.com\/blog.pfadfinder-kuppenheim.de\/wp-content\/uploads\/2013\/08\/wpid-IMG_3150.jpg?w=1200\" \/><\/a><\/p>\n<p><a href=\"https:\/\/i0.wp.com\/blog.pfadfinder-kuppenheim.de\/wp-content\/uploads\/2013\/08\/wpid-20130803_205631.jpg\"><img data-recalc-dims=\"1\" decoding=\"async\" class=\"alignnone size-full\" title=\"20130803_205631.jpg\" alt=\"image\" src=\"https:\/\/i0.wp.com\/blog.pfadfinder-kuppenheim.de\/wp-content\/uploads\/2013\/08\/wpid-20130803_205631.jpg?w=1200\" \/><\/a><\/p>\n","protected":false},"excerpt":{"rendered":"<p>Am Morgen gingen die Kinder auf Streife, d.h. sie mussten im Rudel bzw. Sippe \u00fcber den Platz gehen und verschiedene Aufgaben l\u00f6sen. Nachmittags war dann eine kurze Projekt Vernissage. Hier wurden einzelne Projekte vorgestellt und war der offizielle Startschuss f\u00fcr die Projektzeit. W\u00e4hrend die W\u00f6lflinge bereits einzelne Projekte besuchten, waren die Jupfis mit ihren Fachm\u00e4nnern&hellip;&nbsp;<a href=\"https:\/\/pfadfinder-kuppenheim.de\/?p=212\" class=\"\" rel=\"bookmark\">Weiterlesen &raquo;<span class=\"screen-reader-text\">Tag 3<\/span><\/a><\/p>\n","protected":false},"author":4,"featured_media":0,"comment_status":"closed","ping_status":"closed","sticky":false,"template":"","format":"standard","meta":{"neve_meta_sidebar":"","neve_meta_container":"","neve_meta_enable_content_width":"","neve_meta_content_width":0,"neve_meta_title_alignment":"","neve_meta_author_avatar":"","neve_post_elements_order":"","neve_meta_disable_header":"","neve_meta_disable_footer":"","neve_meta_disable_title":"","jetpack_post_was_ever_published":false,"_jetpack_newsletter_access":"","_jetpack_dont_email_post_to_subs":false,"_jetpack_newsletter_tier_id":0,"_jetpack_memberships_contains_paywalled_content":false,"_jetpack_memberships_contains_paid_content":false,"footnotes":"","jetpack_publicize_message":"","jetpack_publicize_feature_enabled":true,"jetpack_social_post_already_shared":true,"jetpack_social_options":{"image_generator_settings":{"template":"highway","default_image_id":0,"font":"","enabled":false},"version":2}},"categories":[10],"tags":[],"class_list":["post-212","post","type-post","status-publish","format-standard","hentry","category-scoutside"],"jetpack_publicize_connections":[],"jetpack_featured_media_url":"","jetpack_sharing_enabled":true,"jetpack_shortlink":"https:\/\/wp.me\/p3G0PZ-3q","_links":{"self":[{"href":"https:\/\/pfadfinder-kuppenheim.de\/index.php?rest_route=\/wp\/v2\/posts\/212","targetHints":{"allow":["GET"]}}],"collection":[{"href":"https:\/\/pfadfinder-kuppenheim.de\/index.php?rest_route=\/wp\/v2\/posts"}],"about":[{"href":"https:\/\/pfadfinder-kuppenheim.de\/index.php?rest_route=\/wp\/v2\/types\/post"}],"author":[{"embeddable":true,"href":"https:\/\/pfadfinder-kuppenheim.de\/index.php?rest_route=\/wp\/v2\/users\/4"}],"replies":[{"embeddable":true,"href":"https:\/\/pfadfinder-kuppenheim.de\/index.php?rest_route=%2Fwp%2Fv2%2Fcomments&post=212"}],"version-history":[{"count":2,"href":"https:\/\/pfadfinder-kuppenheim.de\/index.php?rest_route=\/wp\/v2\/posts\/212\/revisions"}],"predecessor-version":[{"id":352,"href":"https:\/\/pfadfinder-kuppenheim.de\/index.php?rest_route=\/wp\/v2\/posts\/212\/revisions\/352"}],"wp:attachment":[{"href":"https:\/\/pfadfinder-kuppenheim.de\/index.php?rest_route=%2Fwp%2Fv2%2Fmedia&parent=212"}],"wp:term":[{"taxonomy":"category","embeddable":true,"href":"https:\/\/pfadfinder-kuppenheim.de\/index.php?rest_route=%2Fwp%2Fv2%2Fcategories&post=212"},{"taxonomy":"post_tag","embeddable":true,"href":"https:\/\/pfadfinder-kuppenheim.de\/index.php?rest_route=%2Fwp%2Fv2%2Ftags&post=212"}],"curies":[{"name":"wp","href":"https:\/\/api.w.org\/{rel}","templated":true}]}}