{"id":205,"date":"2013-08-03T00:15:00","date_gmt":"2013-08-02T22:15:00","guid":{"rendered":"http:\/\/blog.pfadfinder-kuppenheim.de\/?p=205"},"modified":"2017-10-27T13:40:13","modified_gmt":"2017-10-27T11:40:13","slug":"tag-2","status":"publish","type":"post","link":"https:\/\/pfadfinder-kuppenheim.de\/?p=205","title":{"rendered":"Tag 2"},"content":{"rendered":"<p>Am morgen war die offizielle Lagerer\u00f6ffnung. Wir bekamen zum ersten mal so richtig den Eindruck wie viele Pfadfinder hier wirklich sind. Zum Gl\u00fcck hatten wir einen Platz wo wir wenigstens die H\u00e4lfte der Zeit im Schatten sa\u00dfen.<br \/>\nGleich anschlie\u00dfend gingen wir ins Schwimmbad.<br \/>\nAm Abend w\u00e4hlten wir dann ein Kind aus unserem Stamm als Vertreter der Kuppenheimer im Unterlagerrat. Nach einer klasse Wahlveranstaltung konnte sich Benedikt gegen seine Kontrahenten mit einem deutlichen Vorsprung durchsetzen.<br \/>\nDer Abend endete dann mit einem campfire. Einem Lagerfeuerabend innerhalb unseres Unterlagers. Durch die geballte Kompetenz der kuppenheimer Teilnehmer war auch dieser Abend ein voller Erfolg. Unseren Ruf haben wir auf jeden Fall. <\/p>\n<p><a href=\"https:\/\/i0.wp.com\/blog.pfadfinder-kuppenheim.de\/wp-content\/uploads\/2013\/08\/wpid-IMG_30456.jpg\"><img data-recalc-dims=\"1\" decoding=\"async\" title=\"IMG_3045.JPG\" class=\"alignnone size-full\" alt=\"image\" src=\"https:\/\/i0.wp.com\/blog.pfadfinder-kuppenheim.de\/wp-content\/uploads\/2013\/08\/wpid-IMG_30456.jpg?w=1200\" \/><\/a><\/p>\n<p><a href=\"https:\/\/i0.wp.com\/blog.pfadfinder-kuppenheim.de\/wp-content\/uploads\/2013\/08\/wpid-IMG_30556.jpg\"><img data-recalc-dims=\"1\" decoding=\"async\" title=\"IMG_3055.JPG\" class=\"alignnone size-full\" alt=\"image\" src=\"https:\/\/i0.wp.com\/blog.pfadfinder-kuppenheim.de\/wp-content\/uploads\/2013\/08\/wpid-IMG_30556.jpg?w=1200\" \/><\/a><\/p>\n<p><a href=\"https:\/\/i0.wp.com\/blog.pfadfinder-kuppenheim.de\/wp-content\/uploads\/2013\/08\/wpid-IMG_30946.jpg\"><img data-recalc-dims=\"1\" decoding=\"async\" title=\"IMG_3094.JPG\" class=\"alignnone size-full\" alt=\"image\" src=\"https:\/\/i0.wp.com\/blog.pfadfinder-kuppenheim.de\/wp-content\/uploads\/2013\/08\/wpid-IMG_30946.jpg?w=1200\" \/><\/a><\/p>\n<p><a href=\"https:\/\/i0.wp.com\/blog.pfadfinder-kuppenheim.de\/wp-content\/uploads\/2013\/08\/wpid-IMG_31046.jpg\"><img data-recalc-dims=\"1\" decoding=\"async\" title=\"IMG_3104.JPG\" class=\"alignnone size-full\" alt=\"image\" src=\"https:\/\/i0.wp.com\/blog.pfadfinder-kuppenheim.de\/wp-content\/uploads\/2013\/08\/wpid-IMG_31046.jpg?w=1200\" \/><\/a><\/p>\n<p><a href=\"https:\/\/i0.wp.com\/blog.pfadfinder-kuppenheim.de\/wp-content\/uploads\/2013\/08\/wpid-IMG_31006.jpg\"><img data-recalc-dims=\"1\" decoding=\"async\" title=\"IMG_3100.JPG\" class=\"alignnone size-full\" alt=\"image\" src=\"https:\/\/i0.wp.com\/blog.pfadfinder-kuppenheim.de\/wp-content\/uploads\/2013\/08\/wpid-IMG_31006.jpg?w=1200\" \/><\/a><\/p>\n","protected":false},"excerpt":{"rendered":"<p>Am morgen war die offizielle Lagerer\u00f6ffnung. Wir bekamen zum ersten mal so richtig den Eindruck wie viele Pfadfinder hier wirklich sind. Zum Gl\u00fcck hatten wir einen Platz wo wir wenigstens die H\u00e4lfte der Zeit im Schatten sa\u00dfen. Gleich anschlie\u00dfend gingen wir ins Schwimmbad. Am Abend w\u00e4hlten wir dann ein Kind aus unserem Stamm als Vertreter&hellip;&nbsp;<a href=\"https:\/\/pfadfinder-kuppenheim.de\/?p=205\" class=\"\" rel=\"bookmark\">Weiterlesen &raquo;<span class=\"screen-reader-text\">Tag 2<\/span><\/a><\/p>\n","protected":false},"author":4,"featured_media":0,"comment_status":"closed","ping_status":"closed","sticky":false,"template":"","format":"standard","meta":{"neve_meta_sidebar":"","neve_meta_container":"","neve_meta_enable_content_width":"","neve_meta_content_width":0,"neve_meta_title_alignment":"","neve_meta_author_avatar":"","neve_post_elements_order":"","neve_meta_disable_header":"","neve_meta_disable_footer":"","neve_meta_disable_title":"","jetpack_post_was_ever_published":false,"_jetpack_newsletter_access":"","_jetpack_dont_email_post_to_subs":false,"_jetpack_newsletter_tier_id":0,"_jetpack_memberships_contains_paywalled_content":false,"_jetpack_memberships_contains_paid_content":false,"footnotes":"","jetpack_publicize_message":"","jetpack_publicize_feature_enabled":true,"jetpack_social_post_already_shared":true,"jetpack_social_options":{"image_generator_settings":{"template":"highway","default_image_id":0,"font":"","enabled":false},"version":2}},"categories":[10],"tags":[],"class_list":["post-205","post","type-post","status-publish","format-standard","hentry","category-scoutside"],"jetpack_publicize_connections":[],"jetpack_featured_media_url":"","jetpack_sharing_enabled":true,"jetpack_shortlink":"https:\/\/wp.me\/p3G0PZ-3j","_links":{"self":[{"href":"https:\/\/pfadfinder-kuppenheim.de\/index.php?rest_route=\/wp\/v2\/posts\/205","targetHints":{"allow":["GET"]}}],"collection":[{"href":"https:\/\/pfadfinder-kuppenheim.de\/index.php?rest_route=\/wp\/v2\/posts"}],"about":[{"href":"https:\/\/pfadfinder-kuppenheim.de\/index.php?rest_route=\/wp\/v2\/types\/post"}],"author":[{"embeddable":true,"href":"https:\/\/pfadfinder-kuppenheim.de\/index.php?rest_route=\/wp\/v2\/users\/4"}],"replies":[{"embeddable":true,"href":"https:\/\/pfadfinder-kuppenheim.de\/index.php?rest_route=%2Fwp%2Fv2%2Fcomments&post=205"}],"version-history":[{"count":1,"href":"https:\/\/pfadfinder-kuppenheim.de\/index.php?rest_route=\/wp\/v2\/posts\/205\/revisions"}],"predecessor-version":[{"id":206,"href":"https:\/\/pfadfinder-kuppenheim.de\/index.php?rest_route=\/wp\/v2\/posts\/205\/revisions\/206"}],"wp:attachment":[{"href":"https:\/\/pfadfinder-kuppenheim.de\/index.php?rest_route=%2Fwp%2Fv2%2Fmedia&parent=205"}],"wp:term":[{"taxonomy":"category","embeddable":true,"href":"https:\/\/pfadfinder-kuppenheim.de\/index.php?rest_route=%2Fwp%2Fv2%2Fcategories&post=205"},{"taxonomy":"post_tag","embeddable":true,"href":"https:\/\/pfadfinder-kuppenheim.de\/index.php?rest_route=%2Fwp%2Fv2%2Ftags&post=205"}],"curies":[{"name":"wp","href":"https:\/\/api.w.org\/{rel}","templated":true}]}}