{"id":1990,"date":"2015-08-11T14:26:39","date_gmt":"2015-08-11T12:26:39","guid":{"rendered":"http:\/\/blog.pfadfinder-kuppenheim.de\/?p=1990"},"modified":"2017-10-27T13:40:05","modified_gmt":"2017-10-27T11:40:05","slug":"mi-05-08-2015","status":"publish","type":"post","link":"https:\/\/pfadfinder-kuppenheim.de\/?p=1990","title":{"rendered":"Mi 05.08.2015"},"content":{"rendered":"<p>Wir wurden von Sofian morgens geweckt, wuschen uns und fr\u00fchst\u00fcckten, dabei feierten wir noch Max Eberles Geburtstag. Nun richteten wir unser Zeug f\u00fcrs Schwimmbad und hielten eine Morgenrunde. Dann liefen wir los, um vom Bahnhof nach Koblenz in Schwimmbad zu fahren. Als wir in Koblenz waren, liefen wir ins Freibad direkt am Rhein. Dort zogen wir uns um und hatten sehr viel Spa\u00df. Es gab eine rie\u00dfige Rutsche und eine zehn Meter hohen Sprungturm. Wir a\u00dfen noch ein Eis und nach ein paar Stunden gingen wir wieder zu unserem Zeltplatz. Dann a\u00dfen wir unser gekochtes Essen. Am Abend sa\u00dfen wir noch am Lagerfeuer und sangen ein paar Lieder. Dann gingen wir ins Bett.<br \/>\nMax und Raphael<\/p>\n","protected":false},"excerpt":{"rendered":"<p>Wir wurden von Sofian morgens geweckt, wuschen uns und fr\u00fchst\u00fcckten, dabei feierten wir noch Max Eberles Geburtstag. Nun richteten wir unser Zeug f\u00fcrs Schwimmbad und hielten eine Morgenrunde. Dann liefen wir los, um vom Bahnhof nach Koblenz in Schwimmbad zu fahren. Als wir in Koblenz waren, liefen wir ins Freibad direkt am Rhein. Dort zogen&hellip;&nbsp;<a href=\"https:\/\/pfadfinder-kuppenheim.de\/?p=1990\" class=\"\" rel=\"bookmark\">Weiterlesen &raquo;<span class=\"screen-reader-text\">Mi 05.08.2015<\/span><\/a><\/p>\n","protected":false},"author":2,"featured_media":0,"comment_status":"closed","ping_status":"closed","sticky":false,"template":"","format":"standard","meta":{"neve_meta_sidebar":"","neve_meta_container":"","neve_meta_enable_content_width":"","neve_meta_content_width":0,"neve_meta_title_alignment":"","neve_meta_author_avatar":"","neve_post_elements_order":"","neve_meta_disable_header":"","neve_meta_disable_footer":"","neve_meta_disable_title":"","jetpack_post_was_ever_published":false,"_jetpack_newsletter_access":"","_jetpack_dont_email_post_to_subs":false,"_jetpack_newsletter_tier_id":0,"_jetpack_memberships_contains_paywalled_content":false,"_jetpack_memberships_contains_paid_content":false,"footnotes":"","jetpack_publicize_message":"","jetpack_publicize_feature_enabled":true,"jetpack_social_post_already_shared":true,"jetpack_social_options":{"image_generator_settings":{"template":"highway","default_image_id":0,"font":"","enabled":false},"version":2}},"categories":[12],"tags":[],"class_list":["post-1990","post","type-post","status-publish","format-standard","hentry","category-jupfis_sola_tagebuch"],"jetpack_publicize_connections":[],"jetpack_featured_media_url":"","jetpack_sharing_enabled":true,"jetpack_shortlink":"https:\/\/wp.me\/p3G0PZ-w6","_links":{"self":[{"href":"https:\/\/pfadfinder-kuppenheim.de\/index.php?rest_route=\/wp\/v2\/posts\/1990","targetHints":{"allow":["GET"]}}],"collection":[{"href":"https:\/\/pfadfinder-kuppenheim.de\/index.php?rest_route=\/wp\/v2\/posts"}],"about":[{"href":"https:\/\/pfadfinder-kuppenheim.de\/index.php?rest_route=\/wp\/v2\/types\/post"}],"author":[{"embeddable":true,"href":"https:\/\/pfadfinder-kuppenheim.de\/index.php?rest_route=\/wp\/v2\/users\/2"}],"replies":[{"embeddable":true,"href":"https:\/\/pfadfinder-kuppenheim.de\/index.php?rest_route=%2Fwp%2Fv2%2Fcomments&post=1990"}],"version-history":[{"count":1,"href":"https:\/\/pfadfinder-kuppenheim.de\/index.php?rest_route=\/wp\/v2\/posts\/1990\/revisions"}],"predecessor-version":[{"id":1991,"href":"https:\/\/pfadfinder-kuppenheim.de\/index.php?rest_route=\/wp\/v2\/posts\/1990\/revisions\/1991"}],"wp:attachment":[{"href":"https:\/\/pfadfinder-kuppenheim.de\/index.php?rest_route=%2Fwp%2Fv2%2Fmedia&parent=1990"}],"wp:term":[{"taxonomy":"category","embeddable":true,"href":"https:\/\/pfadfinder-kuppenheim.de\/index.php?rest_route=%2Fwp%2Fv2%2Fcategories&post=1990"},{"taxonomy":"post_tag","embeddable":true,"href":"https:\/\/pfadfinder-kuppenheim.de\/index.php?rest_route=%2Fwp%2Fv2%2Ftags&post=1990"}],"curies":[{"name":"wp","href":"https:\/\/api.w.org\/{rel}","templated":true}]}}