{"id":1914,"date":"2015-08-10T09:35:34","date_gmt":"2015-08-10T07:35:34","guid":{"rendered":"http:\/\/blog.pfadfinder-kuppenheim.de\/?p=1914"},"modified":"2017-10-27T13:40:06","modified_gmt":"2017-10-27T11:40:06","slug":"der-wasservulkan","status":"publish","type":"post","link":"https:\/\/pfadfinder-kuppenheim.de\/?p=1914","title":{"rendered":"Der Wasservulkan"},"content":{"rendered":"<p>Obwohl die Lagerdisco sehr lang ging, hie\u00df es fr\u00fch aufstehen. So sitzen wir jetzt schon am Bahnhof und machen uns auf den nach Andernach. Dort sto\u00dft auch Felix S. endlich zu uns.<\/p>\n<p><a href=\"https:\/\/i0.wp.com\/blog.pfadfinder-kuppenheim.de\/wp-content\/uploads\/2015\/08\/wpid-wp-1439193003393.jpeg\"><img data-recalc-dims=\"1\" decoding=\"async\" title=\"wp-1439193003393\" class=\"alignnone size-full\" alt=\"image\" src=\"https:\/\/i0.wp.com\/blog.pfadfinder-kuppenheim.de\/wp-content\/uploads\/2015\/08\/wpid-wp-1439193003393.jpeg?w=1200\"><\/a>&nbsp;<\/p>\n<p><a href=\"https:\/\/i0.wp.com\/blog.pfadfinder-kuppenheim.de\/wp-content\/uploads\/2015\/08\/IMG_1061.jpg\"><img data-recalc-dims=\"1\" decoding=\"async\" src=\"https:\/\/i0.wp.com\/blog.pfadfinder-kuppenheim.de\/wp-content\/uploads\/2015\/08\/IMG_1061.jpg?w=1200\" alt=\"\"><\/a>&nbsp;<\/p>\n<p>Haben gerade rie\u00dfigen Spa\u00df im interaktiven Museum. Dort allerlei auszuprobieren und zu testen.&nbsp;<\/p>\n<p><a href=\"https:\/\/i0.wp.com\/blog.pfadfinder-kuppenheim.de\/wp-content\/uploads\/2015\/08\/IMG_1069.jpg\"><img data-recalc-dims=\"1\" decoding=\"async\" src=\"https:\/\/i0.wp.com\/blog.pfadfinder-kuppenheim.de\/wp-content\/uploads\/2015\/08\/IMG_1069.jpg?w=1200\" alt=\"\"><\/a>&nbsp;<br \/>\n<a href=\"https:\/\/i0.wp.com\/blog.pfadfinder-kuppenheim.de\/wp-content\/uploads\/2015\/08\/IMG_1064.jpg\"><img data-recalc-dims=\"1\" decoding=\"async\" src=\"https:\/\/i0.wp.com\/blog.pfadfinder-kuppenheim.de\/wp-content\/uploads\/2015\/08\/IMG_1064.jpg?w=1200\" alt=\"\"><\/a>&nbsp;&nbsp;<\/p>\n<p><a href=\"https:\/\/i0.wp.com\/blog.pfadfinder-kuppenheim.de\/wp-content\/uploads\/2015\/08\/IMG_1074.jpg\"><img data-recalc-dims=\"1\" decoding=\"async\" src=\"https:\/\/i0.wp.com\/blog.pfadfinder-kuppenheim.de\/wp-content\/uploads\/2015\/08\/IMG_1074.jpg?w=1200\" alt=\"\"><\/a>&nbsp;&nbsp;<a href=\"https:\/\/i0.wp.com\/blog.pfadfinder-kuppenheim.de\/wp-content\/uploads\/2015\/08\/IMG_1073.jpg\"><img data-recalc-dims=\"1\" decoding=\"async\" src=\"https:\/\/i0.wp.com\/blog.pfadfinder-kuppenheim.de\/wp-content\/uploads\/2015\/08\/IMG_1073.jpg?w=1200\" alt=\"\"><\/a>&nbsp;&nbsp;<br \/>\n<a href=\"https:\/\/i0.wp.com\/blog.pfadfinder-kuppenheim.de\/wp-content\/uploads\/2015\/08\/IMG_1072.jpg\"><img data-recalc-dims=\"1\" decoding=\"async\" src=\"https:\/\/i0.wp.com\/blog.pfadfinder-kuppenheim.de\/wp-content\/uploads\/2015\/08\/IMG_1072.jpg?w=1200\" alt=\"\"><\/a>&nbsp;&nbsp;<a href=\"https:\/\/i0.wp.com\/blog.pfadfinder-kuppenheim.de\/wp-content\/uploads\/2015\/08\/IMG_1071.jpg\"><img data-recalc-dims=\"1\" decoding=\"async\" src=\"https:\/\/i0.wp.com\/blog.pfadfinder-kuppenheim.de\/wp-content\/uploads\/2015\/08\/IMG_1071.jpg?w=1200\" alt=\"\"><\/a>&nbsp;&nbsp;<\/p>\n<p><a href=\"https:\/\/i0.wp.com\/blog.pfadfinder-kuppenheim.de\/wp-content\/uploads\/2015\/08\/IMG_1077.jpg\"><img data-recalc-dims=\"1\" decoding=\"async\" src=\"https:\/\/i0.wp.com\/blog.pfadfinder-kuppenheim.de\/wp-content\/uploads\/2015\/08\/IMG_1077.jpg?w=1200\" alt=\"\"><\/a>&nbsp;<\/p>\n<p>So unser Schiff ist da, auf auf zum Geysir.<\/p>\n<p>&nbsp;<a href=\"https:\/\/i0.wp.com\/blog.pfadfinder-kuppenheim.de\/wp-content\/uploads\/2015\/08\/IMG_1081.jpg\"><img data-recalc-dims=\"1\" decoding=\"async\" src=\"https:\/\/i0.wp.com\/blog.pfadfinder-kuppenheim.de\/wp-content\/uploads\/2015\/08\/IMG_1081.jpg?w=1200\" alt=\"\"><\/a>&nbsp;&nbsp;<br \/>\n<a href=\"https:\/\/i0.wp.com\/blog.pfadfinder-kuppenheim.de\/wp-content\/uploads\/2015\/08\/IMG_1078.jpg\"><img data-recalc-dims=\"1\" decoding=\"async\" src=\"https:\/\/i0.wp.com\/blog.pfadfinder-kuppenheim.de\/wp-content\/uploads\/2015\/08\/IMG_1078.jpg?w=1200\" alt=\"\"><\/a>&nbsp;&nbsp;<a href=\"https:\/\/i0.wp.com\/blog.pfadfinder-kuppenheim.de\/wp-content\/uploads\/2015\/08\/IMG_1079.jpg\"><img data-recalc-dims=\"1\" decoding=\"async\" src=\"https:\/\/i0.wp.com\/blog.pfadfinder-kuppenheim.de\/wp-content\/uploads\/2015\/08\/IMG_1079.jpg?w=1200\" alt=\"\"><\/a>&nbsp;<br \/>\nEine Seefahrt die ist Lustig, eine Seefahrt die ist toll&#8230;&nbsp;<\/p>\n<p><a href=\"https:\/\/i0.wp.com\/blog.pfadfinder-kuppenheim.de\/wp-content\/uploads\/2015\/08\/IMG_1084.jpg\"><img data-recalc-dims=\"1\" decoding=\"async\" src=\"https:\/\/i0.wp.com\/blog.pfadfinder-kuppenheim.de\/wp-content\/uploads\/2015\/08\/IMG_1084.jpg?w=1200\" alt=\"\"><\/a>&nbsp;<\/p>\n<p>Geysirwasser f\u00fcr alle!!!&nbsp;<\/p>\n<p><a href=\"https:\/\/i0.wp.com\/blog.pfadfinder-kuppenheim.de\/wp-content\/uploads\/2015\/08\/IMG_1085.jpg\"><img data-recalc-dims=\"1\" decoding=\"async\" src=\"https:\/\/i0.wp.com\/blog.pfadfinder-kuppenheim.de\/wp-content\/uploads\/2015\/08\/IMG_1085.jpg?w=1200\" alt=\"\"><\/a>&nbsp;<\/p>\n<p><a href=\"https:\/\/i0.wp.com\/blog.pfadfinder-kuppenheim.de\/wp-content\/uploads\/2015\/08\/wpid-20150810_134015.jpg\"><img data-recalc-dims=\"1\" decoding=\"async\" title=\"20150810_134015.jpg\" class=\"alignnone size-full\" alt=\"image\" src=\"https:\/\/i0.wp.com\/blog.pfadfinder-kuppenheim.de\/wp-content\/uploads\/2015\/08\/wpid-20150810_134015.jpg?w=1200\"><\/a><\/p>\n<p>Beim Ausbruch sind ein paar nass geworden xD&#8230; Und das nicht nur ein bisschen&#8230;<\/p>\n<p><a href=\"https:\/\/i0.wp.com\/blog.pfadfinder-kuppenheim.de\/wp-content\/uploads\/2015\/08\/wpid-20150810_134454.jpg\"><img data-recalc-dims=\"1\" decoding=\"async\" title=\"20150810_134454.jpg\" class=\"alignnone size-full\" alt=\"image\" src=\"https:\/\/i0.wp.com\/blog.pfadfinder-kuppenheim.de\/wp-content\/uploads\/2015\/08\/wpid-20150810_134454.jpg?w=1200\"><\/a><\/p>\n<p>Mit Gruppenfoto und Geysirwasser probieren konnten alle einen Lagerzehnkampfpunkt erziehlen!!!<\/p>\n<p><a href=\"https:\/\/i0.wp.com\/blog.pfadfinder-kuppenheim.de\/wp-content\/uploads\/2015\/08\/wpid-20150810_133936.jpg\"><img data-recalc-dims=\"1\" decoding=\"async\" title=\"20150810_133936.jpg\" class=\"alignnone size-full\" alt=\"image\" src=\"https:\/\/i0.wp.com\/blog.pfadfinder-kuppenheim.de\/wp-content\/uploads\/2015\/08\/wpid-20150810_133936.jpg?w=1200\"><\/a><\/p>\n<p>Mit dem Schiff geht nun wieder Rheinaufw\u00e4rts nach Andernach. Dort wird erst einmal gevespert.<\/p>\n<p>Nach der St\u00e4rkung am Nachmittag gab es noch Zeit f\u00fcr ein kleines Stadtspiel. <\/p>\n<p>Aktuell sind wir gerade am Bahnhof in Andernach und gerade auf dem Weg wieder zu unserem Zeltplatz.<\/p>\n<p><a href=\"https:\/\/i0.wp.com\/blog.pfadfinder-kuppenheim.de\/wp-content\/uploads\/2015\/08\/wpid-20150810_164323.jpg\"><img data-recalc-dims=\"1\" decoding=\"async\" title=\"20150810_164323.jpg\" class=\"alignnone size-full\" alt=\"image\" src=\"https:\/\/i0.wp.com\/blog.pfadfinder-kuppenheim.de\/wp-content\/uploads\/2015\/08\/wpid-20150810_164323.jpg?w=1200\" \/><\/a><\/p>\n","protected":false},"excerpt":{"rendered":"<p>Obwohl die Lagerdisco sehr lang ging, hie\u00df es fr\u00fch aufstehen. So sitzen wir jetzt schon am Bahnhof und machen uns auf den nach Andernach. Dort sto\u00dft auch Felix S. endlich zu uns. &nbsp; &nbsp; Haben gerade rie\u00dfigen Spa\u00df im interaktiven Museum. Dort allerlei auszuprobieren und zu testen.&nbsp; &nbsp; &nbsp;&nbsp; &nbsp;&nbsp;&nbsp;&nbsp; &nbsp;&nbsp;&nbsp;&nbsp; &nbsp; So unser Schiff&hellip;&nbsp;<a href=\"https:\/\/pfadfinder-kuppenheim.de\/?p=1914\" class=\"\" rel=\"bookmark\">Weiterlesen &raquo;<span class=\"screen-reader-text\">Der Wasservulkan<\/span><\/a><\/p>\n","protected":false},"author":2,"featured_media":0,"comment_status":"closed","ping_status":"closed","sticky":false,"template":"","format":"standard","meta":{"neve_meta_sidebar":"","neve_meta_container":"","neve_meta_enable_content_width":"","neve_meta_content_width":0,"neve_meta_title_alignment":"","neve_meta_author_avatar":"","neve_post_elements_order":"","neve_meta_disable_header":"","neve_meta_disable_footer":"","neve_meta_disable_title":"","jetpack_post_was_ever_published":false,"_jetpack_newsletter_access":"","_jetpack_dont_email_post_to_subs":false,"_jetpack_newsletter_tier_id":0,"_jetpack_memberships_contains_paywalled_content":false,"_jetpack_memberships_contains_paid_content":false,"footnotes":"","jetpack_publicize_message":"","jetpack_publicize_feature_enabled":true,"jetpack_social_post_already_shared":true,"jetpack_social_options":{"image_generator_settings":{"template":"highway","default_image_id":0,"font":"","enabled":false},"version":2}},"categories":[5],"tags":[],"class_list":["post-1914","post","type-post","status-publish","format-standard","hentry","category-jupfis"],"jetpack_publicize_connections":[],"jetpack_featured_media_url":"","jetpack_sharing_enabled":true,"jetpack_shortlink":"https:\/\/wp.me\/p3G0PZ-uS","_links":{"self":[{"href":"https:\/\/pfadfinder-kuppenheim.de\/index.php?rest_route=\/wp\/v2\/posts\/1914","targetHints":{"allow":["GET"]}}],"collection":[{"href":"https:\/\/pfadfinder-kuppenheim.de\/index.php?rest_route=\/wp\/v2\/posts"}],"about":[{"href":"https:\/\/pfadfinder-kuppenheim.de\/index.php?rest_route=\/wp\/v2\/types\/post"}],"author":[{"embeddable":true,"href":"https:\/\/pfadfinder-kuppenheim.de\/index.php?rest_route=\/wp\/v2\/users\/2"}],"replies":[{"embeddable":true,"href":"https:\/\/pfadfinder-kuppenheim.de\/index.php?rest_route=%2Fwp%2Fv2%2Fcomments&post=1914"}],"version-history":[{"count":14,"href":"https:\/\/pfadfinder-kuppenheim.de\/index.php?rest_route=\/wp\/v2\/posts\/1914\/revisions"}],"predecessor-version":[{"id":1958,"href":"https:\/\/pfadfinder-kuppenheim.de\/index.php?rest_route=\/wp\/v2\/posts\/1914\/revisions\/1958"}],"wp:attachment":[{"href":"https:\/\/pfadfinder-kuppenheim.de\/index.php?rest_route=%2Fwp%2Fv2%2Fmedia&parent=1914"}],"wp:term":[{"taxonomy":"category","embeddable":true,"href":"https:\/\/pfadfinder-kuppenheim.de\/index.php?rest_route=%2Fwp%2Fv2%2Fcategories&post=1914"},{"taxonomy":"post_tag","embeddable":true,"href":"https:\/\/pfadfinder-kuppenheim.de\/index.php?rest_route=%2Fwp%2Fv2%2Ftags&post=1914"}],"curies":[{"name":"wp","href":"https:\/\/api.w.org\/{rel}","templated":true}]}}