{"id":17770,"date":"2025-08-28T19:27:55","date_gmt":"2025-08-28T17:27:55","guid":{"rendered":"https:\/\/pfadfinder-kuppenheim.de\/?p=17770"},"modified":"2025-08-28T19:48:27","modified_gmt":"2025-08-28T17:48:27","slug":"olympisches-sommerlager-in-villingen","status":"publish","type":"post","link":"https:\/\/pfadfinder-kuppenheim.de\/?p=17770","title":{"rendered":"Olympisches Sommerlager in Villingen"},"content":{"rendered":"\n<p>Am Samstag, 02.08 sind 14 motivierte Jupfis und 4 LeiterInnen mit der Bahn oder mit dem Auto nach Villingen gefahren. Samstag und Sonntag war klassischer Aufbautag. Samstagabends haben wir lecker gegrillt.<\/p>\n\n\n\n<p>Sonntags wurde unser Lager mit dem olympischen Feuer und dem Begr\u00fc\u00dfungsgang \u00fcber unseren Zeltplatz er\u00f6ffnet. Wir Athleten aus unterschiedlichen L\u00e4ndern und Disziplinen bewiesen unser sportliches K\u00f6nnen mit einem Parcour. Abends durften wir an unserer selbst gebauten Feuerstellen das erste Mal in Sippen kochen und schlossen den Tag am Lagerfeuer ab.<\/p>\n\n\n\n<p>Der Montag war der Streife gewidmet. Hier erkundeten die Sippen die Gegend. Abends gab es einen sch\u00f6nen Gottesdienst von Pfarrer Sauer. Als es dunkel war, durften Leonidas, Kamila und Jana V. Ihr Vesprechen ablegen.<\/p>\n\n\n\n<p>Mit den W\u00f6lflingen haben wir den Dienstag im Freibad Villingen verbracht und das leckere, von Pfarrer Sauer gespendete, Eis gefreut. Abends gab es eine gemeinsame, coole Lagerdisco mit den W\u00f6lflingen. <\/p>\n\n\n\n<p>Der Mittwoch Vormittag war einem stufen\u00fcbergreifenden Gel\u00e4ndespiel gewidmet. Nachmittags ging es sportlich mit der Lagerolympiade weiter. Den bunten Abend der W\u00f6lflinge und dem gemeinsamen Grillen haben wir uns am Abend nicht entgehen lassen.<\/p>\n\n\n\n<p>Die sch\u00f6ne Altstadt von Villingen lernten wir anhand des Stadtspiels in Sippen am Donnerstag kennen. Bei gutem Wetter verbrachten wir den Nachmittag im Freibad. Den Abend widmeten wir uns der Liederrunde von Jana S. <\/p>\n\n\n\n<p>Einen Ausflug nach Gutach zu dem Freilichtmuseum Vogtsbauernh\u00f6fe machten wir am Freitag. Hier lernten wir einiges \u00fcber das fr\u00fchere Leben und durften alte H\u00e4user erkunden. Zudem stellten wir selbst Butter her. Das hat Spa\u00df gemacht. Abends gab es eine Liederrunde von Julian. <\/p>\n\n\n\n<p>Die zweite Sonmerlagerwoche begann am 09.08 heute mit einem Fu\u00dfballturnier von Jana S. Danach haben wir die Plane f\u00fcrs Planenrutschen vorbereitet. Als wir uns alle mit Sp\u00fcli und Wasser eingerieben haben, sind wir los gerutscht. Als kleine Abk\u00fchlung gab es danach Wassermelone und Doppelkekse. Danach r\u00e4umten wir alles auf und dann gab es Abendessen.<\/p>\n\n\n\n<p>Am Sonntagmorgen haben wir f\u00fcr den Hajk die Rucks\u00e4cke probe gepackt, danach haben wir passend zum Motto unsere T-Shirts herausgeholt und sie bemalt und bunte Olympiaringe drauf gedruckt. Danach gab es Freizeit und essen. Bei der Sippe Pandas gab es K\u00e4sesp\u00e4tzle, bei der Sippe Faultiere Pancakes und bei Sippe Katzen Hot Dogs.<\/p>\n\n\n\n<p>Am 11.08, Montag ging der Hajk los. Sippe Panda lief in Richtung Donaueschingen, Sippe Faultiere fuhr mit dem Bus nach Schwenningen und Sippe Katzen ging in Richtung Unterkirnach.<\/p>\n\n\n\n<p>Am 12.08 war die zweite Etappe des Hajks. Als alle Sippen wieder am Platz angekommen waren, haben sich alle entspannt. Zum Abendessen gab es dann f\u00fcr alle Burger am Lagerfeuer.<\/p>\n\n\n\n<p>Der Mittwoch war Fauli Tag. Um elf gab es Brunch, bis dahin konnte man schlafen. Danach konnte man sich so viel hinlegen und d\u00f6sen, wie man wollte. Dies haben sich alle nach dem Hajk verdient. Am sp\u00e4ten Nachmittag gab es schlie\u00dflich den Kochwettbewerb. Faultiere hat Kartoffeln mit Kr\u00e4uterquark als Vorspeise, als Hauptspeise, Spaghetti Napoli und als Nachspeise Pancakes gemacht. Die Sippe Katzen hat als Vorspeise griechischen Bauernsalat gemacht, als Hauptspeise Spaghetti Carbonara und als Nachspeise Vanillepudding mit hei\u00dfen Himbeeren. Die Sippe Pandas hat Salat als Vorspeise, K\u00e4sesp\u00e4tzle als Hauptspeise und Fruchtspie\u00dfe mit Schoko\u00fcberzug als Nachspeise serviert. <\/p>\n\n\n\n<p>Wer schlie\u00dflich gewonnen hatte, erfuhren wir erst am bunten Abend.<\/p>\n\n\n\n<p>Am n\u00e4chsten Tag,14.08 begannen wir mit dem Abbau. Als erstes waren die Sipptische dran. Nach einer kurzen Pause mit Mittagessen ging es an die Zelte. Als diese getan waren, ging es noch als letztes an die Jurte. Zum Abendessen gab es Grillgut vom Lagerfeuer mit Steaks, W\u00fcrstchen und Co. Danach folgte der Bunte Abend.<\/p>\n\n\n\n<p>Dort wurde bekannt gegeben, wer an der Streife, dem Stadtspiel und dem Koch Wettbewerb gewonnen hat. Die Streife, das Stadtspiel und den Koch Wettbewerb haben diese Katze gewonnen.<\/p>\n\n\n\n<p>Der Lagerking wurde nat\u00fcrlich nach ein paar Singspielen auch bekannt gegeben. Dieses Jahr wurde es Elias, die zwei Anw\u00e4rter waren Moritz und Ilja. Die Sieger der Lagerolympiade waren auf dem dritten Platz Jana S., auf dem zweiten Platz Leonidas und auf dem ersten Platz Laura W.<\/p>\n\n\n\n<p>Am letzen Tag sind wir in einem Pavillon aufgewacht. Gefr\u00fchst\u00fcckt haben wir geschmierte Br\u00f6tchen. Als alle fertig gegessen hatten, haben wir die letzten Sachen abgebaut (Festzeltgarnituren, Volleyball Netz). Stambo hat mit der Sippe Hund den Platz schon fr\u00fcher verlassen. Die M\u00fcllkette haben wir nat\u00fcrlich nicht vergessen. <\/p>\n\n\n\n<p>Nach dem Lagerabschluss haben wir das Banner herunter gelassen und unseren Bannermasten schnell aufger\u00e4umt. Danach sind wir losgelaufen zum Bahnhof, da unser Zug schon in 50 Minuten fuhr. Diesen Zug haben wir aber zum Gl\u00fcck noch bekommen und sind so nach Rastatt gefahren. Hier haben uns dann die Eltern abgeholt. Aufs Gep\u00e4ck mussten wir noch 30 Minuten warten. Es war ein sehr sch\u00f6nes Lager.<\/p>\n\n\n\n<p>Gro\u00dfer Lagerbericht von den ausgebildeten Journalisten Ilja &amp; Kerstin.<\/p>\n","protected":false},"excerpt":{"rendered":"<p>Am Samstag, 02.08 sind 14 motivierte Jupfis und 4 LeiterInnen mit der Bahn oder mit dem Auto nach Villingen gefahren. Samstag und Sonntag war klassischer Aufbautag. Samstagabends haben wir lecker gegrillt. Sonntags wurde unser Lager mit dem olympischen Feuer und dem Begr\u00fc\u00dfungsgang \u00fcber unseren Zeltplatz er\u00f6ffnet. Wir Athleten aus unterschiedlichen L\u00e4ndern und Disziplinen bewiesen unser&hellip;&nbsp;<a href=\"https:\/\/pfadfinder-kuppenheim.de\/?p=17770\" class=\"\" rel=\"bookmark\">Weiterlesen &raquo;<span class=\"screen-reader-text\">Olympisches Sommerlager in Villingen<\/span><\/a><\/p>\n","protected":false},"author":19,"featured_media":17775,"comment_status":"closed","ping_status":"","sticky":false,"template":"","format":"standard","meta":{"neve_meta_sidebar":"","neve_meta_container":"","neve_meta_enable_content_width":"","neve_meta_content_width":0,"neve_meta_title_alignment":"","neve_meta_author_avatar":"","neve_post_elements_order":"","neve_meta_disable_header":"","neve_meta_disable_footer":"","neve_meta_disable_title":"","jetpack_post_was_ever_published":false,"_jetpack_newsletter_access":"","_jetpack_dont_email_post_to_subs":false,"_jetpack_newsletter_tier_id":0,"_jetpack_memberships_contains_paywalled_content":false,"_jetpack_memberships_contains_paid_content":false,"footnotes":"","jetpack_publicize_message":"","jetpack_publicize_feature_enabled":true,"jetpack_social_post_already_shared":true,"jetpack_social_options":{"image_generator_settings":{"template":"highway","default_image_id":0,"font":"","enabled":false},"version":2}},"categories":[5,12],"tags":[],"class_list":["post-17770","post","type-post","status-publish","format-standard","has-post-thumbnail","hentry","category-jupfis","category-jupfis_sola_tagebuch"],"jetpack_publicize_connections":[],"jetpack_featured_media_url":"https:\/\/i0.wp.com\/pfadfinder-kuppenheim.de\/wp-content\/uploads\/2025\/08\/img_8083.jpg?fit=2000%2C1500&ssl=1","jetpack_sharing_enabled":true,"jetpack_shortlink":"https:\/\/wp.me\/p3G0PZ-4CC","_links":{"self":[{"href":"https:\/\/pfadfinder-kuppenheim.de\/index.php?rest_route=\/wp\/v2\/posts\/17770","targetHints":{"allow":["GET"]}}],"collection":[{"href":"https:\/\/pfadfinder-kuppenheim.de\/index.php?rest_route=\/wp\/v2\/posts"}],"about":[{"href":"https:\/\/pfadfinder-kuppenheim.de\/index.php?rest_route=\/wp\/v2\/types\/post"}],"author":[{"embeddable":true,"href":"https:\/\/pfadfinder-kuppenheim.de\/index.php?rest_route=\/wp\/v2\/users\/19"}],"replies":[{"embeddable":true,"href":"https:\/\/pfadfinder-kuppenheim.de\/index.php?rest_route=%2Fwp%2Fv2%2Fcomments&post=17770"}],"version-history":[{"count":2,"href":"https:\/\/pfadfinder-kuppenheim.de\/index.php?rest_route=\/wp\/v2\/posts\/17770\/revisions"}],"predecessor-version":[{"id":17772,"href":"https:\/\/pfadfinder-kuppenheim.de\/index.php?rest_route=\/wp\/v2\/posts\/17770\/revisions\/17772"}],"wp:featuredmedia":[{"embeddable":true,"href":"https:\/\/pfadfinder-kuppenheim.de\/index.php?rest_route=\/wp\/v2\/media\/17775"}],"wp:attachment":[{"href":"https:\/\/pfadfinder-kuppenheim.de\/index.php?rest_route=%2Fwp%2Fv2%2Fmedia&parent=17770"}],"wp:term":[{"taxonomy":"category","embeddable":true,"href":"https:\/\/pfadfinder-kuppenheim.de\/index.php?rest_route=%2Fwp%2Fv2%2Fcategories&post=17770"},{"taxonomy":"post_tag","embeddable":true,"href":"https:\/\/pfadfinder-kuppenheim.de\/index.php?rest_route=%2Fwp%2Fv2%2Ftags&post=17770"}],"curies":[{"name":"wp","href":"https:\/\/api.w.org\/{rel}","templated":true}]}}