{"id":16628,"date":"2025-08-04T18:08:00","date_gmt":"2025-08-04T16:08:00","guid":{"rendered":"https:\/\/pfadfinder-kuppenheim.de\/?p=16628"},"modified":"2025-08-06T08:23:45","modified_gmt":"2025-08-06T06:23:45","slug":"sommerlager-tag-5","status":"publish","type":"post","link":"https:\/\/pfadfinder-kuppenheim.de\/?p=16628","title":{"rendered":"Sommerlager Tag 4"},"content":{"rendered":"\n<p>Wie immer haben uns die Leiter im 8:00 Uhr geweckt. Danach haben wir Z\u00e4hne geputzt und die Sportrunde gestartet. Anschlie\u00dfend gingen wir an den Tisch und haben gefr\u00fchst\u00fcckt. Die Morgenrunde hat viel Spa\u00df gemacht. Wir haben die Lagerolympiade begonnen und eine Vesperpause gemacht. Danach haben wir Postkarten geschrieben und die Lagerolympiade fortgesetzt.  Um haben wir Kuchen gegessen. Die Meisten spielten etwas und die andern haben an dem Lager 7 Kampf gearbeitet. Dann gingen wir zum Toulettenh\u00e4usschen und haben Hilz f\u00fcr das Lagerfeuer geholt. Aufeinmal schnitzten wir und bekamen daraufhin den Taschenmesserf\u00fchererschein. Kurz danach haben wir gegrillt. Im letzten Moment gingen alle zum Versprechen. Als das Versprechen von Nora, Janna und Pauline fertig war gingen wir zur\u00fcck zum Zeltplatz. Nun sa\u00dfen wir noch am Feuer und a\u00dfen Popcorn. Zum Schluss haben alle Z\u00e4hne geputzt und gingen ins Bett.<\/p>\n\n\n\n<p>W\u00f6lfingsreporter Giosu\u00e9<\/p>\n","protected":false},"excerpt":{"rendered":"<p>Wie immer haben uns die Leiter im 8:00 Uhr geweckt. Danach haben wir Z\u00e4hne geputzt und die Sportrunde gestartet. Anschlie\u00dfend gingen wir an den Tisch und haben gefr\u00fchst\u00fcckt. Die Morgenrunde hat viel Spa\u00df gemacht. Wir haben die Lagerolympiade begonnen und eine Vesperpause gemacht. Danach haben wir Postkarten geschrieben und die Lagerolympiade fortgesetzt. Um haben wir&hellip;&nbsp;<a href=\"https:\/\/pfadfinder-kuppenheim.de\/?p=16628\" class=\"\" rel=\"bookmark\">Weiterlesen &raquo;<span class=\"screen-reader-text\">Sommerlager Tag 4<\/span><\/a><\/p>\n","protected":false},"author":34,"featured_media":16627,"comment_status":"closed","ping_status":"","sticky":false,"template":"","format":"standard","meta":{"neve_meta_sidebar":"","neve_meta_container":"","neve_meta_enable_content_width":"","neve_meta_content_width":0,"neve_meta_title_alignment":"","neve_meta_author_avatar":"","neve_post_elements_order":"","neve_meta_disable_header":"","neve_meta_disable_footer":"","neve_meta_disable_title":"","jetpack_post_was_ever_published":false,"_jetpack_newsletter_access":"","_jetpack_dont_email_post_to_subs":false,"_jetpack_newsletter_tier_id":0,"_jetpack_memberships_contains_paywalled_content":false,"_jetpack_memberships_contains_paid_content":false,"footnotes":"","jetpack_publicize_message":"","jetpack_publicize_feature_enabled":true,"jetpack_social_post_already_shared":true,"jetpack_social_options":{"image_generator_settings":{"template":"highway","default_image_id":0,"font":"","enabled":false},"version":2}},"categories":[254,4],"tags":[],"class_list":["post-16628","post","type-post","status-publish","format-standard","has-post-thumbnail","hentry","category-sommerlager-2025","category-wolflinge"],"jetpack_publicize_connections":[],"jetpack_featured_media_url":"https:\/\/i0.wp.com\/pfadfinder-kuppenheim.de\/wp-content\/uploads\/2025\/08\/dd4ef8a5-99e5-414e-92ea-0fde9264e3d2-1.jpg?fit=739%2C1600&ssl=1","jetpack_sharing_enabled":true,"jetpack_shortlink":"https:\/\/wp.me\/p3G0PZ-4kc","_links":{"self":[{"href":"https:\/\/pfadfinder-kuppenheim.de\/index.php?rest_route=\/wp\/v2\/posts\/16628","targetHints":{"allow":["GET"]}}],"collection":[{"href":"https:\/\/pfadfinder-kuppenheim.de\/index.php?rest_route=\/wp\/v2\/posts"}],"about":[{"href":"https:\/\/pfadfinder-kuppenheim.de\/index.php?rest_route=\/wp\/v2\/types\/post"}],"author":[{"embeddable":true,"href":"https:\/\/pfadfinder-kuppenheim.de\/index.php?rest_route=\/wp\/v2\/users\/34"}],"replies":[{"embeddable":true,"href":"https:\/\/pfadfinder-kuppenheim.de\/index.php?rest_route=%2Fwp%2Fv2%2Fcomments&post=16628"}],"version-history":[{"count":2,"href":"https:\/\/pfadfinder-kuppenheim.de\/index.php?rest_route=\/wp\/v2\/posts\/16628\/revisions"}],"predecessor-version":[{"id":16847,"href":"https:\/\/pfadfinder-kuppenheim.de\/index.php?rest_route=\/wp\/v2\/posts\/16628\/revisions\/16847"}],"wp:featuredmedia":[{"embeddable":true,"href":"https:\/\/pfadfinder-kuppenheim.de\/index.php?rest_route=\/wp\/v2\/media\/16627"}],"wp:attachment":[{"href":"https:\/\/pfadfinder-kuppenheim.de\/index.php?rest_route=%2Fwp%2Fv2%2Fmedia&parent=16628"}],"wp:term":[{"taxonomy":"category","embeddable":true,"href":"https:\/\/pfadfinder-kuppenheim.de\/index.php?rest_route=%2Fwp%2Fv2%2Fcategories&post=16628"},{"taxonomy":"post_tag","embeddable":true,"href":"https:\/\/pfadfinder-kuppenheim.de\/index.php?rest_route=%2Fwp%2Fv2%2Ftags&post=16628"}],"curies":[{"name":"wp","href":"https:\/\/api.w.org\/{rel}","templated":true}]}}