{"id":16621,"date":"2025-08-04T17:34:18","date_gmt":"2025-08-04T15:34:18","guid":{"rendered":"https:\/\/pfadfinder-kuppenheim.de\/?p=16621"},"modified":"2026-03-20T23:22:09","modified_gmt":"2026-03-20T22:22:09","slug":"lagereroeffnung-platzerkundung","status":"publish","type":"post","link":"https:\/\/pfadfinder-kuppenheim.de\/?p=16621","title":{"rendered":"Lagerer\u00f6ffnung &amp; Platzerkundung"},"content":{"rendered":"\n<p>Heute war unser erster richtiger Tag auf dem Lager \u2013 und der startete ganz entspannt. Wir durften etwas sp\u00e4ter aufstehen, was nach der Anreise wirklich guttat. Ausgeschlafen und voller Vorfreude ging es dann los.<br>Nach dem Fr\u00fchst\u00fcck stand die offizielle Lagerer\u00f6ffnung an. Mit guter Stimmung, ein paar kleinen Spielen und einem Ausblick auf das, was uns die n\u00e4chsten Tage erwartet, wurde das Lager so richtig eingeweiht. Jeder bekam sein Lagerheft \u2013 in diesem steht u.a. das Programm f\u00fcr das Lager, die Aufgaben f\u00fcr den Lager-10-Kampf und Insider-Tipps f\u00fcr Paris. Es gibt eine R\u00e4tselseite eine Witzeseite. Im Anschluss an die Lagerer\u00f6ffnung hatten wir Zeit, das 52 Hektar gro\u00dfe Gel\u00e4nde zu erkunden. Es gab viel zu entdecken: Das Schloss, den griechischen Tempel, das Amphitheater,&nbsp; &#8230; Das Wetter war auf unserer Seite und so wurde auch die Zeit flei\u00dfig genutzt \u2013 ob zum Erkunden, Reden oder einfach nur zum Chillen.<br>Alles in allem: ein gelungener Start, der Lust auf mehr macht!<\/p>\n\n\n\n<figure class=\"wp-block-gallery has-nested-images columns-default is-cropped wp-block-gallery-1 is-layout-flex wp-block-gallery-is-layout-flex\">\n<figure class=\"wp-block-image size-large\"><img data-recalc-dims=\"1\" loading=\"lazy\" decoding=\"async\" width=\"1024\" height=\"461\" data-id=\"16614\" src=\"https:\/\/i0.wp.com\/pfadfinder-kuppenheim.de\/wp-content\/uploads\/2025\/08\/20250803_1021591822242094651047095.jpg?resize=1024%2C461&#038;ssl=1\" alt=\"\" class=\"wp-image-16614\" srcset=\"https:\/\/i0.wp.com\/pfadfinder-kuppenheim.de\/wp-content\/uploads\/2025\/08\/20250803_1021591822242094651047095.jpg?resize=1024%2C461&amp;ssl=1 1024w, https:\/\/i0.wp.com\/pfadfinder-kuppenheim.de\/wp-content\/uploads\/2025\/08\/20250803_1021591822242094651047095.jpg?resize=300%2C135&amp;ssl=1 300w, https:\/\/i0.wp.com\/pfadfinder-kuppenheim.de\/wp-content\/uploads\/2025\/08\/20250803_1021591822242094651047095.jpg?resize=768%2C346&amp;ssl=1 768w, https:\/\/i0.wp.com\/pfadfinder-kuppenheim.de\/wp-content\/uploads\/2025\/08\/20250803_1021591822242094651047095.jpg?resize=1536%2C692&amp;ssl=1 1536w, https:\/\/i0.wp.com\/pfadfinder-kuppenheim.de\/wp-content\/uploads\/2025\/08\/20250803_1021591822242094651047095.jpg?w=2000&amp;ssl=1 2000w\" sizes=\"auto, (max-width: 1024px) 100vw, 1024px\" \/><\/figure>\n\n\n\n<figure class=\"wp-block-image size-large\"><img data-recalc-dims=\"1\" loading=\"lazy\" decoding=\"async\" width=\"461\" height=\"1024\" data-id=\"16613\" src=\"https:\/\/i0.wp.com\/pfadfinder-kuppenheim.de\/wp-content\/uploads\/2025\/08\/20250803_1022215240040336569701893.jpg?resize=461%2C1024&#038;ssl=1\" alt=\"\" class=\"wp-image-16613\" srcset=\"https:\/\/i0.wp.com\/pfadfinder-kuppenheim.de\/wp-content\/uploads\/2025\/08\/20250803_1022215240040336569701893.jpg?resize=461%2C1024&amp;ssl=1 461w, https:\/\/i0.wp.com\/pfadfinder-kuppenheim.de\/wp-content\/uploads\/2025\/08\/20250803_1022215240040336569701893.jpg?resize=135%2C300&amp;ssl=1 135w, https:\/\/i0.wp.com\/pfadfinder-kuppenheim.de\/wp-content\/uploads\/2025\/08\/20250803_1022215240040336569701893.jpg?resize=768%2C1705&amp;ssl=1 768w, https:\/\/i0.wp.com\/pfadfinder-kuppenheim.de\/wp-content\/uploads\/2025\/08\/20250803_1022215240040336569701893.jpg?resize=692%2C1536&amp;ssl=1 692w, https:\/\/i0.wp.com\/pfadfinder-kuppenheim.de\/wp-content\/uploads\/2025\/08\/20250803_1022215240040336569701893.jpg?w=908&amp;ssl=1 908w\" sizes=\"auto, (max-width: 461px) 100vw, 461px\" \/><\/figure>\n\n\n\n<figure class=\"wp-block-image size-large\"><img data-recalc-dims=\"1\" loading=\"lazy\" decoding=\"async\" width=\"1024\" height=\"768\" data-id=\"16616\" src=\"https:\/\/i0.wp.com\/pfadfinder-kuppenheim.de\/wp-content\/uploads\/2025\/08\/img-20250803-wa00084631538035281812476.jpg?resize=1024%2C768&#038;ssl=1\" alt=\"\" class=\"wp-image-16616\" srcset=\"https:\/\/i0.wp.com\/pfadfinder-kuppenheim.de\/wp-content\/uploads\/2025\/08\/img-20250803-wa00084631538035281812476.jpg?resize=1024%2C768&amp;ssl=1 1024w, https:\/\/i0.wp.com\/pfadfinder-kuppenheim.de\/wp-content\/uploads\/2025\/08\/img-20250803-wa00084631538035281812476.jpg?resize=300%2C225&amp;ssl=1 300w, https:\/\/i0.wp.com\/pfadfinder-kuppenheim.de\/wp-content\/uploads\/2025\/08\/img-20250803-wa00084631538035281812476.jpg?resize=768%2C576&amp;ssl=1 768w, https:\/\/i0.wp.com\/pfadfinder-kuppenheim.de\/wp-content\/uploads\/2025\/08\/img-20250803-wa00084631538035281812476.jpg?resize=1536%2C1152&amp;ssl=1 1536w, https:\/\/i0.wp.com\/pfadfinder-kuppenheim.de\/wp-content\/uploads\/2025\/08\/img-20250803-wa00084631538035281812476.jpg?w=2000&amp;ssl=1 2000w\" sizes=\"auto, (max-width: 1024px) 100vw, 1024px\" \/><\/figure>\n\n\n\n<figure class=\"wp-block-image size-large\"><img data-recalc-dims=\"1\" loading=\"lazy\" decoding=\"async\" width=\"1024\" height=\"768\" data-id=\"16617\" src=\"https:\/\/i0.wp.com\/pfadfinder-kuppenheim.de\/wp-content\/uploads\/2025\/08\/img-20250803-wa00066137781146116980520.jpg?resize=1024%2C768&#038;ssl=1\" alt=\"\" class=\"wp-image-16617\" srcset=\"https:\/\/i0.wp.com\/pfadfinder-kuppenheim.de\/wp-content\/uploads\/2025\/08\/img-20250803-wa00066137781146116980520.jpg?resize=1024%2C768&amp;ssl=1 1024w, https:\/\/i0.wp.com\/pfadfinder-kuppenheim.de\/wp-content\/uploads\/2025\/08\/img-20250803-wa00066137781146116980520.jpg?resize=300%2C225&amp;ssl=1 300w, https:\/\/i0.wp.com\/pfadfinder-kuppenheim.de\/wp-content\/uploads\/2025\/08\/img-20250803-wa00066137781146116980520.jpg?resize=768%2C576&amp;ssl=1 768w, https:\/\/i0.wp.com\/pfadfinder-kuppenheim.de\/wp-content\/uploads\/2025\/08\/img-20250803-wa00066137781146116980520.jpg?resize=1536%2C1152&amp;ssl=1 1536w, https:\/\/i0.wp.com\/pfadfinder-kuppenheim.de\/wp-content\/uploads\/2025\/08\/img-20250803-wa00066137781146116980520.jpg?w=2000&amp;ssl=1 2000w\" sizes=\"auto, (max-width: 1024px) 100vw, 1024px\" \/><\/figure>\n\n\n\n<figure class=\"wp-block-image size-large\"><img data-recalc-dims=\"1\" loading=\"lazy\" decoding=\"async\" width=\"1024\" height=\"460\" data-id=\"16615\" src=\"https:\/\/i0.wp.com\/pfadfinder-kuppenheim.de\/wp-content\/uploads\/2025\/08\/20250803_1326471834453278576464657.jpg?resize=1024%2C460&#038;ssl=1\" alt=\"\" class=\"wp-image-16615\" srcset=\"https:\/\/i0.wp.com\/pfadfinder-kuppenheim.de\/wp-content\/uploads\/2025\/08\/20250803_1326471834453278576464657.jpg?resize=1024%2C460&amp;ssl=1 1024w, https:\/\/i0.wp.com\/pfadfinder-kuppenheim.de\/wp-content\/uploads\/2025\/08\/20250803_1326471834453278576464657.jpg?resize=300%2C135&amp;ssl=1 300w, https:\/\/i0.wp.com\/pfadfinder-kuppenheim.de\/wp-content\/uploads\/2025\/08\/20250803_1326471834453278576464657.jpg?resize=768%2C345&amp;ssl=1 768w, https:\/\/i0.wp.com\/pfadfinder-kuppenheim.de\/wp-content\/uploads\/2025\/08\/20250803_1326471834453278576464657.jpg?resize=1536%2C690&amp;ssl=1 1536w, https:\/\/i0.wp.com\/pfadfinder-kuppenheim.de\/wp-content\/uploads\/2025\/08\/20250803_1326471834453278576464657.jpg?w=2000&amp;ssl=1 2000w\" sizes=\"auto, (max-width: 1024px) 100vw, 1024px\" \/><\/figure>\n\n\n\n<figure class=\"wp-block-image size-large\"><img data-recalc-dims=\"1\" loading=\"lazy\" decoding=\"async\" width=\"461\" height=\"1024\" data-id=\"16619\" src=\"https:\/\/i0.wp.com\/pfadfinder-kuppenheim.de\/wp-content\/uploads\/2025\/08\/20250803_1325181580379125670352740.jpg?resize=461%2C1024&#038;ssl=1\" alt=\"\" class=\"wp-image-16619\" srcset=\"https:\/\/i0.wp.com\/pfadfinder-kuppenheim.de\/wp-content\/uploads\/2025\/08\/20250803_1325181580379125670352740.jpg?resize=461%2C1024&amp;ssl=1 461w, https:\/\/i0.wp.com\/pfadfinder-kuppenheim.de\/wp-content\/uploads\/2025\/08\/20250803_1325181580379125670352740.jpg?resize=135%2C300&amp;ssl=1 135w, https:\/\/i0.wp.com\/pfadfinder-kuppenheim.de\/wp-content\/uploads\/2025\/08\/20250803_1325181580379125670352740.jpg?resize=768%2C1705&amp;ssl=1 768w, https:\/\/i0.wp.com\/pfadfinder-kuppenheim.de\/wp-content\/uploads\/2025\/08\/20250803_1325181580379125670352740.jpg?resize=692%2C1536&amp;ssl=1 692w, https:\/\/i0.wp.com\/pfadfinder-kuppenheim.de\/wp-content\/uploads\/2025\/08\/20250803_1325181580379125670352740.jpg?w=908&amp;ssl=1 908w\" sizes=\"auto, (max-width: 461px) 100vw, 461px\" \/><\/figure>\n\n\n\n<figure class=\"wp-block-image size-large\"><img data-recalc-dims=\"1\" loading=\"lazy\" decoding=\"async\" width=\"461\" height=\"1024\" data-id=\"16618\" src=\"https:\/\/i0.wp.com\/pfadfinder-kuppenheim.de\/wp-content\/uploads\/2025\/08\/20250803_1333194413571715696283843.jpg?resize=461%2C1024&#038;ssl=1\" alt=\"\" class=\"wp-image-16618\" srcset=\"https:\/\/i0.wp.com\/pfadfinder-kuppenheim.de\/wp-content\/uploads\/2025\/08\/20250803_1333194413571715696283843.jpg?resize=461%2C1024&amp;ssl=1 461w, https:\/\/i0.wp.com\/pfadfinder-kuppenheim.de\/wp-content\/uploads\/2025\/08\/20250803_1333194413571715696283843.jpg?resize=135%2C300&amp;ssl=1 135w, https:\/\/i0.wp.com\/pfadfinder-kuppenheim.de\/wp-content\/uploads\/2025\/08\/20250803_1333194413571715696283843.jpg?resize=768%2C1705&amp;ssl=1 768w, https:\/\/i0.wp.com\/pfadfinder-kuppenheim.de\/wp-content\/uploads\/2025\/08\/20250803_1333194413571715696283843.jpg?resize=692%2C1536&amp;ssl=1 692w, https:\/\/i0.wp.com\/pfadfinder-kuppenheim.de\/wp-content\/uploads\/2025\/08\/20250803_1333194413571715696283843.jpg?w=908&amp;ssl=1 908w\" sizes=\"auto, (max-width: 461px) 100vw, 461px\" \/><\/figure>\n<\/figure>\n","protected":false},"excerpt":{"rendered":"<p>Heute war unser erster richtiger Tag auf dem Lager \u2013 und der startete ganz entspannt. Wir durften etwas sp\u00e4ter aufstehen, was nach der Anreise wirklich guttat. Ausgeschlafen und voller Vorfreude ging es dann los.Nach dem Fr\u00fchst\u00fcck stand die offizielle Lagerer\u00f6ffnung an. Mit guter Stimmung, ein paar kleinen Spielen und einem Ausblick auf das, was uns&hellip;&nbsp;<a href=\"https:\/\/pfadfinder-kuppenheim.de\/?p=16621\" class=\"\" rel=\"bookmark\">Weiterlesen &raquo;<span class=\"screen-reader-text\">Lagerer\u00f6ffnung &amp; Platzerkundung<\/span><\/a><\/p>\n","protected":false},"author":42,"featured_media":16620,"comment_status":"open","ping_status":"","sticky":false,"template":"","format":"standard","meta":{"neve_meta_sidebar":"","neve_meta_container":"","neve_meta_enable_content_width":"","neve_meta_content_width":0,"neve_meta_title_alignment":"","neve_meta_author_avatar":"","neve_post_elements_order":"","neve_meta_disable_header":"","neve_meta_disable_footer":"","neve_meta_disable_title":"","jetpack_post_was_ever_published":false,"_jetpack_newsletter_access":"","_jetpack_dont_email_post_to_subs":false,"_jetpack_newsletter_tier_id":0,"_jetpack_memberships_contains_paywalled_content":false,"_jetpack_memberships_contains_paid_content":false,"footnotes":"","jetpack_publicize_message":"","jetpack_publicize_feature_enabled":true,"jetpack_social_post_already_shared":true,"jetpack_social_options":{"image_generator_settings":{"template":"highway","default_image_id":0,"font":"","enabled":false},"version":2}},"categories":[264,42,6,23],"tags":[258,132,58,78],"class_list":["post-16621","post","type-post","status-publish","format-standard","has-post-thumbnail","hentry","category-2025-jambville","category-berichte","category-pfadis","category-pfadis_sola_tagebuch","tag-lagereroeffnung","tag-pfadfinder","tag-pfadis","tag-sommerlager"],"jetpack_publicize_connections":[],"jetpack_featured_media_url":"https:\/\/i0.wp.com\/pfadfinder-kuppenheim.de\/wp-content\/uploads\/2025\/08\/IMG-20250803-WA0006.jpg?fit=2048%2C1536&ssl=1","jetpack_sharing_enabled":true,"jetpack_shortlink":"https:\/\/wp.me\/p3G0PZ-4k5","_links":{"self":[{"href":"https:\/\/pfadfinder-kuppenheim.de\/index.php?rest_route=\/wp\/v2\/posts\/16621","targetHints":{"allow":["GET"]}}],"collection":[{"href":"https:\/\/pfadfinder-kuppenheim.de\/index.php?rest_route=\/wp\/v2\/posts"}],"about":[{"href":"https:\/\/pfadfinder-kuppenheim.de\/index.php?rest_route=\/wp\/v2\/types\/post"}],"author":[{"embeddable":true,"href":"https:\/\/pfadfinder-kuppenheim.de\/index.php?rest_route=\/wp\/v2\/users\/42"}],"replies":[{"embeddable":true,"href":"https:\/\/pfadfinder-kuppenheim.de\/index.php?rest_route=%2Fwp%2Fv2%2Fcomments&post=16621"}],"version-history":[{"count":1,"href":"https:\/\/pfadfinder-kuppenheim.de\/index.php?rest_route=\/wp\/v2\/posts\/16621\/revisions"}],"predecessor-version":[{"id":16623,"href":"https:\/\/pfadfinder-kuppenheim.de\/index.php?rest_route=\/wp\/v2\/posts\/16621\/revisions\/16623"}],"wp:featuredmedia":[{"embeddable":true,"href":"https:\/\/pfadfinder-kuppenheim.de\/index.php?rest_route=\/wp\/v2\/media\/16620"}],"wp:attachment":[{"href":"https:\/\/pfadfinder-kuppenheim.de\/index.php?rest_route=%2Fwp%2Fv2%2Fmedia&parent=16621"}],"wp:term":[{"taxonomy":"category","embeddable":true,"href":"https:\/\/pfadfinder-kuppenheim.de\/index.php?rest_route=%2Fwp%2Fv2%2Fcategories&post=16621"},{"taxonomy":"post_tag","embeddable":true,"href":"https:\/\/pfadfinder-kuppenheim.de\/index.php?rest_route=%2Fwp%2Fv2%2Ftags&post=16621"}],"curies":[{"name":"wp","href":"https:\/\/api.w.org\/{rel}","templated":true}]}}