{"id":15500,"date":"2025-03-27T07:57:53","date_gmt":"2025-03-27T06:57:53","guid":{"rendered":"https:\/\/pfadfinder-kuppenheim.de\/?p=15500"},"modified":"2025-03-27T08:01:54","modified_gmt":"2025-03-27T07:01:54","slug":"biber-gruppe-der-pfadfinder-kuppenheim-engagiert-sich-fuer-die-umwelt-%f0%9f%a6%ab%f0%9f%8c%b1","status":"publish","type":"post","link":"https:\/\/pfadfinder-kuppenheim.de\/?p=15500","title":{"rendered":"Biber-Gruppe der Pfadfinder Kuppenheim engagiert sich f\u00fcr die Umwelt&#x1f9ab;&#x1f331;"},"content":{"rendered":"\n<figure class=\"wp-block-image size-large\"><img data-recalc-dims=\"1\" loading=\"lazy\" decoding=\"async\" width=\"576\" height=\"1024\" src=\"https:\/\/i0.wp.com\/pfadfinder-kuppenheim.de\/wp-content\/uploads\/2025\/03\/b6f6a956-db93-45f6-acfb-4cb0d36f50dc-3-1.jpg?resize=576%2C1024&#038;ssl=1\" alt=\"\" class=\"wp-image-15502\" srcset=\"https:\/\/i0.wp.com\/pfadfinder-kuppenheim.de\/wp-content\/uploads\/2025\/03\/b6f6a956-db93-45f6-acfb-4cb0d36f50dc-3-1.jpg?resize=576%2C1024&amp;ssl=1 576w, https:\/\/i0.wp.com\/pfadfinder-kuppenheim.de\/wp-content\/uploads\/2025\/03\/b6f6a956-db93-45f6-acfb-4cb0d36f50dc-3-1.jpg?resize=169%2C300&amp;ssl=1 169w, https:\/\/i0.wp.com\/pfadfinder-kuppenheim.de\/wp-content\/uploads\/2025\/03\/b6f6a956-db93-45f6-acfb-4cb0d36f50dc-3-1.jpg?resize=768%2C1366&amp;ssl=1 768w, https:\/\/i0.wp.com\/pfadfinder-kuppenheim.de\/wp-content\/uploads\/2025\/03\/b6f6a956-db93-45f6-acfb-4cb0d36f50dc-3-1.jpg?resize=864%2C1536&amp;ssl=1 864w, https:\/\/i0.wp.com\/pfadfinder-kuppenheim.de\/wp-content\/uploads\/2025\/03\/b6f6a956-db93-45f6-acfb-4cb0d36f50dc-3-1.jpg?w=899&amp;ssl=1 899w\" sizes=\"auto, (max-width: 576px) 100vw, 576px\" \/><\/figure>\n\n\n\n<p>Am vergangenen Dienstag zeigte die Biber-Gruppe der Pfadfinder Kuppenheim, dass Umweltschutz auch im Kleinen Gro\u00dfes bewirken kann. Ausger\u00fcstet mit Bollerwagen und Handschuhen zogen die jungen Pfadfinder in den W\u00f6rtelwald, um dort achtlos weggeworfenen M\u00fcll zu sammeln.<\/p>\n\n\n\n<p>Trotz ihrer kleinen Gruppe sammelten die Kinder und ihre Betreuer eine beeindruckende Menge an Abfall, darunter Plastikflaschen, Verpackungen und sogar alte Metallteile. Nach der Sammlung wurde der M\u00fcll sorgf\u00e4ltig getrennt und fachgerecht entsorgt.<\/p>\n\n\n\n<p>\u201eEs ist erschreckend, wie viel M\u00fcll wir gefunden haben, aber es zeigt auch, wie wichtig solche Aktionen sind\u201c, sagte Marisa, die Gruppenleiterin. Die Aktion war nicht nur ein Beitrag zum Umweltschutz, sondern auch eine wertvolle Lektion f\u00fcr die Kinder, wie wichtig es ist, unsere Natur zu sch\u00fctzen.<\/p>\n\n\n\n<p>Die Pfadfinder hoffen, mit ihrer Aktion ein Zeichen zu setzen und andere dazu zu inspirieren, ebenfalls aktiv zu werden. Denn wie ihr Motto sagt: \u201eOhne Abenteuer w\u00e4re das Leben t\u00f6dlich langweilig&#8220;<\/p>\n\n\n\n<figure class=\"wp-block-image size-large\"><img data-recalc-dims=\"1\" loading=\"lazy\" decoding=\"async\" width=\"768\" height=\"1024\" src=\"https:\/\/i0.wp.com\/pfadfinder-kuppenheim.de\/wp-content\/uploads\/2025\/03\/212ee429-6587-423a-8f8a-302dde283d7c-1.jpg?resize=768%2C1024&#038;ssl=1\" alt=\"\" class=\"wp-image-15498\" srcset=\"https:\/\/i0.wp.com\/pfadfinder-kuppenheim.de\/wp-content\/uploads\/2025\/03\/212ee429-6587-423a-8f8a-302dde283d7c-1.jpg?resize=768%2C1024&amp;ssl=1 768w, https:\/\/i0.wp.com\/pfadfinder-kuppenheim.de\/wp-content\/uploads\/2025\/03\/212ee429-6587-423a-8f8a-302dde283d7c-1.jpg?resize=225%2C300&amp;ssl=1 225w, https:\/\/i0.wp.com\/pfadfinder-kuppenheim.de\/wp-content\/uploads\/2025\/03\/212ee429-6587-423a-8f8a-302dde283d7c-1.jpg?resize=1152%2C1536&amp;ssl=1 1152w, https:\/\/i0.wp.com\/pfadfinder-kuppenheim.de\/wp-content\/uploads\/2025\/03\/212ee429-6587-423a-8f8a-302dde283d7c-1.jpg?w=1500&amp;ssl=1 1500w\" sizes=\"auto, (max-width: 768px) 100vw, 768px\" \/><\/figure>\n\n\n\n<figure class=\"wp-block-image size-large\"><img data-recalc-dims=\"1\" loading=\"lazy\" decoding=\"async\" width=\"768\" height=\"1024\" src=\"https:\/\/i0.wp.com\/pfadfinder-kuppenheim.de\/wp-content\/uploads\/2025\/03\/db616029-271c-4078-b7cc-5d33ebd387bf-1.jpg?resize=768%2C1024&#038;ssl=1\" alt=\"\" class=\"wp-image-15503\" srcset=\"https:\/\/i0.wp.com\/pfadfinder-kuppenheim.de\/wp-content\/uploads\/2025\/03\/db616029-271c-4078-b7cc-5d33ebd387bf-1.jpg?resize=768%2C1024&amp;ssl=1 768w, https:\/\/i0.wp.com\/pfadfinder-kuppenheim.de\/wp-content\/uploads\/2025\/03\/db616029-271c-4078-b7cc-5d33ebd387bf-1.jpg?resize=225%2C300&amp;ssl=1 225w, https:\/\/i0.wp.com\/pfadfinder-kuppenheim.de\/wp-content\/uploads\/2025\/03\/db616029-271c-4078-b7cc-5d33ebd387bf-1.jpg?resize=1152%2C1536&amp;ssl=1 1152w, https:\/\/i0.wp.com\/pfadfinder-kuppenheim.de\/wp-content\/uploads\/2025\/03\/db616029-271c-4078-b7cc-5d33ebd387bf-1.jpg?w=1500&amp;ssl=1 1500w\" sizes=\"auto, (max-width: 768px) 100vw, 768px\" \/><\/figure>\n","protected":false},"excerpt":{"rendered":"<p>Am vergangenen Dienstag zeigte die Biber-Gruppe der Pfadfinder Kuppenheim, dass Umweltschutz auch im Kleinen Gro\u00dfes bewirken kann. Ausger\u00fcstet mit Bollerwagen und Handschuhen zogen die jungen Pfadfinder in den W\u00f6rtelwald, um dort achtlos weggeworfenen M\u00fcll zu sammeln. Trotz ihrer kleinen Gruppe sammelten die Kinder und ihre Betreuer eine beeindruckende Menge an Abfall, darunter Plastikflaschen, Verpackungen und&hellip;&nbsp;<a href=\"https:\/\/pfadfinder-kuppenheim.de\/?p=15500\" class=\"\" rel=\"bookmark\">Weiterlesen &raquo;<span class=\"screen-reader-text\">Biber-Gruppe der Pfadfinder Kuppenheim engagiert sich f\u00fcr die Umwelt&#x1f9ab;&#x1f331;<\/span><\/a><\/p>\n","protected":false},"author":39,"featured_media":0,"comment_status":"closed","ping_status":"","sticky":false,"template":"","format":"standard","meta":{"neve_meta_sidebar":"","neve_meta_container":"","neve_meta_enable_content_width":"","neve_meta_content_width":0,"neve_meta_title_alignment":"","neve_meta_author_avatar":"","neve_post_elements_order":"","neve_meta_disable_header":"","neve_meta_disable_footer":"","neve_meta_disable_title":"","jetpack_post_was_ever_published":false,"_jetpack_newsletter_access":"","_jetpack_dont_email_post_to_subs":false,"_jetpack_newsletter_tier_id":0,"_jetpack_memberships_contains_paywalled_content":false,"_jetpack_memberships_contains_paid_content":false,"footnotes":"","jetpack_publicize_message":"","jetpack_publicize_feature_enabled":true,"jetpack_social_post_already_shared":true,"jetpack_social_options":{"image_generator_settings":{"template":"highway","default_image_id":0,"font":"","enabled":false},"version":2}},"categories":[131],"tags":[141],"class_list":["post-15500","post","type-post","status-publish","format-standard","hentry","category-biber","tag-biberwoertelwald"],"jetpack_publicize_connections":[],"jetpack_featured_media_url":"","jetpack_sharing_enabled":true,"jetpack_shortlink":"https:\/\/wp.me\/p3G0PZ-420","_links":{"self":[{"href":"https:\/\/pfadfinder-kuppenheim.de\/index.php?rest_route=\/wp\/v2\/posts\/15500","targetHints":{"allow":["GET"]}}],"collection":[{"href":"https:\/\/pfadfinder-kuppenheim.de\/index.php?rest_route=\/wp\/v2\/posts"}],"about":[{"href":"https:\/\/pfadfinder-kuppenheim.de\/index.php?rest_route=\/wp\/v2\/types\/post"}],"author":[{"embeddable":true,"href":"https:\/\/pfadfinder-kuppenheim.de\/index.php?rest_route=\/wp\/v2\/users\/39"}],"replies":[{"embeddable":true,"href":"https:\/\/pfadfinder-kuppenheim.de\/index.php?rest_route=%2Fwp%2Fv2%2Fcomments&post=15500"}],"version-history":[{"count":5,"href":"https:\/\/pfadfinder-kuppenheim.de\/index.php?rest_route=\/wp\/v2\/posts\/15500\/revisions"}],"predecessor-version":[{"id":15507,"href":"https:\/\/pfadfinder-kuppenheim.de\/index.php?rest_route=\/wp\/v2\/posts\/15500\/revisions\/15507"}],"wp:attachment":[{"href":"https:\/\/pfadfinder-kuppenheim.de\/index.php?rest_route=%2Fwp%2Fv2%2Fmedia&parent=15500"}],"wp:term":[{"taxonomy":"category","embeddable":true,"href":"https:\/\/pfadfinder-kuppenheim.de\/index.php?rest_route=%2Fwp%2Fv2%2Fcategories&post=15500"},{"taxonomy":"post_tag","embeddable":true,"href":"https:\/\/pfadfinder-kuppenheim.de\/index.php?rest_route=%2Fwp%2Fv2%2Ftags&post=15500"}],"curies":[{"name":"wp","href":"https:\/\/api.w.org\/{rel}","templated":true}]}}