{"id":15395,"date":"2025-03-21T19:53:47","date_gmt":"2025-03-21T18:53:47","guid":{"rendered":"https:\/\/pfadfinder-kuppenheim.de\/?p=15395"},"modified":"2025-03-21T19:53:47","modified_gmt":"2025-03-21T18:53:47","slug":"das-abenteuer-woelfi-auf-weltreise-beginnt","status":"publish","type":"post","link":"https:\/\/pfadfinder-kuppenheim.de\/?p=15395","title":{"rendered":"Das Abenteuer W\u00f6lfi auf Weltreise beginnt"},"content":{"rendered":"\n<p>Seit heute Mittag sind vierzehn mutige Weltenbummler auf der Weltreise mit W\u00f6fi in Gengenbach. Die DV-Aktion mit \u00fcber 50 W\u00f6flingen startete f\u00fcr uns am Bahnhof Baden Oos. Einige begingen die erste Etappe mit dem Auto, die anderen mit dem Zug.<\/p>\n\n\n\n<figure class=\"wp-block-gallery has-nested-images columns-default is-cropped wp-block-gallery-1 is-layout-flex wp-block-gallery-is-layout-flex\">\n<figure class=\"wp-block-image\"><img data-recalc-dims=\"1\" loading=\"lazy\" decoding=\"async\" width=\"1024\" height=\"768\" data-id=\"15386\" src=\"https:\/\/i0.wp.com\/pfadfinder-kuppenheim.de\/wp-content\/uploads\/2025\/03\/img_6226.jpg?resize=1024%2C768&#038;ssl=1\" alt=\"\" class=\"wp-image-15386\" srcset=\"https:\/\/i0.wp.com\/pfadfinder-kuppenheim.de\/wp-content\/uploads\/2025\/03\/img_6226.jpg?resize=1024%2C768&amp;ssl=1 1024w, https:\/\/i0.wp.com\/pfadfinder-kuppenheim.de\/wp-content\/uploads\/2025\/03\/img_6226.jpg?resize=300%2C225&amp;ssl=1 300w, https:\/\/i0.wp.com\/pfadfinder-kuppenheim.de\/wp-content\/uploads\/2025\/03\/img_6226.jpg?resize=768%2C576&amp;ssl=1 768w, https:\/\/i0.wp.com\/pfadfinder-kuppenheim.de\/wp-content\/uploads\/2025\/03\/img_6226.jpg?resize=1536%2C1152&amp;ssl=1 1536w, https:\/\/i0.wp.com\/pfadfinder-kuppenheim.de\/wp-content\/uploads\/2025\/03\/img_6226.jpg?w=2000&amp;ssl=1 2000w\" sizes=\"auto, (max-width: 1024px) 100vw, 1024px\" \/><\/figure>\n<\/figure>\n\n\n\n<p>Als wir im Baden-Powell Haus ankamen, dem Di\u00f6zesenhaus, haben wir das Haus erkundet und die Rutsche entdeckt. Es ist riesig.<\/p>\n\n\n\n<figure class=\"wp-block-image size-large\"><img data-recalc-dims=\"1\" loading=\"lazy\" decoding=\"async\" width=\"768\" height=\"1024\" src=\"https:\/\/i0.wp.com\/pfadfinder-kuppenheim.de\/wp-content\/uploads\/2025\/03\/img_6232.jpg?resize=768%2C1024&#038;ssl=1\" class=\"wp-image-15387\" srcset=\"https:\/\/i0.wp.com\/pfadfinder-kuppenheim.de\/wp-content\/uploads\/2025\/03\/img_6232.jpg?resize=768%2C1024&amp;ssl=1 768w, https:\/\/i0.wp.com\/pfadfinder-kuppenheim.de\/wp-content\/uploads\/2025\/03\/img_6232.jpg?resize=225%2C300&amp;ssl=1 225w, https:\/\/i0.wp.com\/pfadfinder-kuppenheim.de\/wp-content\/uploads\/2025\/03\/img_6232.jpg?resize=1152%2C1536&amp;ssl=1 1152w, https:\/\/i0.wp.com\/pfadfinder-kuppenheim.de\/wp-content\/uploads\/2025\/03\/img_6232.jpg?w=1500&amp;ssl=1 1500w\" sizes=\"auto, (max-width: 768px) 100vw, 768px\" \/><\/figure>\n\n\n\n<figure class=\"wp-block-gallery has-nested-images columns-default is-cropped wp-block-gallery-2 is-layout-flex wp-block-gallery-is-layout-flex\">\n<figure class=\"wp-block-image\"><img data-recalc-dims=\"1\" loading=\"lazy\" decoding=\"async\" width=\"768\" height=\"1024\" data-id=\"15389\" src=\"https:\/\/i0.wp.com\/pfadfinder-kuppenheim.de\/wp-content\/uploads\/2025\/03\/img_6228.jpg?resize=768%2C1024&#038;ssl=1\" alt=\"\" class=\"wp-image-15389\" srcset=\"https:\/\/i0.wp.com\/pfadfinder-kuppenheim.de\/wp-content\/uploads\/2025\/03\/img_6228.jpg?resize=768%2C1024&amp;ssl=1 768w, https:\/\/i0.wp.com\/pfadfinder-kuppenheim.de\/wp-content\/uploads\/2025\/03\/img_6228.jpg?resize=225%2C300&amp;ssl=1 225w, https:\/\/i0.wp.com\/pfadfinder-kuppenheim.de\/wp-content\/uploads\/2025\/03\/img_6228.jpg?resize=1152%2C1536&amp;ssl=1 1152w, https:\/\/i0.wp.com\/pfadfinder-kuppenheim.de\/wp-content\/uploads\/2025\/03\/img_6228.jpg?w=1500&amp;ssl=1 1500w\" sizes=\"auto, (max-width: 768px) 100vw, 768px\" \/><\/figure>\n\n\n\n<figure class=\"wp-block-image\"><img data-recalc-dims=\"1\" loading=\"lazy\" decoding=\"async\" width=\"768\" height=\"1024\" data-id=\"15390\" src=\"https:\/\/i0.wp.com\/pfadfinder-kuppenheim.de\/wp-content\/uploads\/2025\/03\/img_6229.jpg?resize=768%2C1024&#038;ssl=1\" alt=\"\" class=\"wp-image-15390\" srcset=\"https:\/\/i0.wp.com\/pfadfinder-kuppenheim.de\/wp-content\/uploads\/2025\/03\/img_6229.jpg?resize=768%2C1024&amp;ssl=1 768w, https:\/\/i0.wp.com\/pfadfinder-kuppenheim.de\/wp-content\/uploads\/2025\/03\/img_6229.jpg?resize=225%2C300&amp;ssl=1 225w, https:\/\/i0.wp.com\/pfadfinder-kuppenheim.de\/wp-content\/uploads\/2025\/03\/img_6229.jpg?resize=1152%2C1536&amp;ssl=1 1152w, https:\/\/i0.wp.com\/pfadfinder-kuppenheim.de\/wp-content\/uploads\/2025\/03\/img_6229.jpg?w=1500&amp;ssl=1 1500w\" sizes=\"auto, (max-width: 768px) 100vw, 768px\" \/><\/figure>\n\n\n\n<figure class=\"wp-block-image size-large\"><img data-recalc-dims=\"1\" loading=\"lazy\" decoding=\"async\" width=\"1024\" height=\"473\" data-id=\"15388\" src=\"https:\/\/i0.wp.com\/pfadfinder-kuppenheim.de\/wp-content\/uploads\/2025\/03\/a59bf0a5-544c-45bf-a4f7-df401a22311c-1.jpg?resize=1024%2C473&#038;ssl=1\" class=\"wp-image-15388\" srcset=\"https:\/\/i0.wp.com\/pfadfinder-kuppenheim.de\/wp-content\/uploads\/2025\/03\/a59bf0a5-544c-45bf-a4f7-df401a22311c-1.jpg?resize=1024%2C473&amp;ssl=1 1024w, https:\/\/i0.wp.com\/pfadfinder-kuppenheim.de\/wp-content\/uploads\/2025\/03\/a59bf0a5-544c-45bf-a4f7-df401a22311c-1.jpg?resize=300%2C139&amp;ssl=1 300w, https:\/\/i0.wp.com\/pfadfinder-kuppenheim.de\/wp-content\/uploads\/2025\/03\/a59bf0a5-544c-45bf-a4f7-df401a22311c-1.jpg?resize=768%2C355&amp;ssl=1 768w, https:\/\/i0.wp.com\/pfadfinder-kuppenheim.de\/wp-content\/uploads\/2025\/03\/a59bf0a5-544c-45bf-a4f7-df401a22311c-1.jpg?resize=1536%2C709&amp;ssl=1 1536w, https:\/\/i0.wp.com\/pfadfinder-kuppenheim.de\/wp-content\/uploads\/2025\/03\/a59bf0a5-544c-45bf-a4f7-df401a22311c-1.jpg?w=1600&amp;ssl=1 1600w\" sizes=\"auto, (max-width: 1024px) 100vw, 1024px\" \/><\/figure>\n<\/figure>\n\n\n\n<p>Als wir gesammelt waren, haben wir unsere Namenschilder erstellt und unsere Zimmer einger\u00e4umt.<\/p>\n\n\n\n<figure class=\"wp-block-image size-large\"><img data-recalc-dims=\"1\" loading=\"lazy\" decoding=\"async\" width=\"473\" height=\"1024\" src=\"https:\/\/i0.wp.com\/pfadfinder-kuppenheim.de\/wp-content\/uploads\/2025\/03\/8bb7315b-99b4-4faf-85ab-5c835a6fe215-1.jpg?resize=473%2C1024&#038;ssl=1\" class=\"wp-image-15393\" srcset=\"https:\/\/i0.wp.com\/pfadfinder-kuppenheim.de\/wp-content\/uploads\/2025\/03\/8bb7315b-99b4-4faf-85ab-5c835a6fe215-1.jpg?resize=473%2C1024&amp;ssl=1 473w, https:\/\/i0.wp.com\/pfadfinder-kuppenheim.de\/wp-content\/uploads\/2025\/03\/8bb7315b-99b4-4faf-85ab-5c835a6fe215-1.jpg?resize=139%2C300&amp;ssl=1 139w, https:\/\/i0.wp.com\/pfadfinder-kuppenheim.de\/wp-content\/uploads\/2025\/03\/8bb7315b-99b4-4faf-85ab-5c835a6fe215-1.jpg?resize=768%2C1662&amp;ssl=1 768w, https:\/\/i0.wp.com\/pfadfinder-kuppenheim.de\/wp-content\/uploads\/2025\/03\/8bb7315b-99b4-4faf-85ab-5c835a6fe215-1.jpg?resize=710%2C1536&amp;ssl=1 710w, https:\/\/i0.wp.com\/pfadfinder-kuppenheim.de\/wp-content\/uploads\/2025\/03\/8bb7315b-99b4-4faf-85ab-5c835a6fe215-1.jpg?w=924&amp;ssl=1 924w\" sizes=\"auto, (max-width: 473px) 100vw, 473px\" \/><\/figure>\n\n\n\n<p>Danach ging es zum Essen nach Italien. Es gab Spagetti mit Tomatenso\u00dfe.<\/p>\n\n\n\n<figure class=\"wp-block-image size-large\"><img data-recalc-dims=\"1\" loading=\"lazy\" decoding=\"async\" width=\"768\" height=\"1024\" src=\"https:\/\/i0.wp.com\/pfadfinder-kuppenheim.de\/wp-content\/uploads\/2025\/03\/img_6233.jpg?resize=768%2C1024&#038;ssl=1\" class=\"wp-image-15392\" srcset=\"https:\/\/i0.wp.com\/pfadfinder-kuppenheim.de\/wp-content\/uploads\/2025\/03\/img_6233.jpg?resize=768%2C1024&amp;ssl=1 768w, https:\/\/i0.wp.com\/pfadfinder-kuppenheim.de\/wp-content\/uploads\/2025\/03\/img_6233.jpg?resize=225%2C300&amp;ssl=1 225w, https:\/\/i0.wp.com\/pfadfinder-kuppenheim.de\/wp-content\/uploads\/2025\/03\/img_6233.jpg?resize=1152%2C1536&amp;ssl=1 1152w, https:\/\/i0.wp.com\/pfadfinder-kuppenheim.de\/wp-content\/uploads\/2025\/03\/img_6233.jpg?w=1500&amp;ssl=1 1500w\" sizes=\"auto, (max-width: 768px) 100vw, 768px\" \/><\/figure>\n\n\n\n<figure class=\"wp-block-image size-large\"><img data-recalc-dims=\"1\" loading=\"lazy\" decoding=\"async\" width=\"768\" height=\"1024\" src=\"https:\/\/i0.wp.com\/pfadfinder-kuppenheim.de\/wp-content\/uploads\/2025\/03\/img_6234.jpg?resize=768%2C1024&#038;ssl=1\" class=\"wp-image-15391\" srcset=\"https:\/\/i0.wp.com\/pfadfinder-kuppenheim.de\/wp-content\/uploads\/2025\/03\/img_6234.jpg?resize=768%2C1024&amp;ssl=1 768w, https:\/\/i0.wp.com\/pfadfinder-kuppenheim.de\/wp-content\/uploads\/2025\/03\/img_6234.jpg?resize=225%2C300&amp;ssl=1 225w, https:\/\/i0.wp.com\/pfadfinder-kuppenheim.de\/wp-content\/uploads\/2025\/03\/img_6234.jpg?resize=1152%2C1536&amp;ssl=1 1152w, https:\/\/i0.wp.com\/pfadfinder-kuppenheim.de\/wp-content\/uploads\/2025\/03\/img_6234.jpg?w=1500&amp;ssl=1 1500w\" sizes=\"auto, (max-width: 768px) 100vw, 768px\" \/><\/figure>\n\n\n\n<p>Nun steht das spannende Abendprogramm an. <\/p>\n","protected":false},"excerpt":{"rendered":"<p>Seit heute Mittag sind vierzehn mutige Weltenbummler auf der Weltreise mit W\u00f6fi in Gengenbach. Die DV-Aktion mit \u00fcber 50 W\u00f6flingen startete f\u00fcr uns am Bahnhof Baden Oos. Einige begingen die erste Etappe mit dem Auto, die anderen mit dem Zug. Als wir im Baden-Powell Haus ankamen, dem Di\u00f6zesenhaus, haben wir das Haus erkundet und die&hellip;&nbsp;<a href=\"https:\/\/pfadfinder-kuppenheim.de\/?p=15395\" class=\"\" rel=\"bookmark\">Weiterlesen &raquo;<span class=\"screen-reader-text\">Das Abenteuer W\u00f6lfi auf Weltreise beginnt<\/span><\/a><\/p>\n","protected":false},"author":34,"featured_media":15394,"comment_status":"closed","ping_status":"","sticky":false,"template":"","format":"standard","meta":{"neve_meta_sidebar":"","neve_meta_container":"","neve_meta_enable_content_width":"","neve_meta_content_width":0,"neve_meta_title_alignment":"","neve_meta_author_avatar":"","neve_post_elements_order":"","neve_meta_disable_header":"","neve_meta_disable_footer":"","neve_meta_disable_title":"","jetpack_post_was_ever_published":false,"_jetpack_newsletter_access":"","_jetpack_dont_email_post_to_subs":false,"_jetpack_newsletter_tier_id":0,"_jetpack_memberships_contains_paywalled_content":false,"_jetpack_memberships_contains_paid_content":false,"footnotes":"","jetpack_publicize_message":"","jetpack_publicize_feature_enabled":true,"jetpack_social_post_already_shared":true,"jetpack_social_options":{"image_generator_settings":{"template":"highway","default_image_id":0,"font":"","enabled":false},"version":2}},"categories":[42,4],"tags":[60,161],"class_list":["post-15395","post","type-post","status-publish","format-standard","has-post-thumbnail","hentry","category-berichte","category-wolflinge","tag-essensaktion","tag-spielplatz"],"jetpack_publicize_connections":[],"jetpack_featured_media_url":"https:\/\/i0.wp.com\/pfadfinder-kuppenheim.de\/wp-content\/uploads\/2025\/03\/a59bf0a5-544c-45bf-a4f7-df401a22311c-2-1.jpg?fit=1600%2C739&ssl=1","jetpack_sharing_enabled":true,"jetpack_shortlink":"https:\/\/wp.me\/p3G0PZ-40j","_links":{"self":[{"href":"https:\/\/pfadfinder-kuppenheim.de\/index.php?rest_route=\/wp\/v2\/posts\/15395","targetHints":{"allow":["GET"]}}],"collection":[{"href":"https:\/\/pfadfinder-kuppenheim.de\/index.php?rest_route=\/wp\/v2\/posts"}],"about":[{"href":"https:\/\/pfadfinder-kuppenheim.de\/index.php?rest_route=\/wp\/v2\/types\/post"}],"author":[{"embeddable":true,"href":"https:\/\/pfadfinder-kuppenheim.de\/index.php?rest_route=\/wp\/v2\/users\/34"}],"replies":[{"embeddable":true,"href":"https:\/\/pfadfinder-kuppenheim.de\/index.php?rest_route=%2Fwp%2Fv2%2Fcomments&post=15395"}],"version-history":[{"count":1,"href":"https:\/\/pfadfinder-kuppenheim.de\/index.php?rest_route=\/wp\/v2\/posts\/15395\/revisions"}],"predecessor-version":[{"id":15396,"href":"https:\/\/pfadfinder-kuppenheim.de\/index.php?rest_route=\/wp\/v2\/posts\/15395\/revisions\/15396"}],"wp:featuredmedia":[{"embeddable":true,"href":"https:\/\/pfadfinder-kuppenheim.de\/index.php?rest_route=\/wp\/v2\/media\/15394"}],"wp:attachment":[{"href":"https:\/\/pfadfinder-kuppenheim.de\/index.php?rest_route=%2Fwp%2Fv2%2Fmedia&parent=15395"}],"wp:term":[{"taxonomy":"category","embeddable":true,"href":"https:\/\/pfadfinder-kuppenheim.de\/index.php?rest_route=%2Fwp%2Fv2%2Fcategories&post=15395"},{"taxonomy":"post_tag","embeddable":true,"href":"https:\/\/pfadfinder-kuppenheim.de\/index.php?rest_route=%2Fwp%2Fv2%2Ftags&post=15395"}],"curies":[{"name":"wp","href":"https:\/\/api.w.org\/{rel}","templated":true}]}}