{"id":14993,"date":"2024-12-17T15:52:33","date_gmt":"2024-12-17T14:52:33","guid":{"rendered":"https:\/\/pfadfinder-kuppenheim.de\/?p=14993"},"modified":"2024-12-17T15:53:13","modified_gmt":"2024-12-17T14:53:13","slug":"freundschaft-treue-und-gemeinsame-abenteuer","status":"publish","type":"post","link":"https:\/\/pfadfinder-kuppenheim.de\/?p=14993","title":{"rendered":"Freundschaft, Treue und gemeinsame Abenteuer"},"content":{"rendered":"\n<p class=\"p1\">Weihnachtsfeier 2024<\/p>\n\n\n\n<p class=\"p2\">Das diesj\u00e4hrige Jahr ist f\u00fcr uns&nbsp; Pfadfinder am 14ten Dezember mit unserer Weihnachsfeier geendet. Vormittags ging es f\u00fcr 70 Pfadfinder&nbsp; in die Schlittschuhhalle nach Baiersbronn. Bei der Abendveranstaltung im St. Sebastianhaus gab es einige Highlights. Theaterst\u00fccke von den unterschiedlichen Stufen wurden zum Motto \u201eWeihnachten im Weltall\u201c aufgef\u00fchrt. Einige Bildausschnitte von den Aktionen der Stufen in diesem Jahr wurden pr\u00e4sentiert. Die Einnahmen der Bewirtung sind der Jahresaktion 100% Mensch &#8211; setzt euch gegen Rassismus ein- der DPSG zu Gute gekommen.&nbsp; Das Hilfswerk Misereor wird bei einem Museumsprojekt in Brasilien unterst\u00fctzt, das sich mit Antirassismusarbeit und Erinnerungskultur besch\u00e4ftigt.&nbsp;An diesem Abend&nbsp; wurden viele langj\u00e4hrige aktive und passive Mitglieder von unserem&nbsp; Pfadfinderstamm geehrt. Darunter wurden f\u00fcr zehn Jahren Bianca He\u00df und f\u00fcr 15 Jahre ehrenamtliches Engangement Nicolas Mu\u00dfler und Lea Novosel geehrt.&nbsp; 25 Jahre lang sind&nbsp; Gregor Schober und die Stammesvorst\u00e4ndin und Jungpfadfinderleiterin Kerstin Westermann aktiv. Sie wurde von ihren langj\u00e4hrigen Pfadfinderfreunden geehrt. Matthias Stemmle wurde von dem Stammeskorat Pfarrer Sauer f\u00fcr sein 30 j\u00e4hriges Engangement ausgezeichnet. Sein langj\u00e4hriger Einsatzt als Stammesvorstand, als Leiter und im F\u00f6rderverein wurde besonders erw\u00e4hnt. Seit 50 Jahren wirkt&nbsp; Albrecht Hertweck im Stamm St. Sebastian mit, er ist ebenfalls ehemaliger Leiter, Vorstand und Gr\u00fcndungsmitglied im F\u00f6rderverein.&nbsp; Geendet hat der Abend damit, dass die aktiven Leiter f\u00fcr ihr Ehrenamt von den Eltern ein Pr\u00e4sent erhaltet haben.&nbsp;<\/p>\n\n\n\n<figure class=\"wp-block-image size-large\"><img data-recalc-dims=\"1\" loading=\"lazy\" decoding=\"async\" width=\"1024\" height=\"768\" src=\"https:\/\/i0.wp.com\/pfadfinder-kuppenheim.de\/wp-content\/uploads\/2024\/12\/5de1f494-2b15-44ec-8014-2614915e743d-1.jpg?resize=1024%2C768&#038;ssl=1\" class=\"wp-image-14987\" srcset=\"https:\/\/i0.wp.com\/pfadfinder-kuppenheim.de\/wp-content\/uploads\/2024\/12\/5de1f494-2b15-44ec-8014-2614915e743d-1.jpg?resize=1024%2C768&amp;ssl=1 1024w, https:\/\/i0.wp.com\/pfadfinder-kuppenheim.de\/wp-content\/uploads\/2024\/12\/5de1f494-2b15-44ec-8014-2614915e743d-1.jpg?resize=300%2C225&amp;ssl=1 300w, https:\/\/i0.wp.com\/pfadfinder-kuppenheim.de\/wp-content\/uploads\/2024\/12\/5de1f494-2b15-44ec-8014-2614915e743d-1.jpg?resize=768%2C576&amp;ssl=1 768w, https:\/\/i0.wp.com\/pfadfinder-kuppenheim.de\/wp-content\/uploads\/2024\/12\/5de1f494-2b15-44ec-8014-2614915e743d-1.jpg?resize=1536%2C1152&amp;ssl=1 1536w, https:\/\/i0.wp.com\/pfadfinder-kuppenheim.de\/wp-content\/uploads\/2024\/12\/5de1f494-2b15-44ec-8014-2614915e743d-1.jpg?w=2000&amp;ssl=1 2000w\" sizes=\"auto, (max-width: 1024px) 100vw, 1024px\" \/><\/figure>\n\n\n\n\n\n<figure class=\"wp-block-gallery has-nested-images columns-default is-cropped wp-block-gallery-1 is-layout-flex wp-block-gallery-is-layout-flex\">\n<figure class=\"wp-block-image\"><img data-recalc-dims=\"1\" loading=\"lazy\" decoding=\"async\" width=\"1024\" height=\"768\" data-id=\"14988\" src=\"https:\/\/i0.wp.com\/pfadfinder-kuppenheim.de\/wp-content\/uploads\/2024\/12\/img_7070.jpg?resize=1024%2C768&#038;ssl=1\" alt=\"\" class=\"wp-image-14988\" srcset=\"https:\/\/i0.wp.com\/pfadfinder-kuppenheim.de\/wp-content\/uploads\/2024\/12\/img_7070.jpg?resize=1024%2C768&amp;ssl=1 1024w, https:\/\/i0.wp.com\/pfadfinder-kuppenheim.de\/wp-content\/uploads\/2024\/12\/img_7070.jpg?resize=300%2C225&amp;ssl=1 300w, https:\/\/i0.wp.com\/pfadfinder-kuppenheim.de\/wp-content\/uploads\/2024\/12\/img_7070.jpg?resize=768%2C576&amp;ssl=1 768w, https:\/\/i0.wp.com\/pfadfinder-kuppenheim.de\/wp-content\/uploads\/2024\/12\/img_7070.jpg?resize=1536%2C1152&amp;ssl=1 1536w, https:\/\/i0.wp.com\/pfadfinder-kuppenheim.de\/wp-content\/uploads\/2024\/12\/img_7070.jpg?w=2000&amp;ssl=1 2000w\" sizes=\"auto, (max-width: 1024px) 100vw, 1024px\" \/><\/figure>\n\n\n\n<figure class=\"wp-block-image\"><img data-recalc-dims=\"1\" loading=\"lazy\" decoding=\"async\" width=\"1024\" height=\"768\" data-id=\"14989\" src=\"https:\/\/i0.wp.com\/pfadfinder-kuppenheim.de\/wp-content\/uploads\/2024\/12\/img_7072.jpg?resize=1024%2C768&#038;ssl=1\" alt=\"\" class=\"wp-image-14989\" srcset=\"https:\/\/i0.wp.com\/pfadfinder-kuppenheim.de\/wp-content\/uploads\/2024\/12\/img_7072.jpg?resize=1024%2C768&amp;ssl=1 1024w, https:\/\/i0.wp.com\/pfadfinder-kuppenheim.de\/wp-content\/uploads\/2024\/12\/img_7072.jpg?resize=300%2C225&amp;ssl=1 300w, https:\/\/i0.wp.com\/pfadfinder-kuppenheim.de\/wp-content\/uploads\/2024\/12\/img_7072.jpg?resize=768%2C576&amp;ssl=1 768w, https:\/\/i0.wp.com\/pfadfinder-kuppenheim.de\/wp-content\/uploads\/2024\/12\/img_7072.jpg?resize=1536%2C1152&amp;ssl=1 1536w, https:\/\/i0.wp.com\/pfadfinder-kuppenheim.de\/wp-content\/uploads\/2024\/12\/img_7072.jpg?w=2000&amp;ssl=1 2000w\" sizes=\"auto, (max-width: 1024px) 100vw, 1024px\" \/><\/figure>\n\n\n\n<figure class=\"wp-block-image\"><img data-recalc-dims=\"1\" loading=\"lazy\" decoding=\"async\" width=\"768\" height=\"1024\" data-id=\"14990\" src=\"https:\/\/i0.wp.com\/pfadfinder-kuppenheim.de\/wp-content\/uploads\/2024\/12\/img_5802-1.jpg?resize=768%2C1024&#038;ssl=1\" alt=\"\" class=\"wp-image-14990\" srcset=\"https:\/\/i0.wp.com\/pfadfinder-kuppenheim.de\/wp-content\/uploads\/2024\/12\/img_5802-1.jpg?resize=768%2C1024&amp;ssl=1 768w, https:\/\/i0.wp.com\/pfadfinder-kuppenheim.de\/wp-content\/uploads\/2024\/12\/img_5802-1.jpg?resize=225%2C300&amp;ssl=1 225w, https:\/\/i0.wp.com\/pfadfinder-kuppenheim.de\/wp-content\/uploads\/2024\/12\/img_5802-1.jpg?resize=1152%2C1536&amp;ssl=1 1152w, https:\/\/i0.wp.com\/pfadfinder-kuppenheim.de\/wp-content\/uploads\/2024\/12\/img_5802-1.jpg?w=1500&amp;ssl=1 1500w\" sizes=\"auto, (max-width: 768px) 100vw, 768px\" \/><\/figure>\n\n\n\n<figure class=\"wp-block-image\"><img data-recalc-dims=\"1\" loading=\"lazy\" decoding=\"async\" width=\"1024\" height=\"768\" data-id=\"14991\" src=\"https:\/\/i0.wp.com\/pfadfinder-kuppenheim.de\/wp-content\/uploads\/2024\/12\/img_5800-1.jpg?resize=1024%2C768&#038;ssl=1\" alt=\"\" class=\"wp-image-14991\" srcset=\"https:\/\/i0.wp.com\/pfadfinder-kuppenheim.de\/wp-content\/uploads\/2024\/12\/img_5800-1.jpg?resize=1024%2C768&amp;ssl=1 1024w, https:\/\/i0.wp.com\/pfadfinder-kuppenheim.de\/wp-content\/uploads\/2024\/12\/img_5800-1.jpg?resize=300%2C225&amp;ssl=1 300w, https:\/\/i0.wp.com\/pfadfinder-kuppenheim.de\/wp-content\/uploads\/2024\/12\/img_5800-1.jpg?resize=768%2C576&amp;ssl=1 768w, https:\/\/i0.wp.com\/pfadfinder-kuppenheim.de\/wp-content\/uploads\/2024\/12\/img_5800-1.jpg?resize=1536%2C1152&amp;ssl=1 1536w, https:\/\/i0.wp.com\/pfadfinder-kuppenheim.de\/wp-content\/uploads\/2024\/12\/img_5800-1.jpg?w=2000&amp;ssl=1 2000w\" sizes=\"auto, (max-width: 1024px) 100vw, 1024px\" \/><\/figure>\n<\/figure>\n\n\n\n<p><\/p>\n","protected":false},"excerpt":{"rendered":"<p>Weihnachtsfeier 2024 Das diesj\u00e4hrige Jahr ist f\u00fcr uns&nbsp; Pfadfinder am 14ten Dezember mit unserer Weihnachsfeier geendet. Vormittags ging es f\u00fcr 70 Pfadfinder&nbsp; in die Schlittschuhhalle nach Baiersbronn. Bei der Abendveranstaltung im St. Sebastianhaus gab es einige Highlights. Theaterst\u00fccke von den unterschiedlichen Stufen wurden zum Motto \u201eWeihnachten im Weltall\u201c aufgef\u00fchrt. Einige Bildausschnitte von den Aktionen der&hellip;&nbsp;<a href=\"https:\/\/pfadfinder-kuppenheim.de\/?p=14993\" class=\"\" rel=\"bookmark\">Weiterlesen &raquo;<span class=\"screen-reader-text\">Freundschaft, Treue und gemeinsame Abenteuer<\/span><\/a><\/p>\n","protected":false},"author":34,"featured_media":14992,"comment_status":"closed","ping_status":"","sticky":false,"template":"","format":"standard","meta":{"neve_meta_sidebar":"","neve_meta_container":"","neve_meta_enable_content_width":"","neve_meta_content_width":0,"neve_meta_title_alignment":"","neve_meta_author_avatar":"","neve_post_elements_order":"","neve_meta_disable_header":"","neve_meta_disable_footer":"","neve_meta_disable_title":"","jetpack_post_was_ever_published":false,"_jetpack_newsletter_access":"","_jetpack_dont_email_post_to_subs":false,"_jetpack_newsletter_tier_id":0,"_jetpack_memberships_contains_paywalled_content":false,"_jetpack_memberships_contains_paid_content":false,"footnotes":"","jetpack_publicize_message":"","jetpack_publicize_feature_enabled":true,"jetpack_social_post_already_shared":true,"jetpack_social_options":{"image_generator_settings":{"template":"highway","default_image_id":0,"font":"","enabled":false},"version":2}},"categories":[42,8],"tags":[53],"class_list":["post-14993","post","type-post","status-publish","format-standard","has-post-thumbnail","hentry","category-berichte","category-leiterrunde","tag-weihnachtsfeier"],"jetpack_publicize_connections":[],"jetpack_featured_media_url":"https:\/\/i0.wp.com\/pfadfinder-kuppenheim.de\/wp-content\/uploads\/2024\/12\/a06a16e6-66ca-4c62-a78b-c77a6b0c5487-1.jpg?fit=1500%2C2000&ssl=1","jetpack_sharing_enabled":true,"jetpack_shortlink":"https:\/\/wp.me\/p3G0PZ-3TP","_links":{"self":[{"href":"https:\/\/pfadfinder-kuppenheim.de\/index.php?rest_route=\/wp\/v2\/posts\/14993","targetHints":{"allow":["GET"]}}],"collection":[{"href":"https:\/\/pfadfinder-kuppenheim.de\/index.php?rest_route=\/wp\/v2\/posts"}],"about":[{"href":"https:\/\/pfadfinder-kuppenheim.de\/index.php?rest_route=\/wp\/v2\/types\/post"}],"author":[{"embeddable":true,"href":"https:\/\/pfadfinder-kuppenheim.de\/index.php?rest_route=\/wp\/v2\/users\/34"}],"replies":[{"embeddable":true,"href":"https:\/\/pfadfinder-kuppenheim.de\/index.php?rest_route=%2Fwp%2Fv2%2Fcomments&post=14993"}],"version-history":[{"count":1,"href":"https:\/\/pfadfinder-kuppenheim.de\/index.php?rest_route=\/wp\/v2\/posts\/14993\/revisions"}],"predecessor-version":[{"id":14994,"href":"https:\/\/pfadfinder-kuppenheim.de\/index.php?rest_route=\/wp\/v2\/posts\/14993\/revisions\/14994"}],"wp:featuredmedia":[{"embeddable":true,"href":"https:\/\/pfadfinder-kuppenheim.de\/index.php?rest_route=\/wp\/v2\/media\/14992"}],"wp:attachment":[{"href":"https:\/\/pfadfinder-kuppenheim.de\/index.php?rest_route=%2Fwp%2Fv2%2Fmedia&parent=14993"}],"wp:term":[{"taxonomy":"category","embeddable":true,"href":"https:\/\/pfadfinder-kuppenheim.de\/index.php?rest_route=%2Fwp%2Fv2%2Fcategories&post=14993"},{"taxonomy":"post_tag","embeddable":true,"href":"https:\/\/pfadfinder-kuppenheim.de\/index.php?rest_route=%2Fwp%2Fv2%2Ftags&post=14993"}],"curies":[{"name":"wp","href":"https:\/\/api.w.org\/{rel}","templated":true}]}}