{"id":14236,"date":"2024-08-05T12:11:12","date_gmt":"2024-08-05T10:11:12","guid":{"rendered":"https:\/\/pfadfinder-kuppenheim.de\/?p=14236"},"modified":"2026-03-20T23:30:26","modified_gmt":"2026-03-20T22:30:26","slug":"tag-10-solar-workshop-teil-2","status":"publish","type":"post","link":"https:\/\/pfadfinder-kuppenheim.de\/?p=14236","title":{"rendered":"Tag 10 &#8211; Solar-Workshop Teil 2"},"content":{"rendered":"\n<p>Am Morgen wurden wir geweckt und danach gab es Pancakes mit K\u00e4se, Ahornsirup, Nutella, Marmelade und Obstsalat.Nach dem Fr\u00fchst\u00fcck mussten wir den Tisch der Kinder umbauen. Danach hatten wir Freizeit und wir waren in zwei Gruppen aufgeteilt. Die eine Gruppe war beim Solar-Workshop ,die andere Gruppe hat zwei Schweizer Spezialit\u00e4ten zubereitet (R\u00f6sti und Fondue). Im Solar-Workshop haben wir Popcorn in einem Solarkocher versucht zu machen und wir haben verschiedene Spiele gespielt wo man mit Spiegeln und Sonnenreflektion ein Ziel treffen und es erhitzen musste. Danach gab es Abendessen. Nach dem Essen sind manche von uns zum internationalen Tauschabend gegangen und haben dort Abzeichen getauscht und andere Pfadfinder kennengelernt. Am sp\u00e4ten Abend sa\u00dfen wir am Lagerfeuer und haben Popcorn gemacht.<\/p>\n\n\n\n<figure class=\"wp-block-image size-large\"><img data-recalc-dims=\"1\" loading=\"lazy\" decoding=\"async\" width=\"1024\" height=\"461\" src=\"https:\/\/i0.wp.com\/pfadfinder-kuppenheim.de\/wp-content\/uploads\/2024\/08\/20240804_122524.jpg?resize=1024%2C461&#038;ssl=1\" alt=\"\" class=\"wp-image-14237\" srcset=\"https:\/\/i0.wp.com\/pfadfinder-kuppenheim.de\/wp-content\/uploads\/2024\/08\/20240804_122524-scaled.jpg?resize=1024%2C461&amp;ssl=1 1024w, https:\/\/i0.wp.com\/pfadfinder-kuppenheim.de\/wp-content\/uploads\/2024\/08\/20240804_122524-scaled.jpg?resize=300%2C135&amp;ssl=1 300w, https:\/\/i0.wp.com\/pfadfinder-kuppenheim.de\/wp-content\/uploads\/2024\/08\/20240804_122524-scaled.jpg?resize=768%2C346&amp;ssl=1 768w, https:\/\/i0.wp.com\/pfadfinder-kuppenheim.de\/wp-content\/uploads\/2024\/08\/20240804_122524-scaled.jpg?resize=1536%2C691&amp;ssl=1 1536w, https:\/\/i0.wp.com\/pfadfinder-kuppenheim.de\/wp-content\/uploads\/2024\/08\/20240804_122524-scaled.jpg?resize=2048%2C922&amp;ssl=1 2048w, https:\/\/i0.wp.com\/pfadfinder-kuppenheim.de\/wp-content\/uploads\/2024\/08\/20240804_122524-scaled.jpg?w=2400&amp;ssl=1 2400w\" sizes=\"auto, (max-width: 1024px) 100vw, 1024px\" \/><\/figure>\n\n\n\n<figure class=\"wp-block-video\"><video height=\"1080\" style=\"aspect-ratio: 2400 \/ 1080;\" width=\"2400\" controls src=\"https:\/\/pfadfinder-kuppenheim.de\/wp-content\/uploads\/2024\/08\/20240804_122507.mp4\"><\/video><\/figure>\n\n\n\n<figure class=\"wp-block-image size-large\"><img data-recalc-dims=\"1\" loading=\"lazy\" decoding=\"async\" width=\"459\" height=\"1024\" src=\"https:\/\/i0.wp.com\/pfadfinder-kuppenheim.de\/wp-content\/uploads\/2024\/08\/20240804_145501.jpg?resize=459%2C1024&#038;ssl=1\" alt=\"\" class=\"wp-image-14238\" srcset=\"https:\/\/i0.wp.com\/pfadfinder-kuppenheim.de\/wp-content\/uploads\/2024\/08\/20240804_145501-scaled.jpg?resize=459%2C1024&amp;ssl=1 459w, https:\/\/i0.wp.com\/pfadfinder-kuppenheim.de\/wp-content\/uploads\/2024\/08\/20240804_145501-scaled.jpg?resize=134%2C300&amp;ssl=1 134w, https:\/\/i0.wp.com\/pfadfinder-kuppenheim.de\/wp-content\/uploads\/2024\/08\/20240804_145501-scaled.jpg?resize=768%2C1714&amp;ssl=1 768w, https:\/\/i0.wp.com\/pfadfinder-kuppenheim.de\/wp-content\/uploads\/2024\/08\/20240804_145501-scaled.jpg?resize=688%2C1536&amp;ssl=1 688w, https:\/\/i0.wp.com\/pfadfinder-kuppenheim.de\/wp-content\/uploads\/2024\/08\/20240804_145501-scaled.jpg?resize=918%2C2048&amp;ssl=1 918w, https:\/\/i0.wp.com\/pfadfinder-kuppenheim.de\/wp-content\/uploads\/2024\/08\/20240804_145501-scaled.jpg?w=1147&amp;ssl=1 1147w\" sizes=\"auto, (max-width: 459px) 100vw, 459px\" \/><\/figure>\n\n\n\n<figure class=\"wp-block-image size-large\"><img data-recalc-dims=\"1\" loading=\"lazy\" decoding=\"async\" width=\"459\" height=\"1024\" src=\"https:\/\/i0.wp.com\/pfadfinder-kuppenheim.de\/wp-content\/uploads\/2024\/08\/20240804_154211.jpg?resize=459%2C1024&#038;ssl=1\" alt=\"\" class=\"wp-image-14239\" srcset=\"https:\/\/i0.wp.com\/pfadfinder-kuppenheim.de\/wp-content\/uploads\/2024\/08\/20240804_154211-scaled.jpg?resize=459%2C1024&amp;ssl=1 459w, https:\/\/i0.wp.com\/pfadfinder-kuppenheim.de\/wp-content\/uploads\/2024\/08\/20240804_154211-scaled.jpg?resize=134%2C300&amp;ssl=1 134w, https:\/\/i0.wp.com\/pfadfinder-kuppenheim.de\/wp-content\/uploads\/2024\/08\/20240804_154211-scaled.jpg?resize=768%2C1714&amp;ssl=1 768w, https:\/\/i0.wp.com\/pfadfinder-kuppenheim.de\/wp-content\/uploads\/2024\/08\/20240804_154211-scaled.jpg?resize=688%2C1536&amp;ssl=1 688w, https:\/\/i0.wp.com\/pfadfinder-kuppenheim.de\/wp-content\/uploads\/2024\/08\/20240804_154211-scaled.jpg?resize=918%2C2048&amp;ssl=1 918w, https:\/\/i0.wp.com\/pfadfinder-kuppenheim.de\/wp-content\/uploads\/2024\/08\/20240804_154211-scaled.jpg?w=1147&amp;ssl=1 1147w\" sizes=\"auto, (max-width: 459px) 100vw, 459px\" \/><\/figure>\n\n\n\n<figure class=\"wp-block-image size-large\"><img data-recalc-dims=\"1\" loading=\"lazy\" decoding=\"async\" width=\"459\" height=\"1024\" src=\"https:\/\/i0.wp.com\/pfadfinder-kuppenheim.de\/wp-content\/uploads\/2024\/08\/20240804_155447.jpg?resize=459%2C1024&#038;ssl=1\" alt=\"\" class=\"wp-image-14241\" srcset=\"https:\/\/i0.wp.com\/pfadfinder-kuppenheim.de\/wp-content\/uploads\/2024\/08\/20240804_155447-scaled.jpg?resize=459%2C1024&amp;ssl=1 459w, https:\/\/i0.wp.com\/pfadfinder-kuppenheim.de\/wp-content\/uploads\/2024\/08\/20240804_155447-scaled.jpg?resize=134%2C300&amp;ssl=1 134w, https:\/\/i0.wp.com\/pfadfinder-kuppenheim.de\/wp-content\/uploads\/2024\/08\/20240804_155447-scaled.jpg?resize=768%2C1714&amp;ssl=1 768w, https:\/\/i0.wp.com\/pfadfinder-kuppenheim.de\/wp-content\/uploads\/2024\/08\/20240804_155447-scaled.jpg?resize=688%2C1536&amp;ssl=1 688w, https:\/\/i0.wp.com\/pfadfinder-kuppenheim.de\/wp-content\/uploads\/2024\/08\/20240804_155447-scaled.jpg?resize=918%2C2048&amp;ssl=1 918w, https:\/\/i0.wp.com\/pfadfinder-kuppenheim.de\/wp-content\/uploads\/2024\/08\/20240804_155447-scaled.jpg?w=1147&amp;ssl=1 1147w\" sizes=\"auto, (max-width: 459px) 100vw, 459px\" \/><\/figure>\n","protected":false},"excerpt":{"rendered":"<p>Am Morgen wurden wir geweckt und danach gab es Pancakes mit K\u00e4se, Ahornsirup, Nutella, Marmelade und Obstsalat.Nach dem Fr\u00fchst\u00fcck mussten wir den Tisch der Kinder umbauen. Danach hatten wir Freizeit und wir waren in zwei Gruppen aufgeteilt. Die eine Gruppe war beim Solar-Workshop ,die andere Gruppe hat zwei Schweizer Spezialit\u00e4ten zubereitet (R\u00f6sti und Fondue). Im&hellip;&nbsp;<a href=\"https:\/\/pfadfinder-kuppenheim.de\/?p=14236\" class=\"\" rel=\"bookmark\">Weiterlesen &raquo;<span class=\"screen-reader-text\">Tag 10 &#8211; Solar-Workshop Teil 2<\/span><\/a><\/p>\n","protected":false},"author":12,"featured_media":0,"comment_status":"open","ping_status":"closed","sticky":false,"template":"","format":"standard","meta":{"neve_meta_sidebar":"","neve_meta_container":"","neve_meta_enable_content_width":"","neve_meta_content_width":0,"neve_meta_title_alignment":"","neve_meta_author_avatar":"","neve_post_elements_order":"","neve_meta_disable_header":"","neve_meta_disable_footer":"","neve_meta_disable_title":"","jetpack_post_was_ever_published":false,"_jetpack_newsletter_access":"","_jetpack_dont_email_post_to_subs":false,"_jetpack_newsletter_tier_id":0,"_jetpack_memberships_contains_paywalled_content":false,"_jetpack_memberships_contains_paid_content":false,"footnotes":"","jetpack_publicize_message":"","jetpack_publicize_feature_enabled":true,"jetpack_social_post_already_shared":true,"jetpack_social_options":{"image_generator_settings":{"template":"highway","default_image_id":0,"font":"","enabled":false},"version":2}},"categories":[265,42,6,23],"tags":[83,58,78],"class_list":["post-14236","post","type-post","status-publish","format-standard","hentry","category-2024-kandersteg","category-berichte","category-pfadis","category-pfadis_sola_tagebuch","tag-kandersteg","tag-pfadis","tag-sommerlager"],"jetpack_publicize_connections":[],"jetpack_featured_media_url":"","jetpack_sharing_enabled":true,"jetpack_shortlink":"https:\/\/wp.me\/p3G0PZ-3HC","_links":{"self":[{"href":"https:\/\/pfadfinder-kuppenheim.de\/index.php?rest_route=\/wp\/v2\/posts\/14236","targetHints":{"allow":["GET"]}}],"collection":[{"href":"https:\/\/pfadfinder-kuppenheim.de\/index.php?rest_route=\/wp\/v2\/posts"}],"about":[{"href":"https:\/\/pfadfinder-kuppenheim.de\/index.php?rest_route=\/wp\/v2\/types\/post"}],"author":[{"embeddable":true,"href":"https:\/\/pfadfinder-kuppenheim.de\/index.php?rest_route=\/wp\/v2\/users\/12"}],"replies":[{"embeddable":true,"href":"https:\/\/pfadfinder-kuppenheim.de\/index.php?rest_route=%2Fwp%2Fv2%2Fcomments&post=14236"}],"version-history":[{"count":1,"href":"https:\/\/pfadfinder-kuppenheim.de\/index.php?rest_route=\/wp\/v2\/posts\/14236\/revisions"}],"predecessor-version":[{"id":14242,"href":"https:\/\/pfadfinder-kuppenheim.de\/index.php?rest_route=\/wp\/v2\/posts\/14236\/revisions\/14242"}],"wp:attachment":[{"href":"https:\/\/pfadfinder-kuppenheim.de\/index.php?rest_route=%2Fwp%2Fv2%2Fmedia&parent=14236"}],"wp:term":[{"taxonomy":"category","embeddable":true,"href":"https:\/\/pfadfinder-kuppenheim.de\/index.php?rest_route=%2Fwp%2Fv2%2Fcategories&post=14236"},{"taxonomy":"post_tag","embeddable":true,"href":"https:\/\/pfadfinder-kuppenheim.de\/index.php?rest_route=%2Fwp%2Fv2%2Ftags&post=14236"}],"curies":[{"name":"wp","href":"https:\/\/api.w.org\/{rel}","templated":true}]}}