{"id":14216,"date":"2024-08-05T11:52:05","date_gmt":"2024-08-05T09:52:05","guid":{"rendered":"https:\/\/pfadfinder-kuppenheim.de\/?p=14216"},"modified":"2026-03-20T23:30:26","modified_gmt":"2026-03-20T22:30:26","slug":"tag-9-wanderung-zurueck-ins-kisc-solar-workshop-teil-1","status":"publish","type":"post","link":"https:\/\/pfadfinder-kuppenheim.de\/?p=14216","title":{"rendered":"Tag 9 &#8211; Wanderung zur\u00fcck ins KISC &amp; Solar-Workshop Teil 1"},"content":{"rendered":"\n<p>Zivilversion des Tages:<\/p>\n\n\n\n<p>Am Samstag, dem 3. August wurden wir um 7:30 Uhr von Marissa geweckt und wir hatten 15 Minuten Zeit um die Taschen zu packen, die H\u00fcttenschlafs\u00e4cke einzurollen und uns zum Fr\u00fchst\u00fcck mit unseren Rucks\u00e4cken auf derTerrasse zu treffen.<br>Nach dem reichhaltigen Fr\u00fchst\u00fcck r\u00e4umten wir die Gfellalph\u00fctte auf und f\u00fcllten unsere Flaschen mit Leitungswasser auf. Nun hatten wir die letzte Chance auf die Toilette zu gehen, bevor wir den Abstieg von der H\u00fctte begannen.<br>Der Anfang des Abstiegs, welcher der schwerste Teil der Wanderung zur\u00fcck nach Kandersteg war, verlief ereignislos und ohne Pausen.<br>Der zweite Teil der an einem schmalen Gletscherfluss entlanglief war sehr entspannt, da es nur noch leicht bergab ging.<br>Als wir an einer Bank in flachem Gel\u00e4nde vorbeikommen, entschieden wir uns dort Pause zu machen, da ein paar wenige Beschwerden wegen Ersch\u00f6pfung und Problemen mit dem Knie nicht mehr leicht weiterlaufen konnten. W\u00e4hrend der Pause hatten wir einen kleinen Mittagssnack welcher aus zwei Packungen Erdn\u00fcssen und Knoppers f\u00fcr die Gruppe bestand.<br>Als wir a\u00dfen liefen K\u00fche auf dem Weg in unsere N\u00e4he und wenige von ihnen wurden gestreichelt.<br>Der Weg bis zu unserem n\u00e4chsten Pausenort verlief Ereignislos<br>Unser N\u00e4chster Pausenort war eine Gastst\u00e4tte mit einem kleinen Spielplatz bei dem wir<br>leider nicht lange bleiben k\u00f6nnten, da wir unter Zeitdruck standen. Durch den Zeitdruck spaltete sich die Gruppe. Der schnellere Teil der Gruppe lief den restlichen Weg zum Chalet, der laut den Schildern eine Stunde und 15 Minuten lang war in 35 Minuten<br>Die andere Gruppe ben\u00f6tigte etwas mehr Zeit.<br>An dem Chalet ruhten wir uns ein wenig aus und gingen dann zum Zeltplatz. Als wir ankamen ver\u00e4umten wir unsere Rucks\u00e4cke und gaben unsere beim K\u00fcchenzelt ab.<br>Nun spaltete sich unsere Gruppe erneut, da die H\u00e4lfte der Pfadis zu einem Solarworkshop des Zeltplatzes gingen.<br>Da vor der zweit\u00e4gigen Wanderung noch nicht alles gesp\u00fclt wurde erkl\u00e4rten sich Jonathan und Tim bereit zu sp\u00fclen.<br>Sophie, Jana und Burgi gingen einkaufen und die M\u00fclltrennung wurde auch nicht vernachl\u00e4ssigt.<br>Den Rest des Tages hatten wir Freizeit<br>Zum Abendessen gab es Nudeln mit Ei und Gem\u00fcse. Diesmal haben Simon, Philipp, Isabella, Moritz und Paul.<br>Gesp\u00fclt.<br>Abends lie\u00dfen wir den Tag am Lagerfeuer mit Waffeln ausklingen<\/p>\n\n\n\n<p>Milit\u00e4rversion:<br>Einsatzbericht Kuppenheimer Pfadi-Infanterie Division Gr\u00fcn.<\/p>\n\n\n\n<p>Um 07:30 wurde die Division von Offizerin Marisa Reis geweckt. Die Truppe r\u00e4umte danach ihre Au\u00dfenzentrale auf. Um 09:00 starteten wir den Marsch, gef\u00fchrt von Oberheeresleiter Burgi und Milit\u00e4rsgeneral Kummi in Richtung Basislager. F\u00fcr die \u00dcberwachung und Dokumentation wurde Leutnant Lea ernannt. Als die Division um 13:00 die Basiszentrale in Kandersteg erreichte, teilte sich die Division auf verschiedene Positionen auf. <br>Die eine H\u00e4lfte bewachte das Basislager, die andere H\u00e4lfte ging mit Heeresf\u00fchrer Burgi Verpflegungsnachschub beschaffen. Einige Pfadis belegten einen taktischen Workshop zur Nutzung von Solarenergie. <br><br>Gegen Abend wurde zun\u00e4chst die Ankunft eines vermeindlichen Spiones (Benscho) erwartet. Er erwies sich allerdings weder als Spion noch als p\u00fcnktlich. Seine freundlich gesinnte Ankunft wird erst auf morgen erwartet.<br><br>Am gesamten Tag gab es keine Verluste an Mitgliedern der Division.<br><br>Gezeichnet:<br>Offizier Justus K\u00f6ppel<br>General: Philipp Kick<\/p>\n\n\n\n<figure class=\"wp-block-image size-large\"><img data-recalc-dims=\"1\" loading=\"lazy\" decoding=\"async\" width=\"1024\" height=\"461\" src=\"https:\/\/i0.wp.com\/pfadfinder-kuppenheim.de\/wp-content\/uploads\/2024\/08\/20240803_082235.jpg?resize=1024%2C461&#038;ssl=1\" alt=\"\" class=\"wp-image-14217\" srcset=\"https:\/\/i0.wp.com\/pfadfinder-kuppenheim.de\/wp-content\/uploads\/2024\/08\/20240803_082235-scaled.jpg?resize=1024%2C461&amp;ssl=1 1024w, https:\/\/i0.wp.com\/pfadfinder-kuppenheim.de\/wp-content\/uploads\/2024\/08\/20240803_082235-scaled.jpg?resize=300%2C135&amp;ssl=1 300w, https:\/\/i0.wp.com\/pfadfinder-kuppenheim.de\/wp-content\/uploads\/2024\/08\/20240803_082235-scaled.jpg?resize=768%2C346&amp;ssl=1 768w, https:\/\/i0.wp.com\/pfadfinder-kuppenheim.de\/wp-content\/uploads\/2024\/08\/20240803_082235-scaled.jpg?resize=1536%2C691&amp;ssl=1 1536w, https:\/\/i0.wp.com\/pfadfinder-kuppenheim.de\/wp-content\/uploads\/2024\/08\/20240803_082235-scaled.jpg?resize=2048%2C922&amp;ssl=1 2048w, https:\/\/i0.wp.com\/pfadfinder-kuppenheim.de\/wp-content\/uploads\/2024\/08\/20240803_082235-scaled.jpg?w=2400&amp;ssl=1 2400w\" sizes=\"auto, (max-width: 1024px) 100vw, 1024px\" \/><\/figure>\n\n\n\n<figure class=\"wp-block-image size-large\"><img data-recalc-dims=\"1\" loading=\"lazy\" decoding=\"async\" width=\"1024\" height=\"461\" src=\"https:\/\/i0.wp.com\/pfadfinder-kuppenheim.de\/wp-content\/uploads\/2024\/08\/20240803_083628.jpg?resize=1024%2C461&#038;ssl=1\" alt=\"\" class=\"wp-image-14218\" srcset=\"https:\/\/i0.wp.com\/pfadfinder-kuppenheim.de\/wp-content\/uploads\/2024\/08\/20240803_083628-scaled.jpg?resize=1024%2C461&amp;ssl=1 1024w, https:\/\/i0.wp.com\/pfadfinder-kuppenheim.de\/wp-content\/uploads\/2024\/08\/20240803_083628-scaled.jpg?resize=300%2C135&amp;ssl=1 300w, https:\/\/i0.wp.com\/pfadfinder-kuppenheim.de\/wp-content\/uploads\/2024\/08\/20240803_083628-scaled.jpg?resize=768%2C346&amp;ssl=1 768w, https:\/\/i0.wp.com\/pfadfinder-kuppenheim.de\/wp-content\/uploads\/2024\/08\/20240803_083628-scaled.jpg?resize=1536%2C691&amp;ssl=1 1536w, https:\/\/i0.wp.com\/pfadfinder-kuppenheim.de\/wp-content\/uploads\/2024\/08\/20240803_083628-scaled.jpg?resize=2048%2C922&amp;ssl=1 2048w, https:\/\/i0.wp.com\/pfadfinder-kuppenheim.de\/wp-content\/uploads\/2024\/08\/20240803_083628-scaled.jpg?w=2400&amp;ssl=1 2400w\" sizes=\"auto, (max-width: 1024px) 100vw, 1024px\" \/><\/figure>\n\n\n\n<figure class=\"wp-block-image size-large\"><img data-recalc-dims=\"1\" loading=\"lazy\" decoding=\"async\" width=\"1024\" height=\"461\" src=\"https:\/\/i0.wp.com\/pfadfinder-kuppenheim.de\/wp-content\/uploads\/2024\/08\/20240803_082249-1.jpg?resize=1024%2C461&#038;ssl=1\" alt=\"\" class=\"wp-image-14221\" srcset=\"https:\/\/i0.wp.com\/pfadfinder-kuppenheim.de\/wp-content\/uploads\/2024\/08\/20240803_082249-1-scaled.jpg?resize=1024%2C461&amp;ssl=1 1024w, https:\/\/i0.wp.com\/pfadfinder-kuppenheim.de\/wp-content\/uploads\/2024\/08\/20240803_082249-1-scaled.jpg?resize=300%2C135&amp;ssl=1 300w, https:\/\/i0.wp.com\/pfadfinder-kuppenheim.de\/wp-content\/uploads\/2024\/08\/20240803_082249-1-scaled.jpg?resize=768%2C346&amp;ssl=1 768w, https:\/\/i0.wp.com\/pfadfinder-kuppenheim.de\/wp-content\/uploads\/2024\/08\/20240803_082249-1-scaled.jpg?resize=1536%2C691&amp;ssl=1 1536w, https:\/\/i0.wp.com\/pfadfinder-kuppenheim.de\/wp-content\/uploads\/2024\/08\/20240803_082249-1-scaled.jpg?resize=2048%2C922&amp;ssl=1 2048w, https:\/\/i0.wp.com\/pfadfinder-kuppenheim.de\/wp-content\/uploads\/2024\/08\/20240803_082249-1-scaled.jpg?w=2400&amp;ssl=1 2400w\" sizes=\"auto, (max-width: 1024px) 100vw, 1024px\" \/><\/figure>\n\n\n\n<figure class=\"wp-block-image size-large\"><img data-recalc-dims=\"1\" loading=\"lazy\" decoding=\"async\" width=\"1024\" height=\"461\" src=\"https:\/\/i0.wp.com\/pfadfinder-kuppenheim.de\/wp-content\/uploads\/2024\/08\/20240803_111611.jpg?resize=1024%2C461&#038;ssl=1\" alt=\"\" class=\"wp-image-14220\" srcset=\"https:\/\/i0.wp.com\/pfadfinder-kuppenheim.de\/wp-content\/uploads\/2024\/08\/20240803_111611-scaled.jpg?resize=1024%2C461&amp;ssl=1 1024w, https:\/\/i0.wp.com\/pfadfinder-kuppenheim.de\/wp-content\/uploads\/2024\/08\/20240803_111611-scaled.jpg?resize=300%2C135&amp;ssl=1 300w, https:\/\/i0.wp.com\/pfadfinder-kuppenheim.de\/wp-content\/uploads\/2024\/08\/20240803_111611-scaled.jpg?resize=768%2C346&amp;ssl=1 768w, https:\/\/i0.wp.com\/pfadfinder-kuppenheim.de\/wp-content\/uploads\/2024\/08\/20240803_111611-scaled.jpg?resize=1536%2C691&amp;ssl=1 1536w, https:\/\/i0.wp.com\/pfadfinder-kuppenheim.de\/wp-content\/uploads\/2024\/08\/20240803_111611-scaled.jpg?resize=2048%2C922&amp;ssl=1 2048w, https:\/\/i0.wp.com\/pfadfinder-kuppenheim.de\/wp-content\/uploads\/2024\/08\/20240803_111611-scaled.jpg?w=2400&amp;ssl=1 2400w\" sizes=\"auto, (max-width: 1024px) 100vw, 1024px\" \/><\/figure>\n\n\n\n<figure class=\"wp-block-image size-large\"><img data-recalc-dims=\"1\" loading=\"lazy\" decoding=\"async\" width=\"1024\" height=\"461\" src=\"https:\/\/i0.wp.com\/pfadfinder-kuppenheim.de\/wp-content\/uploads\/2024\/08\/20240803_182816.jpg?resize=1024%2C461&#038;ssl=1\" alt=\"\" class=\"wp-image-14222\" srcset=\"https:\/\/i0.wp.com\/pfadfinder-kuppenheim.de\/wp-content\/uploads\/2024\/08\/20240803_182816-scaled.jpg?resize=1024%2C461&amp;ssl=1 1024w, https:\/\/i0.wp.com\/pfadfinder-kuppenheim.de\/wp-content\/uploads\/2024\/08\/20240803_182816-scaled.jpg?resize=300%2C135&amp;ssl=1 300w, https:\/\/i0.wp.com\/pfadfinder-kuppenheim.de\/wp-content\/uploads\/2024\/08\/20240803_182816-scaled.jpg?resize=768%2C346&amp;ssl=1 768w, https:\/\/i0.wp.com\/pfadfinder-kuppenheim.de\/wp-content\/uploads\/2024\/08\/20240803_182816-scaled.jpg?resize=1536%2C691&amp;ssl=1 1536w, https:\/\/i0.wp.com\/pfadfinder-kuppenheim.de\/wp-content\/uploads\/2024\/08\/20240803_182816-scaled.jpg?resize=2048%2C922&amp;ssl=1 2048w, https:\/\/i0.wp.com\/pfadfinder-kuppenheim.de\/wp-content\/uploads\/2024\/08\/20240803_182816-scaled.jpg?w=2400&amp;ssl=1 2400w\" sizes=\"auto, (max-width: 1024px) 100vw, 1024px\" \/><\/figure>\n\n\n\n<figure class=\"wp-block-image size-large\"><img data-recalc-dims=\"1\" loading=\"lazy\" decoding=\"async\" width=\"1024\" height=\"461\" src=\"https:\/\/i0.wp.com\/pfadfinder-kuppenheim.de\/wp-content\/uploads\/2024\/08\/20240803_120900.jpg?resize=1024%2C461&#038;ssl=1\" alt=\"\" class=\"wp-image-14223\" srcset=\"https:\/\/i0.wp.com\/pfadfinder-kuppenheim.de\/wp-content\/uploads\/2024\/08\/20240803_120900-scaled.jpg?resize=1024%2C461&amp;ssl=1 1024w, https:\/\/i0.wp.com\/pfadfinder-kuppenheim.de\/wp-content\/uploads\/2024\/08\/20240803_120900-scaled.jpg?resize=300%2C135&amp;ssl=1 300w, https:\/\/i0.wp.com\/pfadfinder-kuppenheim.de\/wp-content\/uploads\/2024\/08\/20240803_120900-scaled.jpg?resize=768%2C346&amp;ssl=1 768w, https:\/\/i0.wp.com\/pfadfinder-kuppenheim.de\/wp-content\/uploads\/2024\/08\/20240803_120900-scaled.jpg?resize=1536%2C691&amp;ssl=1 1536w, https:\/\/i0.wp.com\/pfadfinder-kuppenheim.de\/wp-content\/uploads\/2024\/08\/20240803_120900-scaled.jpg?resize=2048%2C922&amp;ssl=1 2048w, https:\/\/i0.wp.com\/pfadfinder-kuppenheim.de\/wp-content\/uploads\/2024\/08\/20240803_120900-scaled.jpg?w=2400&amp;ssl=1 2400w\" sizes=\"auto, (max-width: 1024px) 100vw, 1024px\" \/><\/figure>\n\n\n\n<figure class=\"wp-block-image size-large\"><img data-recalc-dims=\"1\" loading=\"lazy\" decoding=\"async\" width=\"1024\" height=\"768\" src=\"https:\/\/i0.wp.com\/pfadfinder-kuppenheim.de\/wp-content\/uploads\/2024\/08\/IMG_0470.jpg?resize=1024%2C768&#038;ssl=1\" alt=\"\" class=\"wp-image-14224\" srcset=\"https:\/\/i0.wp.com\/pfadfinder-kuppenheim.de\/wp-content\/uploads\/2024\/08\/IMG_0470-scaled.jpg?resize=1024%2C768&amp;ssl=1 1024w, https:\/\/i0.wp.com\/pfadfinder-kuppenheim.de\/wp-content\/uploads\/2024\/08\/IMG_0470-scaled.jpg?resize=300%2C225&amp;ssl=1 300w, https:\/\/i0.wp.com\/pfadfinder-kuppenheim.de\/wp-content\/uploads\/2024\/08\/IMG_0470-scaled.jpg?resize=768%2C576&amp;ssl=1 768w, https:\/\/i0.wp.com\/pfadfinder-kuppenheim.de\/wp-content\/uploads\/2024\/08\/IMG_0470-scaled.jpg?resize=1536%2C1152&amp;ssl=1 1536w, https:\/\/i0.wp.com\/pfadfinder-kuppenheim.de\/wp-content\/uploads\/2024\/08\/IMG_0470-scaled.jpg?resize=2048%2C1536&amp;ssl=1 2048w, https:\/\/i0.wp.com\/pfadfinder-kuppenheim.de\/wp-content\/uploads\/2024\/08\/IMG_0470-scaled.jpg?w=2400&amp;ssl=1 2400w\" sizes=\"auto, (max-width: 1024px) 100vw, 1024px\" \/><\/figure>\n\n\n\n<figure class=\"wp-block-image size-large\"><img data-recalc-dims=\"1\" loading=\"lazy\" decoding=\"async\" width=\"768\" height=\"1024\" src=\"https:\/\/i0.wp.com\/pfadfinder-kuppenheim.de\/wp-content\/uploads\/2024\/08\/IMG_0486.jpg?resize=768%2C1024&#038;ssl=1\" alt=\"\" class=\"wp-image-14225\" srcset=\"https:\/\/i0.wp.com\/pfadfinder-kuppenheim.de\/wp-content\/uploads\/2024\/08\/IMG_0486-scaled.jpg?resize=768%2C1024&amp;ssl=1 768w, https:\/\/i0.wp.com\/pfadfinder-kuppenheim.de\/wp-content\/uploads\/2024\/08\/IMG_0486-scaled.jpg?resize=225%2C300&amp;ssl=1 225w, https:\/\/i0.wp.com\/pfadfinder-kuppenheim.de\/wp-content\/uploads\/2024\/08\/IMG_0486-scaled.jpg?resize=1152%2C1536&amp;ssl=1 1152w, https:\/\/i0.wp.com\/pfadfinder-kuppenheim.de\/wp-content\/uploads\/2024\/08\/IMG_0486-scaled.jpg?resize=1536%2C2048&amp;ssl=1 1536w, https:\/\/i0.wp.com\/pfadfinder-kuppenheim.de\/wp-content\/uploads\/2024\/08\/IMG_0486-scaled.jpg?w=1920&amp;ssl=1 1920w\" sizes=\"auto, (max-width: 768px) 100vw, 768px\" \/><\/figure>\n","protected":false},"excerpt":{"rendered":"<p>Zivilversion des Tages: Am Samstag, dem 3. August wurden wir um 7:30 Uhr von Marissa geweckt und wir hatten 15 Minuten Zeit um die Taschen zu packen, die H\u00fcttenschlafs\u00e4cke einzurollen und uns zum Fr\u00fchst\u00fcck mit unseren Rucks\u00e4cken auf derTerrasse zu treffen.Nach dem reichhaltigen Fr\u00fchst\u00fcck r\u00e4umten wir die Gfellalph\u00fctte auf und f\u00fcllten unsere Flaschen mit Leitungswasser&hellip;&nbsp;<a href=\"https:\/\/pfadfinder-kuppenheim.de\/?p=14216\" class=\"\" rel=\"bookmark\">Weiterlesen &raquo;<span class=\"screen-reader-text\">Tag 9 &#8211; Wanderung zur\u00fcck ins KISC &amp; Solar-Workshop Teil 1<\/span><\/a><\/p>\n","protected":false},"author":12,"featured_media":0,"comment_status":"open","ping_status":"closed","sticky":false,"template":"","format":"standard","meta":{"neve_meta_sidebar":"","neve_meta_container":"","neve_meta_enable_content_width":"","neve_meta_content_width":0,"neve_meta_title_alignment":"","neve_meta_author_avatar":"","neve_post_elements_order":"","neve_meta_disable_header":"","neve_meta_disable_footer":"","neve_meta_disable_title":"","jetpack_post_was_ever_published":false,"_jetpack_newsletter_access":"","_jetpack_dont_email_post_to_subs":true,"_jetpack_newsletter_tier_id":0,"_jetpack_memberships_contains_paywalled_content":false,"_jetpack_memberships_contains_paid_content":false,"footnotes":"","jetpack_publicize_message":"","jetpack_publicize_feature_enabled":true,"jetpack_social_post_already_shared":true,"jetpack_social_options":{"image_generator_settings":{"template":"highway","enabled":false},"version":2}},"categories":[265,42,6,23],"tags":[83,58,78],"class_list":["post-14216","post","type-post","status-publish","format-standard","hentry","category-2024-kandersteg","category-berichte","category-pfadis","category-pfadis_sola_tagebuch","tag-kandersteg","tag-pfadis","tag-sommerlager"],"jetpack_publicize_connections":[],"jetpack_featured_media_url":"","jetpack_sharing_enabled":true,"jetpack_shortlink":"https:\/\/wp.me\/p3G0PZ-3Hi","_links":{"self":[{"href":"https:\/\/pfadfinder-kuppenheim.de\/index.php?rest_route=\/wp\/v2\/posts\/14216","targetHints":{"allow":["GET"]}}],"collection":[{"href":"https:\/\/pfadfinder-kuppenheim.de\/index.php?rest_route=\/wp\/v2\/posts"}],"about":[{"href":"https:\/\/pfadfinder-kuppenheim.de\/index.php?rest_route=\/wp\/v2\/types\/post"}],"author":[{"embeddable":true,"href":"https:\/\/pfadfinder-kuppenheim.de\/index.php?rest_route=\/wp\/v2\/users\/12"}],"replies":[{"embeddable":true,"href":"https:\/\/pfadfinder-kuppenheim.de\/index.php?rest_route=%2Fwp%2Fv2%2Fcomments&post=14216"}],"version-history":[{"count":1,"href":"https:\/\/pfadfinder-kuppenheim.de\/index.php?rest_route=\/wp\/v2\/posts\/14216\/revisions"}],"predecessor-version":[{"id":14226,"href":"https:\/\/pfadfinder-kuppenheim.de\/index.php?rest_route=\/wp\/v2\/posts\/14216\/revisions\/14226"}],"wp:attachment":[{"href":"https:\/\/pfadfinder-kuppenheim.de\/index.php?rest_route=%2Fwp%2Fv2%2Fmedia&parent=14216"}],"wp:term":[{"taxonomy":"category","embeddable":true,"href":"https:\/\/pfadfinder-kuppenheim.de\/index.php?rest_route=%2Fwp%2Fv2%2Fcategories&post=14216"},{"taxonomy":"post_tag","embeddable":true,"href":"https:\/\/pfadfinder-kuppenheim.de\/index.php?rest_route=%2Fwp%2Fv2%2Ftags&post=14216"}],"curies":[{"name":"wp","href":"https:\/\/api.w.org\/{rel}","templated":true}]}}