{"id":13258,"date":"2024-07-29T00:34:23","date_gmt":"2024-07-28T22:34:23","guid":{"rendered":"https:\/\/pfadfinder-kuppenheim.de\/?p=13258"},"modified":"2024-07-29T00:34:23","modified_gmt":"2024-07-28T22:34:23","slug":"versprechen-zum-motto-teamgeist","status":"publish","type":"post","link":"https:\/\/pfadfinder-kuppenheim.de\/?p=13258","title":{"rendered":"Versprechen  zum Motto Teamgeist"},"content":{"rendered":"\n<p>Heute Abend durften Lea, Noah und Ansgar das Versprechen zum Motto Teamgeist ablegen.<\/p>\n\n\n\n<p>Das Motto wurde aufgrund des Lagermottos Olympiade ausgew\u00e4hlt.<\/p>\n\n\n\n<figure class=\"wp-block-image size-large\"><img data-recalc-dims=\"1\" loading=\"lazy\" decoding=\"async\" width=\"1024\" height=\"768\" src=\"https:\/\/i0.wp.com\/pfadfinder-kuppenheim.de\/wp-content\/uploads\/2024\/07\/img_4984.jpg?resize=1024%2C768&#038;ssl=1\" class=\"wp-image-13247\" srcset=\"https:\/\/i0.wp.com\/pfadfinder-kuppenheim.de\/wp-content\/uploads\/2024\/07\/img_4984.jpg?resize=1024%2C768&amp;ssl=1 1024w, https:\/\/i0.wp.com\/pfadfinder-kuppenheim.de\/wp-content\/uploads\/2024\/07\/img_4984.jpg?resize=300%2C225&amp;ssl=1 300w, https:\/\/i0.wp.com\/pfadfinder-kuppenheim.de\/wp-content\/uploads\/2024\/07\/img_4984.jpg?resize=768%2C576&amp;ssl=1 768w, https:\/\/i0.wp.com\/pfadfinder-kuppenheim.de\/wp-content\/uploads\/2024\/07\/img_4984.jpg?resize=1536%2C1152&amp;ssl=1 1536w, https:\/\/i0.wp.com\/pfadfinder-kuppenheim.de\/wp-content\/uploads\/2024\/07\/img_4984.jpg?w=2000&amp;ssl=1 2000w\" sizes=\"auto, (max-width: 1024px) 100vw, 1024px\" \/><figcaption class=\"wp-element-caption\">Zu Beginn durften die Kinder, die bereits ein Versprechen abgelegt haben ihre selbst gebastelte Fackel mitnehmen und die Kinder wurden auf das Versprechen vorbereitet.<\/figcaption><\/figure>\n\n\n\n<figure class=\"wp-block-image size-large\"><img data-recalc-dims=\"1\" loading=\"lazy\" decoding=\"async\" width=\"1024\" height=\"768\" src=\"https:\/\/i0.wp.com\/pfadfinder-kuppenheim.de\/wp-content\/uploads\/2024\/07\/img_4990.jpg?resize=1024%2C768&#038;ssl=1\" class=\"wp-image-13248\" srcset=\"https:\/\/i0.wp.com\/pfadfinder-kuppenheim.de\/wp-content\/uploads\/2024\/07\/img_4990.jpg?resize=1024%2C768&amp;ssl=1 1024w, https:\/\/i0.wp.com\/pfadfinder-kuppenheim.de\/wp-content\/uploads\/2024\/07\/img_4990.jpg?resize=300%2C225&amp;ssl=1 300w, https:\/\/i0.wp.com\/pfadfinder-kuppenheim.de\/wp-content\/uploads\/2024\/07\/img_4990.jpg?resize=768%2C576&amp;ssl=1 768w, https:\/\/i0.wp.com\/pfadfinder-kuppenheim.de\/wp-content\/uploads\/2024\/07\/img_4990.jpg?resize=1536%2C1152&amp;ssl=1 1536w, https:\/\/i0.wp.com\/pfadfinder-kuppenheim.de\/wp-content\/uploads\/2024\/07\/img_4990.jpg?w=2000&amp;ssl=1 2000w\" sizes=\"auto, (max-width: 1024px) 100vw, 1024px\" \/><\/figure>\n\n\n\n<p>Bei der ersten Station mit tollem Ausblick wurde der Begriff Teamgeist erkl\u00e4rt und die Kinder haben herausgefunden, dass es keine Einzelsportart gibt, da jeder ein Team hat der ihnen beisteht. Es wurde ein kleines Teamspiel mit dem Fallschirm gespielt. Der Pfarrer begl\u00fcckte und ebenfalls mit seiner Anwesenheit.<\/p>\n\n\n\n<figure class=\"wp-block-image size-large\"><img data-recalc-dims=\"1\" loading=\"lazy\" decoding=\"async\" width=\"768\" height=\"1024\" src=\"https:\/\/i0.wp.com\/pfadfinder-kuppenheim.de\/wp-content\/uploads\/2024\/07\/img_5007.jpg?resize=768%2C1024&#038;ssl=1\" class=\"wp-image-13249\" srcset=\"https:\/\/i0.wp.com\/pfadfinder-kuppenheim.de\/wp-content\/uploads\/2024\/07\/img_5007.jpg?resize=768%2C1024&amp;ssl=1 768w, https:\/\/i0.wp.com\/pfadfinder-kuppenheim.de\/wp-content\/uploads\/2024\/07\/img_5007.jpg?resize=225%2C300&amp;ssl=1 225w, https:\/\/i0.wp.com\/pfadfinder-kuppenheim.de\/wp-content\/uploads\/2024\/07\/img_5007.jpg?resize=1152%2C1536&amp;ssl=1 1152w, https:\/\/i0.wp.com\/pfadfinder-kuppenheim.de\/wp-content\/uploads\/2024\/07\/img_5007.jpg?w=1500&amp;ssl=1 1500w\" sizes=\"auto, (max-width: 768px) 100vw, 768px\" \/><\/figure>\n\n\n\n<p>Bei der zweiten Station durften die ihr Kommunikationstalent und ihre Teamf\u00e4higkeit unter Beweis stellen indem sie mit Skiern f\u00fcr drei Kinder den Pacour aus den anderen W\u00f6lflinge passieren durften.<\/p>\n\n\n\n<figure class=\"wp-block-image size-large\"><img data-recalc-dims=\"1\" loading=\"lazy\" decoding=\"async\" width=\"1024\" height=\"768\" src=\"https:\/\/i0.wp.com\/pfadfinder-kuppenheim.de\/wp-content\/uploads\/2024\/07\/img_5013.jpg?resize=1024%2C768&#038;ssl=1\" class=\"wp-image-13250\" srcset=\"https:\/\/i0.wp.com\/pfadfinder-kuppenheim.de\/wp-content\/uploads\/2024\/07\/img_5013.jpg?resize=1024%2C768&amp;ssl=1 1024w, https:\/\/i0.wp.com\/pfadfinder-kuppenheim.de\/wp-content\/uploads\/2024\/07\/img_5013.jpg?resize=300%2C225&amp;ssl=1 300w, https:\/\/i0.wp.com\/pfadfinder-kuppenheim.de\/wp-content\/uploads\/2024\/07\/img_5013.jpg?resize=768%2C576&amp;ssl=1 768w, https:\/\/i0.wp.com\/pfadfinder-kuppenheim.de\/wp-content\/uploads\/2024\/07\/img_5013.jpg?resize=1536%2C1152&amp;ssl=1 1536w, https:\/\/i0.wp.com\/pfadfinder-kuppenheim.de\/wp-content\/uploads\/2024\/07\/img_5013.jpg?w=2000&amp;ssl=1 2000w\" sizes=\"auto, (max-width: 1024px) 100vw, 1024px\" \/><figcaption class=\"wp-element-caption\">Zuletzt haben alle Kinder und der Pfarrer versucht gemeinsam in einem gro\u00dfen Wollkneul eine Strecke zu passieren. Etwas schwieriger als vorher angenommen.<\/figcaption><\/figure>\n\n\n\n<figure class=\"wp-block-image size-large\"><img data-recalc-dims=\"1\" loading=\"lazy\" decoding=\"async\" width=\"1024\" height=\"768\" src=\"https:\/\/i0.wp.com\/pfadfinder-kuppenheim.de\/wp-content\/uploads\/2024\/07\/img_5016.jpg?resize=1024%2C768&#038;ssl=1\" class=\"wp-image-13251\" srcset=\"https:\/\/i0.wp.com\/pfadfinder-kuppenheim.de\/wp-content\/uploads\/2024\/07\/img_5016.jpg?resize=1024%2C768&amp;ssl=1 1024w, https:\/\/i0.wp.com\/pfadfinder-kuppenheim.de\/wp-content\/uploads\/2024\/07\/img_5016.jpg?resize=300%2C225&amp;ssl=1 300w, https:\/\/i0.wp.com\/pfadfinder-kuppenheim.de\/wp-content\/uploads\/2024\/07\/img_5016.jpg?resize=768%2C576&amp;ssl=1 768w, https:\/\/i0.wp.com\/pfadfinder-kuppenheim.de\/wp-content\/uploads\/2024\/07\/img_5016.jpg?resize=1536%2C1152&amp;ssl=1 1536w, https:\/\/i0.wp.com\/pfadfinder-kuppenheim.de\/wp-content\/uploads\/2024\/07\/img_5016.jpg?w=2000&amp;ssl=1 2000w\" sizes=\"auto, (max-width: 1024px) 100vw, 1024px\" \/><figcaption class=\"wp-element-caption\">Am Versprechensort angekommen, der einen beleuchteten Blick auf Forbach zeigt wurde ein Text zum Thema Teamgeist vorgelesen.<\/figcaption><\/figure>\n\n\n\n<figure class=\"wp-block-image size-large\"><img data-recalc-dims=\"1\" loading=\"lazy\" decoding=\"async\" width=\"768\" height=\"1024\" src=\"https:\/\/i0.wp.com\/pfadfinder-kuppenheim.de\/wp-content\/uploads\/2024\/07\/img_5027.jpg?resize=768%2C1024&#038;ssl=1\" class=\"wp-image-13252\" srcset=\"https:\/\/i0.wp.com\/pfadfinder-kuppenheim.de\/wp-content\/uploads\/2024\/07\/img_5027.jpg?resize=768%2C1024&amp;ssl=1 768w, https:\/\/i0.wp.com\/pfadfinder-kuppenheim.de\/wp-content\/uploads\/2024\/07\/img_5027.jpg?resize=225%2C300&amp;ssl=1 225w, https:\/\/i0.wp.com\/pfadfinder-kuppenheim.de\/wp-content\/uploads\/2024\/07\/img_5027.jpg?resize=1152%2C1536&amp;ssl=1 1152w, https:\/\/i0.wp.com\/pfadfinder-kuppenheim.de\/wp-content\/uploads\/2024\/07\/img_5027.jpg?w=1500&amp;ssl=1 1500w\" sizes=\"auto, (max-width: 768px) 100vw, 768px\" \/><figcaption class=\"wp-element-caption\">Dann durfte Lea ihr Versprechen ablegen und sie wurde in unser Trupp aufgenommen. Danach la\u00df Isabella das Pfadfindergebet vor.<\/figcaption><\/figure>\n\n\n\n<figure class=\"wp-block-image size-large\"><img data-recalc-dims=\"1\" loading=\"lazy\" decoding=\"async\" width=\"768\" height=\"1024\" src=\"https:\/\/i0.wp.com\/pfadfinder-kuppenheim.de\/wp-content\/uploads\/2024\/07\/img_5034.jpg?resize=768%2C1024&#038;ssl=1\" class=\"wp-image-13253\" srcset=\"https:\/\/i0.wp.com\/pfadfinder-kuppenheim.de\/wp-content\/uploads\/2024\/07\/img_5034.jpg?resize=768%2C1024&amp;ssl=1 768w, https:\/\/i0.wp.com\/pfadfinder-kuppenheim.de\/wp-content\/uploads\/2024\/07\/img_5034.jpg?resize=225%2C300&amp;ssl=1 225w, https:\/\/i0.wp.com\/pfadfinder-kuppenheim.de\/wp-content\/uploads\/2024\/07\/img_5034.jpg?resize=1152%2C1536&amp;ssl=1 1152w, https:\/\/i0.wp.com\/pfadfinder-kuppenheim.de\/wp-content\/uploads\/2024\/07\/img_5034.jpg?w=1500&amp;ssl=1 1500w\" sizes=\"auto, (max-width: 768px) 100vw, 768px\" \/><figcaption class=\"wp-element-caption\">Auch Ansgar hat das Versprechen abgelegt und die sichtbaren Hinweise, die orangene Lilie und das orangefarbene Halstuch verliehen bekommen.<\/figcaption><\/figure>\n\n\n\n<figure class=\"wp-block-image size-large\"><img data-recalc-dims=\"1\" loading=\"lazy\" decoding=\"async\" width=\"768\" height=\"1024\" src=\"https:\/\/i0.wp.com\/pfadfinder-kuppenheim.de\/wp-content\/uploads\/2024\/07\/img_5037.jpg?resize=768%2C1024&#038;ssl=1\" class=\"wp-image-13254\" srcset=\"https:\/\/i0.wp.com\/pfadfinder-kuppenheim.de\/wp-content\/uploads\/2024\/07\/img_5037.jpg?resize=768%2C1024&amp;ssl=1 768w, https:\/\/i0.wp.com\/pfadfinder-kuppenheim.de\/wp-content\/uploads\/2024\/07\/img_5037.jpg?resize=225%2C300&amp;ssl=1 225w, https:\/\/i0.wp.com\/pfadfinder-kuppenheim.de\/wp-content\/uploads\/2024\/07\/img_5037.jpg?resize=1152%2C1536&amp;ssl=1 1152w, https:\/\/i0.wp.com\/pfadfinder-kuppenheim.de\/wp-content\/uploads\/2024\/07\/img_5037.jpg?w=1500&amp;ssl=1 1500w\" sizes=\"auto, (max-width: 768px) 100vw, 768px\" \/><figcaption class=\"wp-element-caption\">Noah bekam zuletzt das Versprechen.Bei diesem Versprechen durfte jedes Kind sein individuellen Text vorlesen, der selbst verfasst wurde. Auch Noah wurde durch die anderen Kinder in dem Trupp mit dem Pfadfindergru\u00df willkommen gehei\u00dfen.<\/figcaption><\/figure>\n\n\n\n<p>Die selbsgebastelten Fackeln brannten sehr gut.<\/p>\n\n\n\n<figure class=\"wp-block-image size-large\"><img data-recalc-dims=\"1\" loading=\"lazy\" decoding=\"async\" width=\"768\" height=\"1024\" src=\"https:\/\/i0.wp.com\/pfadfinder-kuppenheim.de\/wp-content\/uploads\/2024\/07\/img_5051.jpg?resize=768%2C1024&#038;ssl=1\" class=\"wp-image-13255\" srcset=\"https:\/\/i0.wp.com\/pfadfinder-kuppenheim.de\/wp-content\/uploads\/2024\/07\/img_5051.jpg?resize=768%2C1024&amp;ssl=1 768w, https:\/\/i0.wp.com\/pfadfinder-kuppenheim.de\/wp-content\/uploads\/2024\/07\/img_5051.jpg?resize=225%2C300&amp;ssl=1 225w, https:\/\/i0.wp.com\/pfadfinder-kuppenheim.de\/wp-content\/uploads\/2024\/07\/img_5051.jpg?resize=1152%2C1536&amp;ssl=1 1152w, https:\/\/i0.wp.com\/pfadfinder-kuppenheim.de\/wp-content\/uploads\/2024\/07\/img_5051.jpg?w=1500&amp;ssl=1 1500w\" sizes=\"auto, (max-width: 768px) 100vw, 768px\" \/><figcaption class=\"wp-element-caption\">Am Lagerplatz wurde mit Tschai, Schokobananen und Stockbrot das Versprechen gefeiert. Ein gelungenes Versprechen.<\/figcaption><\/figure>\n\n\n\n<figure class=\"wp-block-image size-large\"><img data-recalc-dims=\"1\" loading=\"lazy\" decoding=\"async\" width=\"1024\" height=\"768\" src=\"https:\/\/i0.wp.com\/pfadfinder-kuppenheim.de\/wp-content\/uploads\/2024\/07\/img_5073.jpg?resize=1024%2C768&#038;ssl=1\" class=\"wp-image-13256\" srcset=\"https:\/\/i0.wp.com\/pfadfinder-kuppenheim.de\/wp-content\/uploads\/2024\/07\/img_5073.jpg?resize=1024%2C768&amp;ssl=1 1024w, https:\/\/i0.wp.com\/pfadfinder-kuppenheim.de\/wp-content\/uploads\/2024\/07\/img_5073.jpg?resize=300%2C225&amp;ssl=1 300w, https:\/\/i0.wp.com\/pfadfinder-kuppenheim.de\/wp-content\/uploads\/2024\/07\/img_5073.jpg?resize=768%2C576&amp;ssl=1 768w, https:\/\/i0.wp.com\/pfadfinder-kuppenheim.de\/wp-content\/uploads\/2024\/07\/img_5073.jpg?resize=1536%2C1152&amp;ssl=1 1536w, https:\/\/i0.wp.com\/pfadfinder-kuppenheim.de\/wp-content\/uploads\/2024\/07\/img_5073.jpg?w=2000&amp;ssl=1 2000w\" sizes=\"auto, (max-width: 1024px) 100vw, 1024px\" \/><\/figure>\n\n\n\n<p>Nun liege die Kinder im Schlafsack.<\/p>\n","protected":false},"excerpt":{"rendered":"<p>Heute Abend durften Lea, Noah und Ansgar das Versprechen zum Motto Teamgeist ablegen. Das Motto wurde aufgrund des Lagermottos Olympiade ausgew\u00e4hlt. Bei der ersten Station mit tollem Ausblick wurde der Begriff Teamgeist erkl\u00e4rt und die Kinder haben herausgefunden, dass es keine Einzelsportart gibt, da jeder ein Team hat der ihnen beisteht. Es wurde ein kleines&hellip;&nbsp;<a href=\"https:\/\/pfadfinder-kuppenheim.de\/?p=13258\" class=\"\" rel=\"bookmark\">Weiterlesen &raquo;<span class=\"screen-reader-text\">Versprechen  zum Motto Teamgeist<\/span><\/a><\/p>\n","protected":false},"author":33,"featured_media":13257,"comment_status":"closed","ping_status":"","sticky":false,"template":"","format":"standard","meta":{"neve_meta_sidebar":"","neve_meta_container":"","neve_meta_enable_content_width":"","neve_meta_content_width":0,"neve_meta_title_alignment":"","neve_meta_author_avatar":"","neve_post_elements_order":"","neve_meta_disable_header":"","neve_meta_disable_footer":"","neve_meta_disable_title":"","jetpack_post_was_ever_published":false,"_jetpack_newsletter_access":"","_jetpack_dont_email_post_to_subs":false,"_jetpack_newsletter_tier_id":0,"_jetpack_memberships_contains_paywalled_content":false,"_jetpack_memberships_contains_paid_content":false,"footnotes":"","jetpack_publicize_message":"","jetpack_publicize_feature_enabled":true,"jetpack_social_post_already_shared":true,"jetpack_social_options":{"image_generator_settings":{"template":"highway","default_image_id":0,"font":"","enabled":false},"version":2}},"categories":[246],"tags":[37],"class_list":["post-13258","post","type-post","status-publish","format-standard","has-post-thumbnail","hentry","category-sommerlager-2024","tag-versprechen"],"jetpack_publicize_connections":[],"jetpack_featured_media_url":"https:\/\/i0.wp.com\/pfadfinder-kuppenheim.de\/wp-content\/uploads\/2024\/07\/img_5044.jpg?fit=1500%2C2000&ssl=1","jetpack_sharing_enabled":true,"jetpack_shortlink":"https:\/\/wp.me\/p3G0PZ-3rQ","_links":{"self":[{"href":"https:\/\/pfadfinder-kuppenheim.de\/index.php?rest_route=\/wp\/v2\/posts\/13258","targetHints":{"allow":["GET"]}}],"collection":[{"href":"https:\/\/pfadfinder-kuppenheim.de\/index.php?rest_route=\/wp\/v2\/posts"}],"about":[{"href":"https:\/\/pfadfinder-kuppenheim.de\/index.php?rest_route=\/wp\/v2\/types\/post"}],"author":[{"embeddable":true,"href":"https:\/\/pfadfinder-kuppenheim.de\/index.php?rest_route=\/wp\/v2\/users\/33"}],"replies":[{"embeddable":true,"href":"https:\/\/pfadfinder-kuppenheim.de\/index.php?rest_route=%2Fwp%2Fv2%2Fcomments&post=13258"}],"version-history":[{"count":1,"href":"https:\/\/pfadfinder-kuppenheim.de\/index.php?rest_route=\/wp\/v2\/posts\/13258\/revisions"}],"predecessor-version":[{"id":13259,"href":"https:\/\/pfadfinder-kuppenheim.de\/index.php?rest_route=\/wp\/v2\/posts\/13258\/revisions\/13259"}],"wp:featuredmedia":[{"embeddable":true,"href":"https:\/\/pfadfinder-kuppenheim.de\/index.php?rest_route=\/wp\/v2\/media\/13257"}],"wp:attachment":[{"href":"https:\/\/pfadfinder-kuppenheim.de\/index.php?rest_route=%2Fwp%2Fv2%2Fmedia&parent=13258"}],"wp:term":[{"taxonomy":"category","embeddable":true,"href":"https:\/\/pfadfinder-kuppenheim.de\/index.php?rest_route=%2Fwp%2Fv2%2Fcategories&post=13258"},{"taxonomy":"post_tag","embeddable":true,"href":"https:\/\/pfadfinder-kuppenheim.de\/index.php?rest_route=%2Fwp%2Fv2%2Ftags&post=13258"}],"curies":[{"name":"wp","href":"https:\/\/api.w.org\/{rel}","templated":true}]}}