{"id":13187,"date":"2024-07-28T19:53:42","date_gmt":"2024-07-28T17:53:42","guid":{"rendered":"https:\/\/pfadfinder-kuppenheim.de\/?p=13187"},"modified":"2024-07-28T19:53:42","modified_gmt":"2024-07-28T17:53:42","slug":"gottesdienst-in-gausbach","status":"publish","type":"post","link":"https:\/\/pfadfinder-kuppenheim.de\/?p=13187","title":{"rendered":"Gottesdienst in Gausbach"},"content":{"rendered":"\n<p>Heute Nachmittag hat uns unser Korat der Pfarrer Sauer in Gausbach besucht und ein Gottesdienst zum Them Sch\u00f6pfungsspiritualit\u00e4t veranstaltet. Im Ramen des Klima bonuses, welches wir von der BDKJ Freiburg erhalten werden, war eine Ma\u00dfnahme eine Programmpunkt zum Thema Sch\u00f6pfungsspiritualit\u00e4t. #Klimabonus Dies  beinhaltete die Sch\u00f6pfungsgeschichte der Bibel beziehungsweise die Entstehung von der Erde. Damit setzten wir uns kritisch auseinander und reflektierten das Handeln von Menschen im Bezug auf die Natur. Wir z\u00e4hlten die Folgen und Auswirkungen des Klimawandels auf und sammelten Verhaltensweisen die wir schon durchf\u00fchren oder machen m\u00f6chten um den Auswirkungen wie die Klimaerw\u00e4rmung entgegen zu steuern. Auch einige Lieder wurden \u00fcber die Entstehung der Erde gesungen. Beispielsweise Lauda to si. Ebenfalls beteten wir f\u00fcr einen respektvollen Umgang mit den Ressourcen. F\u00fcrbitten dies bezogen durften ebenfalls nicht fehlen. Wir danken dem Pfarrer Sauer f\u00fcr die Durchf\u00fchrung und Planung mit dem Leitungsteam des Gottesdiensts. <\/p>\n\n\n\n<figure class=\"wp-block-gallery has-nested-images columns-default is-cropped wp-block-gallery-1 is-layout-flex wp-block-gallery-is-layout-flex\">\n<figure class=\"wp-block-image\"><img data-recalc-dims=\"1\" loading=\"lazy\" decoding=\"async\" width=\"768\" height=\"1024\" data-id=\"13182\" src=\"https:\/\/i0.wp.com\/pfadfinder-kuppenheim.de\/wp-content\/uploads\/2024\/07\/img_4919.jpg?resize=768%2C1024&#038;ssl=1\" alt=\"\" class=\"wp-image-13182\" srcset=\"https:\/\/i0.wp.com\/pfadfinder-kuppenheim.de\/wp-content\/uploads\/2024\/07\/img_4919.jpg?resize=768%2C1024&amp;ssl=1 768w, https:\/\/i0.wp.com\/pfadfinder-kuppenheim.de\/wp-content\/uploads\/2024\/07\/img_4919.jpg?resize=225%2C300&amp;ssl=1 225w, https:\/\/i0.wp.com\/pfadfinder-kuppenheim.de\/wp-content\/uploads\/2024\/07\/img_4919.jpg?resize=1152%2C1536&amp;ssl=1 1152w, https:\/\/i0.wp.com\/pfadfinder-kuppenheim.de\/wp-content\/uploads\/2024\/07\/img_4919.jpg?w=1500&amp;ssl=1 1500w\" sizes=\"auto, (max-width: 768px) 100vw, 768px\" \/><\/figure>\n\n\n\n<figure class=\"wp-block-image\"><img data-recalc-dims=\"1\" loading=\"lazy\" decoding=\"async\" width=\"768\" height=\"1024\" data-id=\"13183\" src=\"https:\/\/i0.wp.com\/pfadfinder-kuppenheim.de\/wp-content\/uploads\/2024\/07\/img_4918.jpg?resize=768%2C1024&#038;ssl=1\" alt=\"\" class=\"wp-image-13183\" srcset=\"https:\/\/i0.wp.com\/pfadfinder-kuppenheim.de\/wp-content\/uploads\/2024\/07\/img_4918.jpg?resize=768%2C1024&amp;ssl=1 768w, https:\/\/i0.wp.com\/pfadfinder-kuppenheim.de\/wp-content\/uploads\/2024\/07\/img_4918.jpg?resize=225%2C300&amp;ssl=1 225w, https:\/\/i0.wp.com\/pfadfinder-kuppenheim.de\/wp-content\/uploads\/2024\/07\/img_4918.jpg?resize=1152%2C1536&amp;ssl=1 1152w, https:\/\/i0.wp.com\/pfadfinder-kuppenheim.de\/wp-content\/uploads\/2024\/07\/img_4918.jpg?w=1500&amp;ssl=1 1500w\" sizes=\"auto, (max-width: 768px) 100vw, 768px\" \/><\/figure>\n<\/figure>\n\n\n\n<figure class=\"wp-block-gallery has-nested-images columns-default is-cropped wp-block-gallery-2 is-layout-flex wp-block-gallery-is-layout-flex\">\n<figure class=\"wp-block-image\"><img data-recalc-dims=\"1\" loading=\"lazy\" decoding=\"async\" width=\"768\" height=\"1024\" data-id=\"13185\" src=\"https:\/\/i0.wp.com\/pfadfinder-kuppenheim.de\/wp-content\/uploads\/2024\/07\/img_4922.jpg?resize=768%2C1024&#038;ssl=1\" alt=\"\" class=\"wp-image-13185\" srcset=\"https:\/\/i0.wp.com\/pfadfinder-kuppenheim.de\/wp-content\/uploads\/2024\/07\/img_4922.jpg?resize=768%2C1024&amp;ssl=1 768w, https:\/\/i0.wp.com\/pfadfinder-kuppenheim.de\/wp-content\/uploads\/2024\/07\/img_4922.jpg?resize=225%2C300&amp;ssl=1 225w, https:\/\/i0.wp.com\/pfadfinder-kuppenheim.de\/wp-content\/uploads\/2024\/07\/img_4922.jpg?resize=1152%2C1536&amp;ssl=1 1152w, https:\/\/i0.wp.com\/pfadfinder-kuppenheim.de\/wp-content\/uploads\/2024\/07\/img_4922.jpg?w=1500&amp;ssl=1 1500w\" sizes=\"auto, (max-width: 768px) 100vw, 768px\" \/><\/figure>\n\n\n\n<figure class=\"wp-block-image\"><img data-recalc-dims=\"1\" loading=\"lazy\" decoding=\"async\" width=\"1024\" height=\"768\" data-id=\"13184\" src=\"https:\/\/i0.wp.com\/pfadfinder-kuppenheim.de\/wp-content\/uploads\/2024\/07\/img_4921.jpg?resize=1024%2C768&#038;ssl=1\" alt=\"\" class=\"wp-image-13184\" srcset=\"https:\/\/i0.wp.com\/pfadfinder-kuppenheim.de\/wp-content\/uploads\/2024\/07\/img_4921.jpg?resize=1024%2C768&amp;ssl=1 1024w, https:\/\/i0.wp.com\/pfadfinder-kuppenheim.de\/wp-content\/uploads\/2024\/07\/img_4921.jpg?resize=300%2C225&amp;ssl=1 300w, https:\/\/i0.wp.com\/pfadfinder-kuppenheim.de\/wp-content\/uploads\/2024\/07\/img_4921.jpg?resize=768%2C576&amp;ssl=1 768w, https:\/\/i0.wp.com\/pfadfinder-kuppenheim.de\/wp-content\/uploads\/2024\/07\/img_4921.jpg?resize=1536%2C1152&amp;ssl=1 1536w, https:\/\/i0.wp.com\/pfadfinder-kuppenheim.de\/wp-content\/uploads\/2024\/07\/img_4921.jpg?w=2000&amp;ssl=1 2000w\" sizes=\"auto, (max-width: 1024px) 100vw, 1024px\" \/><\/figure>\n<\/figure>\n","protected":false},"excerpt":{"rendered":"<p>Heute Nachmittag hat uns unser Korat der Pfarrer Sauer in Gausbach besucht und ein Gottesdienst zum Them Sch\u00f6pfungsspiritualit\u00e4t veranstaltet. Im Ramen des Klima bonuses, welches wir von der BDKJ Freiburg erhalten werden, war eine Ma\u00dfnahme eine Programmpunkt zum Thema Sch\u00f6pfungsspiritualit\u00e4t. #Klimabonus Dies beinhaltete die Sch\u00f6pfungsgeschichte der Bibel beziehungsweise die Entstehung von der Erde. Damit setzten&hellip;&nbsp;<a href=\"https:\/\/pfadfinder-kuppenheim.de\/?p=13187\" class=\"\" rel=\"bookmark\">Weiterlesen &raquo;<span class=\"screen-reader-text\">Gottesdienst in Gausbach<\/span><\/a><\/p>\n","protected":false},"author":33,"featured_media":13186,"comment_status":"closed","ping_status":"","sticky":false,"template":"","format":"standard","meta":{"neve_meta_sidebar":"","neve_meta_container":"","neve_meta_enable_content_width":"","neve_meta_content_width":0,"neve_meta_title_alignment":"","neve_meta_author_avatar":"","neve_post_elements_order":"","neve_meta_disable_header":"","neve_meta_disable_footer":"","neve_meta_disable_title":"","jetpack_post_was_ever_published":false,"_jetpack_newsletter_access":"","_jetpack_dont_email_post_to_subs":false,"_jetpack_newsletter_tier_id":0,"_jetpack_memberships_contains_paywalled_content":false,"_jetpack_memberships_contains_paid_content":false,"footnotes":"","jetpack_publicize_message":"","jetpack_publicize_feature_enabled":true,"jetpack_social_post_already_shared":true,"jetpack_social_options":{"image_generator_settings":{"template":"highway","default_image_id":0,"font":"","enabled":false},"version":2}},"categories":[246],"tags":[115],"class_list":["post-13187","post","type-post","status-publish","format-standard","has-post-thumbnail","hentry","category-sommerlager-2024","tag-gottesdienst"],"jetpack_publicize_connections":[],"jetpack_featured_media_url":"https:\/\/i0.wp.com\/pfadfinder-kuppenheim.de\/wp-content\/uploads\/2024\/07\/d279b302-7db2-46b9-990d-04caf949ebc3-1.jpg?fit=2000%2C1500&ssl=1","jetpack_sharing_enabled":true,"jetpack_shortlink":"https:\/\/wp.me\/p3G0PZ-3qH","_links":{"self":[{"href":"https:\/\/pfadfinder-kuppenheim.de\/index.php?rest_route=\/wp\/v2\/posts\/13187","targetHints":{"allow":["GET"]}}],"collection":[{"href":"https:\/\/pfadfinder-kuppenheim.de\/index.php?rest_route=\/wp\/v2\/posts"}],"about":[{"href":"https:\/\/pfadfinder-kuppenheim.de\/index.php?rest_route=\/wp\/v2\/types\/post"}],"author":[{"embeddable":true,"href":"https:\/\/pfadfinder-kuppenheim.de\/index.php?rest_route=\/wp\/v2\/users\/33"}],"replies":[{"embeddable":true,"href":"https:\/\/pfadfinder-kuppenheim.de\/index.php?rest_route=%2Fwp%2Fv2%2Fcomments&post=13187"}],"version-history":[{"count":1,"href":"https:\/\/pfadfinder-kuppenheim.de\/index.php?rest_route=\/wp\/v2\/posts\/13187\/revisions"}],"predecessor-version":[{"id":13188,"href":"https:\/\/pfadfinder-kuppenheim.de\/index.php?rest_route=\/wp\/v2\/posts\/13187\/revisions\/13188"}],"wp:featuredmedia":[{"embeddable":true,"href":"https:\/\/pfadfinder-kuppenheim.de\/index.php?rest_route=\/wp\/v2\/media\/13186"}],"wp:attachment":[{"href":"https:\/\/pfadfinder-kuppenheim.de\/index.php?rest_route=%2Fwp%2Fv2%2Fmedia&parent=13187"}],"wp:term":[{"taxonomy":"category","embeddable":true,"href":"https:\/\/pfadfinder-kuppenheim.de\/index.php?rest_route=%2Fwp%2Fv2%2Fcategories&post=13187"},{"taxonomy":"post_tag","embeddable":true,"href":"https:\/\/pfadfinder-kuppenheim.de\/index.php?rest_route=%2Fwp%2Fv2%2Ftags&post=13187"}],"curies":[{"name":"wp","href":"https:\/\/api.w.org\/{rel}","templated":true}]}}