{"id":12930,"date":"2024-05-27T08:15:29","date_gmt":"2024-05-27T06:15:29","guid":{"rendered":"https:\/\/pfadfinder-kuppenheim.de\/?p=12930"},"modified":"2024-05-27T08:15:31","modified_gmt":"2024-05-27T06:15:31","slug":"pfingstlager-2024-gemeinsam-mit-dem-rotenfelser-pfadfindern-in-waldhambach","status":"publish","type":"post","link":"https:\/\/pfadfinder-kuppenheim.de\/?p=12930","title":{"rendered":"Pfingstlager 2024 &#8211; gemeinsam mit dem Rotenfelser Pfadfindern in Waldhambach"},"content":{"rendered":"\n<p>Am Freitag, den 17.05.2024 startete das diesj\u00e4hrige Pfingstlager zu dem Motto Schl\u00fcmpfe. Um 15:45 Uhr trafen sich die Pfadfinder aus Kuppenheim am Parkplatz des Cuppamare. Die W\u00f6lflinge und die Rotenfelser fuhren mit der Bahn und die anderen wurden vom Bus gefahren (#KlimaBonus). In Waldhambach angekommen suchten wir uns einen Unterschutz und warteten bis der Bus die W\u00f6lflinge vom Bahnhof abgeholt hatte.  <\/p>\n\n\n\n<figure class=\"wp-block-image size-large\"><img data-recalc-dims=\"1\" loading=\"lazy\" decoding=\"async\" width=\"1024\" height=\"577\" src=\"https:\/\/i0.wp.com\/pfadfinder-kuppenheim.de\/wp-content\/uploads\/2024\/05\/20240517_160938.jpg?resize=1024%2C577&#038;ssl=1\" alt=\"\" class=\"wp-image-12931\" srcset=\"https:\/\/i0.wp.com\/pfadfinder-kuppenheim.de\/wp-content\/uploads\/2024\/05\/20240517_160938-scaled.jpg?resize=1024%2C577&amp;ssl=1 1024w, https:\/\/i0.wp.com\/pfadfinder-kuppenheim.de\/wp-content\/uploads\/2024\/05\/20240517_160938-scaled.jpg?resize=300%2C169&amp;ssl=1 300w, https:\/\/i0.wp.com\/pfadfinder-kuppenheim.de\/wp-content\/uploads\/2024\/05\/20240517_160938-scaled.jpg?resize=768%2C432&amp;ssl=1 768w, https:\/\/i0.wp.com\/pfadfinder-kuppenheim.de\/wp-content\/uploads\/2024\/05\/20240517_160938-scaled.jpg?resize=1536%2C865&amp;ssl=1 1536w, https:\/\/i0.wp.com\/pfadfinder-kuppenheim.de\/wp-content\/uploads\/2024\/05\/20240517_160938-scaled.jpg?resize=2048%2C1153&amp;ssl=1 2048w, https:\/\/i0.wp.com\/pfadfinder-kuppenheim.de\/wp-content\/uploads\/2024\/05\/20240517_160938-scaled.jpg?w=2400&amp;ssl=1 2400w\" sizes=\"auto, (max-width: 1024px) 100vw, 1024px\" \/><\/figure>\n\n\n\n<p>Als der Bus wieder am Zeltplatz ankam trugen wir unser Gep\u00e4ck zu unserem Platz und bauten bei Regenwetter unsere Zelte auf. Mittlerweile waren auch die Rotenfelser Pfadfinder angekommen, die mit uns das Lager verbrachten. Nachdem die Zelte aufgebaut waren gab es Abendessen. Die K\u00fcchenteams beider St\u00e4mme haben zusammen gekocht. Es gab Nudeln mit Tomatensauce. (#KlimaBonus). Danach gingen wir in die Zelte und schliefen bald ein.<\/p>\n\n\n\n<figure class=\"wp-block-image size-large\"><img data-recalc-dims=\"1\" loading=\"lazy\" decoding=\"async\" width=\"1024\" height=\"577\" src=\"https:\/\/i0.wp.com\/pfadfinder-kuppenheim.de\/wp-content\/uploads\/2024\/05\/20240517_214158.jpg?resize=1024%2C577&#038;ssl=1\" alt=\"\" class=\"wp-image-12932\" srcset=\"https:\/\/i0.wp.com\/pfadfinder-kuppenheim.de\/wp-content\/uploads\/2024\/05\/20240517_214158-scaled.jpg?resize=1024%2C577&amp;ssl=1 1024w, https:\/\/i0.wp.com\/pfadfinder-kuppenheim.de\/wp-content\/uploads\/2024\/05\/20240517_214158-scaled.jpg?resize=300%2C169&amp;ssl=1 300w, https:\/\/i0.wp.com\/pfadfinder-kuppenheim.de\/wp-content\/uploads\/2024\/05\/20240517_214158-scaled.jpg?resize=768%2C432&amp;ssl=1 768w, https:\/\/i0.wp.com\/pfadfinder-kuppenheim.de\/wp-content\/uploads\/2024\/05\/20240517_214158-scaled.jpg?resize=1536%2C865&amp;ssl=1 1536w, https:\/\/i0.wp.com\/pfadfinder-kuppenheim.de\/wp-content\/uploads\/2024\/05\/20240517_214158-scaled.jpg?resize=2048%2C1153&amp;ssl=1 2048w, https:\/\/i0.wp.com\/pfadfinder-kuppenheim.de\/wp-content\/uploads\/2024\/05\/20240517_214158-scaled.jpg?w=2400&amp;ssl=1 2400w\" sizes=\"auto, (max-width: 1024px) 100vw, 1024px\" \/><\/figure>\n\n\n\n<p>Den n\u00e4chsten Tag starteten wir mit einem Kuchenfr\u00fchst\u00fcck. Am Vormittag fand ein Stufentausch statt. Alle Stufen wechselten in die n\u00e4chste Stufe, um dort Spiele zu spielen oder etwas zu basteln (#KlimaBonus).<\/p>\n\n\n\n<figure class=\"wp-block-image size-large\"><img data-recalc-dims=\"1\" loading=\"lazy\" decoding=\"async\" width=\"1024\" height=\"768\" src=\"https:\/\/i0.wp.com\/pfadfinder-kuppenheim.de\/wp-content\/uploads\/2024\/05\/IMG_1204.jpg?resize=1024%2C768&#038;ssl=1\" alt=\"\" class=\"wp-image-12933\" srcset=\"https:\/\/i0.wp.com\/pfadfinder-kuppenheim.de\/wp-content\/uploads\/2024\/05\/IMG_1204-scaled.jpg?resize=1024%2C768&amp;ssl=1 1024w, https:\/\/i0.wp.com\/pfadfinder-kuppenheim.de\/wp-content\/uploads\/2024\/05\/IMG_1204-scaled.jpg?resize=300%2C225&amp;ssl=1 300w, https:\/\/i0.wp.com\/pfadfinder-kuppenheim.de\/wp-content\/uploads\/2024\/05\/IMG_1204-scaled.jpg?resize=768%2C576&amp;ssl=1 768w, https:\/\/i0.wp.com\/pfadfinder-kuppenheim.de\/wp-content\/uploads\/2024\/05\/IMG_1204-scaled.jpg?resize=1536%2C1152&amp;ssl=1 1536w, https:\/\/i0.wp.com\/pfadfinder-kuppenheim.de\/wp-content\/uploads\/2024\/05\/IMG_1204-scaled.jpg?resize=2048%2C1536&amp;ssl=1 2048w, https:\/\/i0.wp.com\/pfadfinder-kuppenheim.de\/wp-content\/uploads\/2024\/05\/IMG_1204-scaled.jpg?w=2400&amp;ssl=1 2400w\" sizes=\"auto, (max-width: 1024px) 100vw, 1024px\" \/><\/figure>\n\n\n\n<p>Vor dem Gel\u00e4ndespiel gab es erst einmal Vesper. Am Nachmittag starteten wir dann das gro\u00dfe Gel\u00e4ndespiel. Wir wurden in Gruppen eingeteilt und \u00fcberlegten uns dann einen Namen und einen Ruf. Wir mussten verschiedene Schl\u00fcmpfe suchen, die uns dann Aufgaben stellten. Je nachdem wie gut die Gruppe diese Aufgabe erledigte desto mehr M\u00fcnzen gab es. Die M\u00fcnzen brauchte man f\u00fcr den zweiten Teil. <\/p>\n\n\n\n<figure class=\"wp-block-image size-large\"><img data-recalc-dims=\"1\" loading=\"lazy\" decoding=\"async\" width=\"1024\" height=\"577\" src=\"https:\/\/i0.wp.com\/pfadfinder-kuppenheim.de\/wp-content\/uploads\/2024\/05\/20240518_105428.jpg?resize=1024%2C577&#038;ssl=1\" alt=\"\" class=\"wp-image-12934\" srcset=\"https:\/\/i0.wp.com\/pfadfinder-kuppenheim.de\/wp-content\/uploads\/2024\/05\/20240518_105428-scaled.jpg?resize=1024%2C577&amp;ssl=1 1024w, https:\/\/i0.wp.com\/pfadfinder-kuppenheim.de\/wp-content\/uploads\/2024\/05\/20240518_105428-scaled.jpg?resize=300%2C169&amp;ssl=1 300w, https:\/\/i0.wp.com\/pfadfinder-kuppenheim.de\/wp-content\/uploads\/2024\/05\/20240518_105428-scaled.jpg?resize=768%2C432&amp;ssl=1 768w, https:\/\/i0.wp.com\/pfadfinder-kuppenheim.de\/wp-content\/uploads\/2024\/05\/20240518_105428-scaled.jpg?resize=1536%2C865&amp;ssl=1 1536w, https:\/\/i0.wp.com\/pfadfinder-kuppenheim.de\/wp-content\/uploads\/2024\/05\/20240518_105428-scaled.jpg?resize=2048%2C1153&amp;ssl=1 2048w, https:\/\/i0.wp.com\/pfadfinder-kuppenheim.de\/wp-content\/uploads\/2024\/05\/20240518_105428-scaled.jpg?w=2400&amp;ssl=1 2400w\" sizes=\"auto, (max-width: 1024px) 100vw, 1024px\" \/><\/figure>\n\n\n\n<figure class=\"wp-block-image size-large is-resized\"><img data-recalc-dims=\"1\" loading=\"lazy\" decoding=\"async\" width=\"1024\" height=\"461\" src=\"https:\/\/i0.wp.com\/pfadfinder-kuppenheim.de\/wp-content\/uploads\/2024\/05\/20240518_150903.jpg?resize=1024%2C461&#038;ssl=1\" alt=\"\" class=\"wp-image-12935\" style=\"width:1170px;height:auto\" srcset=\"https:\/\/i0.wp.com\/pfadfinder-kuppenheim.de\/wp-content\/uploads\/2024\/05\/20240518_150903-scaled.jpg?resize=1024%2C461&amp;ssl=1 1024w, https:\/\/i0.wp.com\/pfadfinder-kuppenheim.de\/wp-content\/uploads\/2024\/05\/20240518_150903-scaled.jpg?resize=300%2C135&amp;ssl=1 300w, https:\/\/i0.wp.com\/pfadfinder-kuppenheim.de\/wp-content\/uploads\/2024\/05\/20240518_150903-scaled.jpg?resize=768%2C346&amp;ssl=1 768w, https:\/\/i0.wp.com\/pfadfinder-kuppenheim.de\/wp-content\/uploads\/2024\/05\/20240518_150903-scaled.jpg?resize=1536%2C691&amp;ssl=1 1536w, https:\/\/i0.wp.com\/pfadfinder-kuppenheim.de\/wp-content\/uploads\/2024\/05\/20240518_150903-scaled.jpg?resize=2048%2C922&amp;ssl=1 2048w, https:\/\/i0.wp.com\/pfadfinder-kuppenheim.de\/wp-content\/uploads\/2024\/05\/20240518_150903-scaled.jpg?w=2400&amp;ssl=1 2400w\" sizes=\"auto, (max-width: 1024px) 100vw, 1024px\" \/><\/figure>\n\n\n\n<p>Als jede Gruppe alle acht Stationen gemeistert hat gab es Abendessen. Es gab K\u00e4sesp\u00e4tzle mit Salat. (#KlimaBonus). Am Abend gingen die Jupfis und die W\u00f6lflinge zu ihrem Versprechen. Die Jupfis waren nach einer zweist\u00fcndigen Wanderung zeitgleich mit den W\u00f6lflingen wieder am Zeltplatz. Es gab noch Chai-Tee und dann war Nachtruhe.<\/p>\n\n\n\n<p>Am Sonntag gab es belegte Brote zum Fr\u00fchst\u00fcck. Wir spielten unser Gel\u00e4ndespiel weiter. Dieses Mal mussten wir keine Aufgaben erf\u00fcllen, sondern Zutaten f\u00fcr einen Trank erspielen entweder durch Kaufen oder durch Spielen. Das Spiel war dann am Mittag beendet.\u00a0 <\/p>\n\n\n\n<figure class=\"wp-block-image size-large\"><img data-recalc-dims=\"1\" loading=\"lazy\" decoding=\"async\" width=\"1024\" height=\"577\" src=\"https:\/\/i0.wp.com\/pfadfinder-kuppenheim.de\/wp-content\/uploads\/2024\/05\/20240519_112224.jpg?resize=1024%2C577&#038;ssl=1\" alt=\"\" class=\"wp-image-12936\" srcset=\"https:\/\/i0.wp.com\/pfadfinder-kuppenheim.de\/wp-content\/uploads\/2024\/05\/20240519_112224-scaled.jpg?resize=1024%2C577&amp;ssl=1 1024w, https:\/\/i0.wp.com\/pfadfinder-kuppenheim.de\/wp-content\/uploads\/2024\/05\/20240519_112224-scaled.jpg?resize=300%2C169&amp;ssl=1 300w, https:\/\/i0.wp.com\/pfadfinder-kuppenheim.de\/wp-content\/uploads\/2024\/05\/20240519_112224-scaled.jpg?resize=768%2C432&amp;ssl=1 768w, https:\/\/i0.wp.com\/pfadfinder-kuppenheim.de\/wp-content\/uploads\/2024\/05\/20240519_112224-scaled.jpg?resize=1536%2C865&amp;ssl=1 1536w, https:\/\/i0.wp.com\/pfadfinder-kuppenheim.de\/wp-content\/uploads\/2024\/05\/20240519_112224-scaled.jpg?resize=2048%2C1153&amp;ssl=1 2048w, https:\/\/i0.wp.com\/pfadfinder-kuppenheim.de\/wp-content\/uploads\/2024\/05\/20240519_112224-scaled.jpg?w=2400&amp;ssl=1 2400w\" sizes=\"auto, (max-width: 1024px) 100vw, 1024px\" \/><\/figure>\n\n\n\n<p>Wir \u00fcbten dann noch mal unsere Sketche und hatten dann Freizeit. Am sp\u00e4ten Nachmittag besuchte uns Pfarrer Sauer. Er veranstaltete einen spirituellen Impuls f\u00fcr uns. <\/p>\n\n\n\n<figure class=\"wp-block-image size-large\"><img data-recalc-dims=\"1\" loading=\"lazy\" decoding=\"async\" width=\"1024\" height=\"768\" src=\"https:\/\/i0.wp.com\/pfadfinder-kuppenheim.de\/wp-content\/uploads\/2024\/05\/IMG_1237.jpg?resize=1024%2C768&#038;ssl=1\" alt=\"\" class=\"wp-image-12937\" srcset=\"https:\/\/i0.wp.com\/pfadfinder-kuppenheim.de\/wp-content\/uploads\/2024\/05\/IMG_1237-scaled.jpg?resize=1024%2C768&amp;ssl=1 1024w, https:\/\/i0.wp.com\/pfadfinder-kuppenheim.de\/wp-content\/uploads\/2024\/05\/IMG_1237-scaled.jpg?resize=300%2C225&amp;ssl=1 300w, https:\/\/i0.wp.com\/pfadfinder-kuppenheim.de\/wp-content\/uploads\/2024\/05\/IMG_1237-scaled.jpg?resize=768%2C576&amp;ssl=1 768w, https:\/\/i0.wp.com\/pfadfinder-kuppenheim.de\/wp-content\/uploads\/2024\/05\/IMG_1237-scaled.jpg?resize=1536%2C1152&amp;ssl=1 1536w, https:\/\/i0.wp.com\/pfadfinder-kuppenheim.de\/wp-content\/uploads\/2024\/05\/IMG_1237-scaled.jpg?resize=2048%2C1536&amp;ssl=1 2048w, https:\/\/i0.wp.com\/pfadfinder-kuppenheim.de\/wp-content\/uploads\/2024\/05\/IMG_1237-scaled.jpg?w=2400&amp;ssl=1 2400w\" sizes=\"auto, (max-width: 1024px) 100vw, 1024px\" \/><\/figure>\n\n\n\n<p>Es dauerte nicht mehr lang da wurde gegrillt. Es gab dazu noch Salate und als Nachtisch Tiramisu (#KlimaBonus). Dann stand auch schon der Bunte Abend bevor f\u00fcr den jede Stufe lustige Sketche, Singspiele usw. vorbereitet hatte.  Zudem wurden einige Leitungsversprechen verteilt an Theresa, Sina, Ben, Silas sowie die drei Roversprecher Jonas, Mika und Raphael! Nach dem Bunten Abend gingen wir alle in die Zelte und schliefen z\u00fcgig ein.<\/p>\n\n\n\n<p>Am n\u00e4chsten Morgen bauten wir Zelte ab. Als wir damit fertig waren gab es Brunch. Es gab M\u00fcsli, belegte Brote usw. Als der Bus da war \u00a0luden wir unser Gep\u00e4ck in die Gep\u00e4ckf\u00e4cher ein. Um 14:30 fuhren wir los nach Kuppenheim (#KlimaBonus) Angekommen bauten die Pfadis noch die Zelte zum Trocken auf.<\/p>\n\n\n\n<p>Geschrieben von Schlumpfine Sarah<\/p>\n\n\n\n<p>#KlimaBonus: Was hat das auf sich? Unser Pfingstlager wurde dank der Umsetzung klimafreundlicher Ma\u00dfnahmen vom BDKJ Freiburg finanziell unterst\u00fctzt! Dazu geh\u00f6rt der Baustein Ern\u00e4hrung mit dem Fokus auf vegetarisches, saisonales sowie regionales Essen; der Baustein Mobilit\u00e4t, wozu wir auf einem klimafreundlichem Transport achteten sowie der Baustein Beschaffung und Konsum, bei dem wir z.B. w\u00e4hrend des Stufenaustausches altes Material wiederverwerteten.<\/p>\n\n\n\n<figure class=\"wp-block-image size-large\"><img data-recalc-dims=\"1\" loading=\"lazy\" decoding=\"async\" width=\"1024\" height=\"768\" src=\"https:\/\/i0.wp.com\/pfadfinder-kuppenheim.de\/wp-content\/uploads\/2024\/05\/IMG_1267.jpg?resize=1024%2C768&#038;ssl=1\" alt=\"\" class=\"wp-image-12938\" srcset=\"https:\/\/i0.wp.com\/pfadfinder-kuppenheim.de\/wp-content\/uploads\/2024\/05\/IMG_1267-scaled.jpg?resize=1024%2C768&amp;ssl=1 1024w, https:\/\/i0.wp.com\/pfadfinder-kuppenheim.de\/wp-content\/uploads\/2024\/05\/IMG_1267-scaled.jpg?resize=300%2C225&amp;ssl=1 300w, https:\/\/i0.wp.com\/pfadfinder-kuppenheim.de\/wp-content\/uploads\/2024\/05\/IMG_1267-scaled.jpg?resize=768%2C576&amp;ssl=1 768w, https:\/\/i0.wp.com\/pfadfinder-kuppenheim.de\/wp-content\/uploads\/2024\/05\/IMG_1267-scaled.jpg?resize=1536%2C1152&amp;ssl=1 1536w, https:\/\/i0.wp.com\/pfadfinder-kuppenheim.de\/wp-content\/uploads\/2024\/05\/IMG_1267-scaled.jpg?resize=2048%2C1536&amp;ssl=1 2048w, https:\/\/i0.wp.com\/pfadfinder-kuppenheim.de\/wp-content\/uploads\/2024\/05\/IMG_1267-scaled.jpg?w=2400&amp;ssl=1 2400w\" sizes=\"auto, (max-width: 1024px) 100vw, 1024px\" \/><\/figure>\n","protected":false},"excerpt":{"rendered":"<p>Am Freitag, den 17.05.2024 startete das diesj\u00e4hrige Pfingstlager zu dem Motto Schl\u00fcmpfe. Um 15:45 Uhr trafen sich die Pfadfinder aus Kuppenheim am Parkplatz des Cuppamare. Die W\u00f6lflinge und die Rotenfelser fuhren mit der Bahn und die anderen wurden vom Bus gefahren (#KlimaBonus). In Waldhambach angekommen suchten wir uns einen Unterschutz und warteten bis der Bus&hellip;&nbsp;<a href=\"https:\/\/pfadfinder-kuppenheim.de\/?p=12930\" class=\"\" rel=\"bookmark\">Weiterlesen &raquo;<span class=\"screen-reader-text\">Pfingstlager 2024 &#8211; gemeinsam mit dem Rotenfelser Pfadfindern in Waldhambach<\/span><\/a><\/p>\n","protected":false},"author":19,"featured_media":12939,"comment_status":"open","ping_status":"closed","sticky":false,"template":"","format":"standard","meta":{"neve_meta_sidebar":"","neve_meta_container":"","neve_meta_enable_content_width":"","neve_meta_content_width":0,"neve_meta_title_alignment":"","neve_meta_author_avatar":"","neve_post_elements_order":"","neve_meta_disable_header":"","neve_meta_disable_footer":"","neve_meta_disable_title":"","jetpack_post_was_ever_published":false,"_jetpack_newsletter_access":"","_jetpack_dont_email_post_to_subs":false,"_jetpack_newsletter_tier_id":0,"_jetpack_memberships_contains_paywalled_content":false,"_jetpack_memberships_contains_paid_content":false,"footnotes":"","jetpack_publicize_message":"","jetpack_publicize_feature_enabled":true,"jetpack_social_post_already_shared":true,"jetpack_social_options":{"image_generator_settings":{"template":"highway","default_image_id":0,"font":"","enabled":false},"version":2}},"categories":[42,5],"tags":[],"class_list":["post-12930","post","type-post","status-publish","format-standard","has-post-thumbnail","hentry","category-berichte","category-jupfis"],"jetpack_publicize_connections":[],"jetpack_featured_media_url":"https:\/\/i0.wp.com\/pfadfinder-kuppenheim.de\/wp-content\/uploads\/2024\/05\/20240519_102421-scaled.jpg?fit=2560%2C1441&ssl=1","jetpack_sharing_enabled":true,"jetpack_shortlink":"https:\/\/wp.me\/p3G0PZ-3my","_links":{"self":[{"href":"https:\/\/pfadfinder-kuppenheim.de\/index.php?rest_route=\/wp\/v2\/posts\/12930","targetHints":{"allow":["GET"]}}],"collection":[{"href":"https:\/\/pfadfinder-kuppenheim.de\/index.php?rest_route=\/wp\/v2\/posts"}],"about":[{"href":"https:\/\/pfadfinder-kuppenheim.de\/index.php?rest_route=\/wp\/v2\/types\/post"}],"author":[{"embeddable":true,"href":"https:\/\/pfadfinder-kuppenheim.de\/index.php?rest_route=\/wp\/v2\/users\/19"}],"replies":[{"embeddable":true,"href":"https:\/\/pfadfinder-kuppenheim.de\/index.php?rest_route=%2Fwp%2Fv2%2Fcomments&post=12930"}],"version-history":[{"count":1,"href":"https:\/\/pfadfinder-kuppenheim.de\/index.php?rest_route=\/wp\/v2\/posts\/12930\/revisions"}],"predecessor-version":[{"id":12940,"href":"https:\/\/pfadfinder-kuppenheim.de\/index.php?rest_route=\/wp\/v2\/posts\/12930\/revisions\/12940"}],"wp:featuredmedia":[{"embeddable":true,"href":"https:\/\/pfadfinder-kuppenheim.de\/index.php?rest_route=\/wp\/v2\/media\/12939"}],"wp:attachment":[{"href":"https:\/\/pfadfinder-kuppenheim.de\/index.php?rest_route=%2Fwp%2Fv2%2Fmedia&parent=12930"}],"wp:term":[{"taxonomy":"category","embeddable":true,"href":"https:\/\/pfadfinder-kuppenheim.de\/index.php?rest_route=%2Fwp%2Fv2%2Fcategories&post=12930"},{"taxonomy":"post_tag","embeddable":true,"href":"https:\/\/pfadfinder-kuppenheim.de\/index.php?rest_route=%2Fwp%2Fv2%2Ftags&post=12930"}],"curies":[{"name":"wp","href":"https:\/\/api.w.org\/{rel}","templated":true}]}}