{"id":12192,"date":"2023-12-19T15:40:38","date_gmt":"2023-12-19T14:40:38","guid":{"rendered":"https:\/\/pfadfinder-kuppenheim.de\/?p=12192"},"modified":"2024-05-15T08:33:35","modified_gmt":"2024-05-15T06:33:35","slug":"weihnachtsfeier-2023","status":"publish","type":"post","link":"https:\/\/pfadfinder-kuppenheim.de\/?p=12192","title":{"rendered":"Weihnachtsfeier 2023"},"content":{"rendered":"\n<p>Noch nie hatte es jemand geschafft, an einem Tag in der ganzen Welt Weihnachten zu feiern. Aber wie immer machen die Pfadfinder Kuppenheim an ihrer Weihnachtsfeier alles m\u00f6glich.<\/p>\n\n\n\n<figure class=\"wp-block-image size-large is-resized\"><img data-recalc-dims=\"1\" loading=\"lazy\" decoding=\"async\" width=\"768\" height=\"1024\" src=\"https:\/\/i0.wp.com\/pfadfinder-kuppenheim.de\/wp-content\/uploads\/2023\/12\/unnamed.jpg?resize=768%2C1024&#038;ssl=1\" alt=\"\" class=\"wp-image-12195\" style=\"aspect-ratio:0.75;width:358px;height:auto\" srcset=\"https:\/\/i0.wp.com\/pfadfinder-kuppenheim.de\/wp-content\/uploads\/2023\/12\/unnamed-scaled.jpg?resize=768%2C1024&amp;ssl=1 768w, https:\/\/i0.wp.com\/pfadfinder-kuppenheim.de\/wp-content\/uploads\/2023\/12\/unnamed-scaled.jpg?resize=225%2C300&amp;ssl=1 225w, https:\/\/i0.wp.com\/pfadfinder-kuppenheim.de\/wp-content\/uploads\/2023\/12\/unnamed-scaled.jpg?resize=1152%2C1536&amp;ssl=1 1152w, https:\/\/i0.wp.com\/pfadfinder-kuppenheim.de\/wp-content\/uploads\/2023\/12\/unnamed-scaled.jpg?resize=1536%2C2048&amp;ssl=1 1536w, https:\/\/i0.wp.com\/pfadfinder-kuppenheim.de\/wp-content\/uploads\/2023\/12\/unnamed-scaled.jpg?w=1920&amp;ssl=1 1920w\" sizes=\"auto, (max-width: 768px) 100vw, 768px\" \/><\/figure>\n\n\n\n<p>Vormittags bereiteten sich alle Altersstufen, von den Bibern bis zu den Rovern, auf den gro\u00dfen Abend vor. Daf\u00fcr machten sie sich morgens auf den Weg nach Karlsruhe in den Zoo. Dort angekommen, erforschten sie mit einem R\u00e4tsel die Tiere aus aller Welt.<\/p>\n\n\n\n<p>Der H\u00f6hepunkt war aber das Treffen der gesamten Pfadfinderfamilie am Abend im St.Sebastianhaus. &#8222;Einmal um die Welt&#8220; stand hier auf dem Programm. Dass dabei reichlich gelacht wurde, versteht sich von selbst. Daf\u00fcr sorgten auch die beiden souver\u00e4nen Moderatoren des Abends, Mika Bojcetic und Benedikt Schober. Der Erl\u00f6s aus der Weihnachtsfeier wird dem Freundeskreis Palliativ Kinder e.V., Baden-Baden  zugute kommen, so hatte es die Leiterrunde zuvor beschlossen. <\/p>\n\n\n\n<p>Der Dank der Eltern f\u00fcr die engagierten und ehrenamtlichen Pfadfinderleiter fiel herzlich aus. An den beiden Vereinsvorst\u00e4nden Kerstin und Stambo war es dann, das Enagegement langj\u00e4hriger Pfadfinder zu w\u00fcrdigen. F\u00fcr zehn Jahre ausgezeichnet wurden Silas Rei\u00df, Tom Walkowiak, Theresa Warth, Sina Warth, Leonie Schoch, Marisa Rei\u00df und Mika Bojcetic.<\/p>\n\n\n\n<p>Bereits seit 21 Jahren zum Stamm geh\u00f6rt Florian Burger und seit 25 Jahren Carolin Yaman.<\/p>\n\n\n\n<p>Auch bei den Freunden und F\u00f6rderern wurde Julian Meiswinkel f\u00fcr 26 Jahre geehrt.<\/p>\n\n\n\n<p>Der Pfadfinderstamm w\u00fcnscht allen Mitgliedern, Eltern, Freunden und F\u00f6rderen einen guten Start ins neue Jahr und Gut Pfad. <\/p>\n\n\n\n<figure class=\"wp-block-image size-full is-resized\"><img data-recalc-dims=\"1\" loading=\"lazy\" decoding=\"async\" width=\"1024\" height=\"768\" src=\"https:\/\/i0.wp.com\/pfadfinder-kuppenheim.de\/wp-content\/uploads\/2023\/12\/unnamed-1-1.jpg?resize=1024%2C768&#038;ssl=1\" alt=\"\" class=\"wp-image-12194\" style=\"aspect-ratio:1.3333333333333333;width:696px;height:auto\" srcset=\"https:\/\/i0.wp.com\/pfadfinder-kuppenheim.de\/wp-content\/uploads\/2023\/12\/unnamed-1-1.jpg?w=1024&amp;ssl=1 1024w, https:\/\/i0.wp.com\/pfadfinder-kuppenheim.de\/wp-content\/uploads\/2023\/12\/unnamed-1-1.jpg?resize=300%2C225&amp;ssl=1 300w, https:\/\/i0.wp.com\/pfadfinder-kuppenheim.de\/wp-content\/uploads\/2023\/12\/unnamed-1-1.jpg?resize=768%2C576&amp;ssl=1 768w\" sizes=\"auto, (max-width: 1024px) 100vw, 1024px\" \/><\/figure>\n\n\n\n<p><\/p>\n","protected":false},"excerpt":{"rendered":"<p>Noch nie hatte es jemand geschafft, an einem Tag in der ganzen Welt Weihnachten zu feiern. Aber wie immer machen die Pfadfinder Kuppenheim an ihrer Weihnachtsfeier alles m\u00f6glich. Vormittags bereiteten sich alle Altersstufen, von den Bibern bis zu den Rovern, auf den gro\u00dfen Abend vor. Daf\u00fcr machten sie sich morgens auf den Weg nach Karlsruhe&hellip;&nbsp;<a href=\"https:\/\/pfadfinder-kuppenheim.de\/?p=12192\" class=\"\" rel=\"bookmark\">Weiterlesen &raquo;<span class=\"screen-reader-text\">Weihnachtsfeier 2023<\/span><\/a><\/p>\n","protected":false},"author":27,"featured_media":12195,"comment_status":"open","ping_status":"closed","sticky":false,"template":"","format":"standard","meta":{"neve_meta_sidebar":"","neve_meta_container":"","neve_meta_enable_content_width":"","neve_meta_content_width":0,"neve_meta_title_alignment":"","neve_meta_author_avatar":"","neve_post_elements_order":"","neve_meta_disable_header":"","neve_meta_disable_footer":"","neve_meta_disable_title":"","jetpack_post_was_ever_published":false,"_jetpack_newsletter_access":"","_jetpack_dont_email_post_to_subs":false,"_jetpack_newsletter_tier_id":0,"_jetpack_memberships_contains_paywalled_content":false,"_jetpack_memberships_contains_paid_content":false,"footnotes":"","jetpack_publicize_message":"","jetpack_publicize_feature_enabled":true,"jetpack_social_post_already_shared":true,"jetpack_social_options":{"image_generator_settings":{"template":"highway","default_image_id":0,"font":"","enabled":false},"version":2}},"categories":[42,131,5,8,6,7,4],"tags":[],"class_list":["post-12192","post","type-post","status-publish","format-standard","has-post-thumbnail","hentry","category-berichte","category-biber","category-jupfis","category-leiterrunde","category-pfadis","category-rover","category-wolflinge"],"jetpack_publicize_connections":[],"jetpack_featured_media_url":"https:\/\/i0.wp.com\/pfadfinder-kuppenheim.de\/wp-content\/uploads\/2023\/12\/unnamed-scaled.jpg?fit=1920%2C2560&ssl=1","jetpack_sharing_enabled":true,"jetpack_shortlink":"https:\/\/wp.me\/p3G0PZ-3aE","_links":{"self":[{"href":"https:\/\/pfadfinder-kuppenheim.de\/index.php?rest_route=\/wp\/v2\/posts\/12192","targetHints":{"allow":["GET"]}}],"collection":[{"href":"https:\/\/pfadfinder-kuppenheim.de\/index.php?rest_route=\/wp\/v2\/posts"}],"about":[{"href":"https:\/\/pfadfinder-kuppenheim.de\/index.php?rest_route=\/wp\/v2\/types\/post"}],"author":[{"embeddable":true,"href":"https:\/\/pfadfinder-kuppenheim.de\/index.php?rest_route=\/wp\/v2\/users\/27"}],"replies":[{"embeddable":true,"href":"https:\/\/pfadfinder-kuppenheim.de\/index.php?rest_route=%2Fwp%2Fv2%2Fcomments&post=12192"}],"version-history":[{"count":5,"href":"https:\/\/pfadfinder-kuppenheim.de\/index.php?rest_route=\/wp\/v2\/posts\/12192\/revisions"}],"predecessor-version":[{"id":12662,"href":"https:\/\/pfadfinder-kuppenheim.de\/index.php?rest_route=\/wp\/v2\/posts\/12192\/revisions\/12662"}],"wp:featuredmedia":[{"embeddable":true,"href":"https:\/\/pfadfinder-kuppenheim.de\/index.php?rest_route=\/wp\/v2\/media\/12195"}],"wp:attachment":[{"href":"https:\/\/pfadfinder-kuppenheim.de\/index.php?rest_route=%2Fwp%2Fv2%2Fmedia&parent=12192"}],"wp:term":[{"taxonomy":"category","embeddable":true,"href":"https:\/\/pfadfinder-kuppenheim.de\/index.php?rest_route=%2Fwp%2Fv2%2Fcategories&post=12192"},{"taxonomy":"post_tag","embeddable":true,"href":"https:\/\/pfadfinder-kuppenheim.de\/index.php?rest_route=%2Fwp%2Fv2%2Ftags&post=12192"}],"curies":[{"name":"wp","href":"https:\/\/api.w.org\/{rel}","templated":true}]}}