{"id":11973,"date":"2023-09-22T10:04:41","date_gmt":"2023-09-22T08:04:41","guid":{"rendered":"https:\/\/pfadfinder-kuppenheim.de\/?p=11973"},"modified":"2023-09-22T10:06:27","modified_gmt":"2023-09-22T08:06:27","slug":"7-jahrzehnte-voller-abenteuer-freundschaften-erlebnisse-dankbarkeit-und-stolz","status":"publish","type":"post","link":"https:\/\/pfadfinder-kuppenheim.de\/?p=11973","title":{"rendered":"7 Jahrzehnte voller Abenteuer, Freundschaften, Erlebnisse, Dankbarkeit und Stolz."},"content":{"rendered":"\n<figure class=\"wp-block-image size-large\"><img data-recalc-dims=\"1\" loading=\"lazy\" decoding=\"async\" width=\"768\" height=\"1024\" src=\"https:\/\/i0.wp.com\/pfadfinder-kuppenheim.de\/wp-content\/uploads\/2023\/09\/img_8069.jpg?resize=768%2C1024&#038;ssl=1\" alt=\"\" class=\"wp-image-11967\" srcset=\"https:\/\/i0.wp.com\/pfadfinder-kuppenheim.de\/wp-content\/uploads\/2023\/09\/img_8069-scaled.jpg?resize=768%2C1024&amp;ssl=1 768w, https:\/\/i0.wp.com\/pfadfinder-kuppenheim.de\/wp-content\/uploads\/2023\/09\/img_8069-scaled.jpg?resize=225%2C300&amp;ssl=1 225w, https:\/\/i0.wp.com\/pfadfinder-kuppenheim.de\/wp-content\/uploads\/2023\/09\/img_8069-scaled.jpg?resize=1152%2C1536&amp;ssl=1 1152w, https:\/\/i0.wp.com\/pfadfinder-kuppenheim.de\/wp-content\/uploads\/2023\/09\/img_8069-scaled.jpg?resize=1536%2C2048&amp;ssl=1 1536w, https:\/\/i0.wp.com\/pfadfinder-kuppenheim.de\/wp-content\/uploads\/2023\/09\/img_8069-scaled.jpg?w=1920&amp;ssl=1 1920w\" sizes=\"auto, (max-width: 768px) 100vw, 768px\" \/><figcaption class=\"wp-element-caption\">Ein ganz besonders Geschenk von den Rotenfelser Pfadfinder.<\/figcaption><\/figure>\n\n\n\n<p>Dieses besondere Ereignis feierten am vergangenen Sonntag die Pfadfinder Kuppenheim. Gemeinsam mit Ehemaligen und PfadfinderInnen aus dem Bezirk, F\u00f6rderer, Freunde und G\u00e4ste startete das Jubil\u00e4um am Morgen mit einer Rede vom Vorstand. Neben einer riesigen Auswahl an Kuchen und Getr\u00e4nken, wurden zum Teil pfadfindertypische Stationen den G\u00e4sten geboten. Die Wurff\u00e4higkeit wurden bei den Kleinsten, den Bibern, getestet. Der gr\u00fcne Daumen kam bei den W\u00f6lflingen zur Geltung. Ein bunter selbstgeknoteter Halstuchknoten war das Ergebnis der Jungpfadfinderstation. Die Pfadfinder st\u00e4rkten ihre G\u00e4ste mit Stockbrot am Lagerfeuer, um f\u00fcr die Lagerbauten-Miniaturstation bei den Rovern gest\u00e4rkt zu sein.<\/p>\n\n\n\n<p>Im Vereinsheim selbst konnten sich die G\u00e4ste einerseits einen \u00dcberblick \u00fcber die R\u00e4umlichkeiten als auch einen R\u00fcckblick in die Vergangenheit anhand eines Videos sowie vielen Bildern und Berichten aus der Vergangenheit werfen.<\/p>\n\n\n\n<p>Um beim n\u00e4chsten Jubil\u00e4um auf diesen wunderbaren Tag zur\u00fcckzuschauen verewigten sich alle Kuppenheimer Pfadfinder mit ihren Handabdruck an der Garagenwand.<\/p>\n\n\n\n<p>Ein ganz gro\u00dfes Dankesch\u00f6n geht an unsere Freunde des Kindergartens Arche Noah f\u00fcr den Besuch sowie das Geschenk und an die Rotenfelser Pfadfinder, welche einen wunderbaren Baum f\u00fcr unser Vereinsheim gespendet haben. DANKE!<\/p>\n\n\n\n<figure class=\"wp-block-image size-large\"><img data-recalc-dims=\"1\" loading=\"lazy\" decoding=\"async\" width=\"1024\" height=\"576\" src=\"https:\/\/i0.wp.com\/pfadfinder-kuppenheim.de\/wp-content\/uploads\/2023\/09\/348a48ad-5c04-4ef9-a591-8664eafb02ba.jpg?resize=1024%2C576&#038;ssl=1\" alt=\"\" class=\"wp-image-11968\" srcset=\"https:\/\/i0.wp.com\/pfadfinder-kuppenheim.de\/wp-content\/uploads\/2023\/09\/348a48ad-5c04-4ef9-a591-8664eafb02ba.jpg?resize=1024%2C576&amp;ssl=1 1024w, https:\/\/i0.wp.com\/pfadfinder-kuppenheim.de\/wp-content\/uploads\/2023\/09\/348a48ad-5c04-4ef9-a591-8664eafb02ba.jpg?resize=300%2C169&amp;ssl=1 300w, https:\/\/i0.wp.com\/pfadfinder-kuppenheim.de\/wp-content\/uploads\/2023\/09\/348a48ad-5c04-4ef9-a591-8664eafb02ba.jpg?resize=768%2C432&amp;ssl=1 768w, https:\/\/i0.wp.com\/pfadfinder-kuppenheim.de\/wp-content\/uploads\/2023\/09\/348a48ad-5c04-4ef9-a591-8664eafb02ba.jpg?resize=1536%2C864&amp;ssl=1 1536w, https:\/\/i0.wp.com\/pfadfinder-kuppenheim.de\/wp-content\/uploads\/2023\/09\/348a48ad-5c04-4ef9-a591-8664eafb02ba.jpg?w=1600&amp;ssl=1 1600w\" sizes=\"auto, (max-width: 1024px) 100vw, 1024px\" \/><figcaption class=\"wp-element-caption\">Merchandise-Shop mit vielen pfadfindertypischen Sachen.<\/figcaption><\/figure>\n\n\n\n<figure class=\"wp-block-image size-large\"><img data-recalc-dims=\"1\" loading=\"lazy\" decoding=\"async\" width=\"1024\" height=\"768\" src=\"https:\/\/i0.wp.com\/pfadfinder-kuppenheim.de\/wp-content\/uploads\/2023\/09\/img_8064.jpg?resize=1024%2C768&#038;ssl=1\" alt=\"\" class=\"wp-image-11969\" srcset=\"https:\/\/i0.wp.com\/pfadfinder-kuppenheim.de\/wp-content\/uploads\/2023\/09\/img_8064-scaled.jpg?resize=1024%2C768&amp;ssl=1 1024w, https:\/\/i0.wp.com\/pfadfinder-kuppenheim.de\/wp-content\/uploads\/2023\/09\/img_8064-scaled.jpg?resize=300%2C225&amp;ssl=1 300w, https:\/\/i0.wp.com\/pfadfinder-kuppenheim.de\/wp-content\/uploads\/2023\/09\/img_8064-scaled.jpg?resize=768%2C576&amp;ssl=1 768w, https:\/\/i0.wp.com\/pfadfinder-kuppenheim.de\/wp-content\/uploads\/2023\/09\/img_8064-scaled.jpg?resize=1536%2C1152&amp;ssl=1 1536w, https:\/\/i0.wp.com\/pfadfinder-kuppenheim.de\/wp-content\/uploads\/2023\/09\/img_8064-scaled.jpg?resize=2048%2C1536&amp;ssl=1 2048w, https:\/\/i0.wp.com\/pfadfinder-kuppenheim.de\/wp-content\/uploads\/2023\/09\/img_8064-scaled.jpg?w=2400&amp;ssl=1 2400w\" sizes=\"auto, (max-width: 1024px) 100vw, 1024px\" \/><figcaption class=\"wp-element-caption\">Stockbrotstation der Pfadfinderstufe.<\/figcaption><\/figure>\n\n\n\n<figure class=\"wp-block-image size-large\"><img data-recalc-dims=\"1\" loading=\"lazy\" decoding=\"async\" width=\"1024\" height=\"768\" src=\"https:\/\/i0.wp.com\/pfadfinder-kuppenheim.de\/wp-content\/uploads\/2023\/09\/img_8063.jpg?resize=1024%2C768&#038;ssl=1\" alt=\"\" class=\"wp-image-11970\" srcset=\"https:\/\/i0.wp.com\/pfadfinder-kuppenheim.de\/wp-content\/uploads\/2023\/09\/img_8063-scaled.jpg?resize=1024%2C768&amp;ssl=1 1024w, https:\/\/i0.wp.com\/pfadfinder-kuppenheim.de\/wp-content\/uploads\/2023\/09\/img_8063-scaled.jpg?resize=300%2C225&amp;ssl=1 300w, https:\/\/i0.wp.com\/pfadfinder-kuppenheim.de\/wp-content\/uploads\/2023\/09\/img_8063-scaled.jpg?resize=768%2C576&amp;ssl=1 768w, https:\/\/i0.wp.com\/pfadfinder-kuppenheim.de\/wp-content\/uploads\/2023\/09\/img_8063-scaled.jpg?resize=1536%2C1152&amp;ssl=1 1536w, https:\/\/i0.wp.com\/pfadfinder-kuppenheim.de\/wp-content\/uploads\/2023\/09\/img_8063-scaled.jpg?resize=2048%2C1536&amp;ssl=1 2048w, https:\/\/i0.wp.com\/pfadfinder-kuppenheim.de\/wp-content\/uploads\/2023\/09\/img_8063-scaled.jpg?w=2400&amp;ssl=1 2400w\" sizes=\"auto, (max-width: 1024px) 100vw, 1024px\" \/><figcaption class=\"wp-element-caption\">Kressestation der W\u00f6lflinge.<\/figcaption><\/figure>\n\n\n\n<figure class=\"wp-block-image size-large\"><img data-recalc-dims=\"1\" loading=\"lazy\" decoding=\"async\" width=\"1024\" height=\"768\" src=\"https:\/\/i0.wp.com\/pfadfinder-kuppenheim.de\/wp-content\/uploads\/2023\/09\/img_8060.jpg?resize=1024%2C768&#038;ssl=1\" alt=\"\" class=\"wp-image-11971\" srcset=\"https:\/\/i0.wp.com\/pfadfinder-kuppenheim.de\/wp-content\/uploads\/2023\/09\/img_8060-scaled.jpg?resize=1024%2C768&amp;ssl=1 1024w, https:\/\/i0.wp.com\/pfadfinder-kuppenheim.de\/wp-content\/uploads\/2023\/09\/img_8060-scaled.jpg?resize=300%2C225&amp;ssl=1 300w, https:\/\/i0.wp.com\/pfadfinder-kuppenheim.de\/wp-content\/uploads\/2023\/09\/img_8060-scaled.jpg?resize=768%2C576&amp;ssl=1 768w, https:\/\/i0.wp.com\/pfadfinder-kuppenheim.de\/wp-content\/uploads\/2023\/09\/img_8060-scaled.jpg?resize=1536%2C1152&amp;ssl=1 1536w, https:\/\/i0.wp.com\/pfadfinder-kuppenheim.de\/wp-content\/uploads\/2023\/09\/img_8060-scaled.jpg?resize=2048%2C1536&amp;ssl=1 2048w, https:\/\/i0.wp.com\/pfadfinder-kuppenheim.de\/wp-content\/uploads\/2023\/09\/img_8060-scaled.jpg?w=2400&amp;ssl=1 2400w\" sizes=\"auto, (max-width: 1024px) 100vw, 1024px\" \/><figcaption class=\"wp-element-caption\">Ein unglaublicher vielseitiger Kuchenstand, von den Jupfis geleitet. <\/figcaption><\/figure>\n\n\n\n<figure class=\"wp-block-image size-large\"><img data-recalc-dims=\"1\" loading=\"lazy\" decoding=\"async\" width=\"1024\" height=\"576\" src=\"https:\/\/i0.wp.com\/pfadfinder-kuppenheim.de\/wp-content\/uploads\/2023\/09\/61d6d181-1663-493b-80ee-dd35a731e545.jpg?resize=1024%2C576&#038;ssl=1\" alt=\"\" class=\"wp-image-11972\" srcset=\"https:\/\/i0.wp.com\/pfadfinder-kuppenheim.de\/wp-content\/uploads\/2023\/09\/61d6d181-1663-493b-80ee-dd35a731e545.jpg?resize=1024%2C576&amp;ssl=1 1024w, https:\/\/i0.wp.com\/pfadfinder-kuppenheim.de\/wp-content\/uploads\/2023\/09\/61d6d181-1663-493b-80ee-dd35a731e545.jpg?resize=300%2C169&amp;ssl=1 300w, https:\/\/i0.wp.com\/pfadfinder-kuppenheim.de\/wp-content\/uploads\/2023\/09\/61d6d181-1663-493b-80ee-dd35a731e545.jpg?resize=768%2C432&amp;ssl=1 768w, https:\/\/i0.wp.com\/pfadfinder-kuppenheim.de\/wp-content\/uploads\/2023\/09\/61d6d181-1663-493b-80ee-dd35a731e545.jpg?resize=1536%2C864&amp;ssl=1 1536w, https:\/\/i0.wp.com\/pfadfinder-kuppenheim.de\/wp-content\/uploads\/2023\/09\/61d6d181-1663-493b-80ee-dd35a731e545.jpg?w=1599&amp;ssl=1 1599w\" sizes=\"auto, (max-width: 1024px) 100vw, 1024px\" \/><figcaption class=\"wp-element-caption\">Aufbau wenige Tage zuvor.<\/figcaption><\/figure>\n\n\n","protected":false},"excerpt":{"rendered":"<p>Dieses besondere Ereignis feierten am vergangenen Sonntag die Pfadfinder Kuppenheim. Gemeinsam mit Ehemaligen und PfadfinderInnen aus dem Bezirk, F\u00f6rderer, Freunde und G\u00e4ste startete das Jubil\u00e4um am Morgen mit einer Rede vom Vorstand. Neben einer riesigen Auswahl an Kuchen und Getr\u00e4nken, wurden zum Teil pfadfindertypische Stationen den G\u00e4sten geboten. Die Wurff\u00e4higkeit wurden bei den Kleinsten, den&hellip;&nbsp;<a href=\"https:\/\/pfadfinder-kuppenheim.de\/?p=11973\" class=\"\" rel=\"bookmark\">Weiterlesen &raquo;<span class=\"screen-reader-text\">7 Jahrzehnte voller Abenteuer, Freundschaften, Erlebnisse, Dankbarkeit und Stolz.<\/span><\/a><\/p>\n","protected":false},"author":19,"featured_media":11960,"comment_status":"open","ping_status":"","sticky":false,"template":"","format":"standard","meta":{"neve_meta_sidebar":"","neve_meta_container":"","neve_meta_enable_content_width":"","neve_meta_content_width":0,"neve_meta_title_alignment":"","neve_meta_author_avatar":"","neve_post_elements_order":"","neve_meta_disable_header":"","neve_meta_disable_footer":"","neve_meta_disable_title":"","jetpack_post_was_ever_published":false,"_jetpack_newsletter_access":"","_jetpack_dont_email_post_to_subs":false,"_jetpack_newsletter_tier_id":0,"_jetpack_memberships_contains_paywalled_content":false,"_jetpack_memberships_contains_paid_content":false,"footnotes":"","jetpack_publicize_message":"","jetpack_publicize_feature_enabled":true,"jetpack_social_post_already_shared":true,"jetpack_social_options":{"image_generator_settings":{"template":"highway","default_image_id":0,"font":"","enabled":false},"version":2}},"categories":[42,8,1],"tags":[],"class_list":["post-11973","post","type-post","status-publish","format-standard","has-post-thumbnail","hentry","category-berichte","category-leiterrunde","category-uncategorized"],"jetpack_publicize_connections":[],"jetpack_featured_media_url":"https:\/\/i0.wp.com\/pfadfinder-kuppenheim.de\/wp-content\/uploads\/2023\/09\/img_0477-scaled.jpg?fit=1920%2C2560&ssl=1","jetpack_sharing_enabled":true,"jetpack_shortlink":"https:\/\/wp.me\/p3G0PZ-377","_links":{"self":[{"href":"https:\/\/pfadfinder-kuppenheim.de\/index.php?rest_route=\/wp\/v2\/posts\/11973","targetHints":{"allow":["GET"]}}],"collection":[{"href":"https:\/\/pfadfinder-kuppenheim.de\/index.php?rest_route=\/wp\/v2\/posts"}],"about":[{"href":"https:\/\/pfadfinder-kuppenheim.de\/index.php?rest_route=\/wp\/v2\/types\/post"}],"author":[{"embeddable":true,"href":"https:\/\/pfadfinder-kuppenheim.de\/index.php?rest_route=\/wp\/v2\/users\/19"}],"replies":[{"embeddable":true,"href":"https:\/\/pfadfinder-kuppenheim.de\/index.php?rest_route=%2Fwp%2Fv2%2Fcomments&post=11973"}],"version-history":[{"count":2,"href":"https:\/\/pfadfinder-kuppenheim.de\/index.php?rest_route=\/wp\/v2\/posts\/11973\/revisions"}],"predecessor-version":[{"id":11975,"href":"https:\/\/pfadfinder-kuppenheim.de\/index.php?rest_route=\/wp\/v2\/posts\/11973\/revisions\/11975"}],"wp:featuredmedia":[{"embeddable":true,"href":"https:\/\/pfadfinder-kuppenheim.de\/index.php?rest_route=\/wp\/v2\/media\/11960"}],"wp:attachment":[{"href":"https:\/\/pfadfinder-kuppenheim.de\/index.php?rest_route=%2Fwp%2Fv2%2Fmedia&parent=11973"}],"wp:term":[{"taxonomy":"category","embeddable":true,"href":"https:\/\/pfadfinder-kuppenheim.de\/index.php?rest_route=%2Fwp%2Fv2%2Fcategories&post=11973"},{"taxonomy":"post_tag","embeddable":true,"href":"https:\/\/pfadfinder-kuppenheim.de\/index.php?rest_route=%2Fwp%2Fv2%2Ftags&post=11973"}],"curies":[{"name":"wp","href":"https:\/\/api.w.org\/{rel}","templated":true}]}}