{"id":11929,"date":"2023-08-25T10:48:30","date_gmt":"2023-08-25T08:48:30","guid":{"rendered":"https:\/\/pfadfinder-kuppenheim.de\/?p=11929"},"modified":"2023-08-25T11:03:42","modified_gmt":"2023-08-25T09:03:42","slug":"in-10-tagen-um-die-welt-das-stammeslager","status":"publish","type":"post","link":"https:\/\/pfadfinder-kuppenheim.de\/?p=11929","title":{"rendered":"In 10 Tagen um die Welt-        Das Stammeslager"},"content":{"rendered":"\n<p>Das 70 J\u00e4hrige Jubil\u00e4um unseres Stamms Sankt Sebastian haben wir Pfadfinder, zu Beginn der Sommerferien geb\u00fcrtig mit einem Stammes-Sommerlagers im wundersch\u00f6nen Brexbachtal gefeiert.<\/p>\n\n\n\n<p>Unsere gemeinsame Reise began am 28 Juli. Der Startpunkt der W\u00f6lflinge war am Bahnhof in Baden Oos, der Rest des Stammes startetet an Cuppamare mit einem Reisebus. Nach einer dreist\u00fcndigen Busfahrt kamen die Stufen auf unserem Zeltplatz im Brexbachtal an. Dank unserer verehrten Deutschen Bahn hatten unsere j\u00fcngsten bei der Anreise einige Turbulenzen.Nach der Ankunft starteten wir mit dem Aufbau der Zelte.Nach der kr\u00e4ftezehrenden Aktion gab es erstmal Essen und einer kleine Singrunde, sowie das Versprechen der Jupfis. Anschlie\u00dfend krochen alle mit gro\u00dfen Erwartungen und gespannter Vorfreude auf das Lager, in ihre Schlafs\u00e4cke.<\/p>\n\n\n\n<p>In den Samstag starteten wir mit einem KUCHENFR\u00dcHST\u00dcCK. Au\u00dferdem bauten wir noch einige Lagerbauten auf. Nachmittags wurde dann offiziell unser Lager er\u00f6ffnet. Unser Startpunkt der Weltreise ist das Pfadfinderlager im Brexbachtal. Gem\u00e4\u00df dem originalen Buch schlossen die einzelnen Stufen Wetten ab. Au\u00dferdem wurden W\u00fcnsche und Erwartungen auf unsere Weltkugel geklebt.Anschlie\u00dfend starteten die Jupfis und die W\u00f6lflinge mit einem Lager-Platz-Erkundungs-Quiz. Dort sammelten sie einige Infos und Erfahrungen um uns auf unsere bevorstehende Weltreise zu navigieren. Der Tag endete schlu\u00dfendlich mit satten und zufriedenen Kindern, welche sich auf den Sitzen eines Langstreckenflugs f\u00fcr die Nacht bequem machten.<\/p>\n\n\n\n<p>Nach einer langen Nacht erblickten die Kinder aus dem Fenster Pyramiden und auch der Nil war zu sehen. Sie landeten in Kairo, passend zu \u00c4gypten fand eine Morgenrunde statt, welche die W\u00f6lflinge mit ihrer Mottokleidung perfektionierten. Anschlie\u00dfend bastelte jede Stufe etwas landestypisches zu ihrer ausgew\u00e4hlten Etappe. Es wurde flei\u00dfig gegipst,gebastelt , H\u00fcte gestaltet. Nachmittags starteten viele Kinder mit ihrem Lager 7,10 Kampf sowie ihre Fachm\u00e4nner. Die W\u00f6lflinge machten ein kleiner Abstecher in das Land des Eises. Abends wurden kleinere Spiele gespielt und die Mottobasteleien perfektioniert. Nachdem legten wir im uns in ein Nachtzug, und fuhren eine Etappe weiter.<\/p>\n\n\n\n<p>In die neue Woche starteten wir mit wissenswerte Fun Facts \u00fcber unser n\u00e4chstes Etappenziel. Ein kleiner Tipp, dort entstand einer der 5 Weltreligionen. Richtig\u2026. Indien.Wir machten an dem Tag nicht nur Indien sondern auch Sayn unsicher. Es gab ein Stadtspiel und nach einem Vesper, besuchten wir den Spielplatz. Dort spendierte uns der Pfarrer Sauer ein Eis. DANKE. Nachdem wir die Heimreise angetreten haben gab es Abendessen und Stufenzeit. Anschlie\u00dfend fielen alle m\u00fcde in die Kaj\u00fcten.<\/p>\n\n\n\n<p>Die Kinder wurden von wildem Affengeschrei und einer Riesen Spinne im Zelt geweckt.Die Rover erkl\u00e4rten uns woher die wilden Tiere stammten, sie stammen aus dem Australischen Outback. Unsere Weltreiser versuchten sich an landestypischen Disziplinen bei der Lagerolympiade. Der Nil wurde \u00fcberquert, \u00c4ffchen gespielt und Boote gebaut. Nachmittags wurden Indische Ger\u00fcche erraten, Salzbrezeln geknabbert und Teebeutel geworfen. Der Abend wurde mit einer gro\u00dfen Werwolfrunde beendet.<\/p>\n\n\n\n<p>Buenos Dias Chicas y Chicos. Willkommen in Mexiko. Nachdem der Tag angebrochen war schrieben die ni\u00f1os Postkarten und die W\u00f6lflinge absolvierten flei\u00dfig ihren Taschenmesserf\u00fchrerschein. Nachmittags wurde uns eine schreckliche Nachricht \u00fcbermittelt, Carmen Lopez wurde get\u00f6tet. Unsere Spezialeinheiten r\u00fcckten heraus und untersuchten jegliche Spuren sowie Tatverd\u00e4chtige. Drogenbarrone, Waffenh\u00e4ndler und Putzfrauen wurden bis auf das kleinste Detail befragt.Nach dem ereignisreichen und Gel\u00e4ndespiel gab es als Abendprogramm f\u00fcr den besinnlichen Teil ein Gottesdienst.<\/p>\n\n\n\n<p>Nun in Brasilien angekommen, machten sich die einzelnen Stufen auf die Erkundung der verschiedenen Tierarten. Die W\u00f6lflinge besuchten die wilden Tiere im Zoo, die Jupfis betrieben Tierschutz, bei dem vegetarischen Kochwettbewerb, die Pfadis besuchten die Tiere aus dem Dschungel auf Augenh\u00f6he in einem Kletterpark. Unsere \u00e4lteste Stufe fand bei Minigolf ihren tierischen Ehrgeiz. Die Nacht wurde wie im Dschungel auch mit viel Gegr\u00f6le, Getanze, Geschreie und rumgeh\u00fcpfe bei der Lagerdisco eingel\u00e4utet.<\/p>\n\n\n\n<p>Der starke Wellengang weckten die Reisenden in Island. Mit dem Schlauchboot reisten wir durch die 7 Weltmeere und den Brexbach. Da die Isl\u00e4nder viel Wettkampfgeist haben, wagten sich die \u00e4lteren Stufen an den Lager 10 Kampf und ihre Fachm\u00e4nner. W\u00e4hrend die W\u00f6lflinge den R\u00f6mern auf dessen Turm ein Besuch abstatteten. Nachmittags wurden die Kr\u00e4fte bei einem Spielenachmittag gemessen.<\/p>\n\n\n\n<p>Welcome in England my Darling. Nachdem Brexit kommt der Exit und somit das Ende des Lagers. Wir bauten unsere erstaunlicherweise, zu der nicht landestypische Witterungsverh\u00e4ltnissen, unsere Zelte und jegliche andere Lagerbauten trocken ab.Abends war dann die langersehnte Campfire Night , mit W\u00fcrstchen, Dessert und dem Bunten Abend. Wobei wir unsere B\u00e4uche voller Lachen halten mussten und unser Gehirn wegen den neuerlenten Facts \u00fcber die L\u00e4nder erweitern durften. Nach den Ehrungen zu den LagerKINGS and QUEEN, bekamen die Kinder welche jeder Lager 7,10 Kampf Punkt mit Bravour absolviert hat eine gegossene und einmalige Lagermedallie.<\/p>\n\n\n\n<p>Goodbye Brexbachtal und Tsch\u00fcss Pfadis. Nach einem schnellen Fr\u00fchst\u00fcck und einer Abschlussrunde kamen wir wieder von England im Brexbachtal an. Ab dort begann unsere letzte Reise innerhalb des Sommerlagers, zu unserer urspr\u00fcnglichen Startetappe Kuppenheim. Die Pfadis lie\u00dfen wir noch zwei weitere Tage in der gro\u00dfen weiten Welt herumirren, somit sie ihre \u00fcbersch\u00fcssige Energie in Form von einem Hajik loswerden konnten. Nach 10 tollen, zu kurzen, unvergesslichen und Erlebnis reichen Tagen kamen alle wieder gesund und m\u00fcde von der Weltreise heim.<\/p>\n\n\n\n<p><\/p>\n","protected":false},"excerpt":{"rendered":"<p>Das 70 J\u00e4hrige Jubil\u00e4um unseres Stamms Sankt Sebastian haben wir Pfadfinder, zu Beginn der Sommerferien geb\u00fcrtig mit einem Stammes-Sommerlagers im wundersch\u00f6nen Brexbachtal gefeiert. Unsere gemeinsame Reise began am 28 Juli. Der Startpunkt der W\u00f6lflinge war am Bahnhof in Baden Oos, der Rest des Stammes startetet an Cuppamare mit einem Reisebus. Nach einer dreist\u00fcndigen Busfahrt kamen&hellip;&nbsp;<a href=\"https:\/\/pfadfinder-kuppenheim.de\/?p=11929\" class=\"\" rel=\"bookmark\">Weiterlesen &raquo;<span class=\"screen-reader-text\">In 10 Tagen um die Welt-        Das Stammeslager<\/span><\/a><\/p>\n","protected":false},"author":33,"featured_media":11928,"comment_status":"open","ping_status":"","sticky":false,"template":"","format":"standard","meta":{"neve_meta_sidebar":"","neve_meta_container":"","neve_meta_enable_content_width":"","neve_meta_content_width":0,"neve_meta_title_alignment":"","neve_meta_author_avatar":"","neve_post_elements_order":"","neve_meta_disable_header":"","neve_meta_disable_footer":"","neve_meta_disable_title":"","jetpack_post_was_ever_published":false,"_jetpack_newsletter_access":"","_jetpack_dont_email_post_to_subs":false,"_jetpack_newsletter_tier_id":0,"_jetpack_memberships_contains_paywalled_content":false,"_jetpack_memberships_contains_paid_content":false,"footnotes":"","jetpack_publicize_message":"","jetpack_publicize_feature_enabled":true,"jetpack_social_post_already_shared":true,"jetpack_social_options":{"image_generator_settings":{"template":"highway","default_image_id":0,"font":"","enabled":false},"version":2}},"categories":[181],"tags":[111,187,186,43,58,36,185,184,52],"class_list":["post-11929","post","type-post","status-publish","format-standard","has-post-thumbnail","hentry","category-sola-2023","tag-abschied","tag-abschlussbericht","tag-brexbachtal","tag-jupfis","tag-pfadis","tag-rover","tag-stammeslager","tag-toll","tag-woelflinge"],"jetpack_publicize_connections":[],"jetpack_featured_media_url":"https:\/\/i0.wp.com\/pfadfinder-kuppenheim.de\/wp-content\/uploads\/2023\/08\/img_0205.jpg?fit=1536%2C1152&ssl=1","jetpack_sharing_enabled":true,"jetpack_shortlink":"https:\/\/wp.me\/p3G0PZ-36p","_links":{"self":[{"href":"https:\/\/pfadfinder-kuppenheim.de\/index.php?rest_route=\/wp\/v2\/posts\/11929","targetHints":{"allow":["GET"]}}],"collection":[{"href":"https:\/\/pfadfinder-kuppenheim.de\/index.php?rest_route=\/wp\/v2\/posts"}],"about":[{"href":"https:\/\/pfadfinder-kuppenheim.de\/index.php?rest_route=\/wp\/v2\/types\/post"}],"author":[{"embeddable":true,"href":"https:\/\/pfadfinder-kuppenheim.de\/index.php?rest_route=\/wp\/v2\/users\/33"}],"replies":[{"embeddable":true,"href":"https:\/\/pfadfinder-kuppenheim.de\/index.php?rest_route=%2Fwp%2Fv2%2Fcomments&post=11929"}],"version-history":[{"count":2,"href":"https:\/\/pfadfinder-kuppenheim.de\/index.php?rest_route=\/wp\/v2\/posts\/11929\/revisions"}],"predecessor-version":[{"id":11934,"href":"https:\/\/pfadfinder-kuppenheim.de\/index.php?rest_route=\/wp\/v2\/posts\/11929\/revisions\/11934"}],"wp:featuredmedia":[{"embeddable":true,"href":"https:\/\/pfadfinder-kuppenheim.de\/index.php?rest_route=\/wp\/v2\/media\/11928"}],"wp:attachment":[{"href":"https:\/\/pfadfinder-kuppenheim.de\/index.php?rest_route=%2Fwp%2Fv2%2Fmedia&parent=11929"}],"wp:term":[{"taxonomy":"category","embeddable":true,"href":"https:\/\/pfadfinder-kuppenheim.de\/index.php?rest_route=%2Fwp%2Fv2%2Fcategories&post=11929"},{"taxonomy":"post_tag","embeddable":true,"href":"https:\/\/pfadfinder-kuppenheim.de\/index.php?rest_route=%2Fwp%2Fv2%2Ftags&post=11929"}],"curies":[{"name":"wp","href":"https:\/\/api.w.org\/{rel}","templated":true}]}}