{"id":11506,"date":"2023-08-01T13:47:12","date_gmt":"2023-08-01T11:47:12","guid":{"rendered":"https:\/\/pfadfinder-kuppenheim.de\/?p=11506"},"modified":"2023-09-05T17:03:12","modified_gmt":"2023-09-05T15:03:12","slug":"der-masken-tag-woes-tag-3","status":"publish","type":"post","link":"https:\/\/pfadfinder-kuppenheim.de\/?p=11506","title":{"rendered":"Der Masken Tag- W\u00f6\u2019s Tag"},"content":{"rendered":"<div class=\"postie-post\"> \ufeff Der Masken Tag- W\u00f6\u2019s Tag 3<br \/>\nAm 30.07.2023 also der dritte Tag vom Sommerlager standen wir mal wieder richtig fr\u00fch auf. Irgendwann nachdem wir uns gerichtet hatten gingen wir alle zum Fr\u00fchst\u00fcck. Fast waren wir fertig mit dem Essen als die Leiter sagten dass wir unsere Verkleidungen anziehen sollten. Wir trafen uns mit dem ganzen Stamm und machten Pyramiden auf dem Gras. Wir sangen viele Lieder. Und irgendwann zogen wir die Verkleidung aus und machen Masken aus Gibs. Wir malen sie auch irgendwann mal an. Alle hatten viel Spa\u00df. Und danach gingen wir noch wandern zu einer Eisdiele. Das Eis hat sehr gut geschmeckt. Danach gab es Abendessen und wir haben unsere Masken bemalt.<\/div>\n<div class=\"postie-post\"><\/div>\n<div class=\"postie-post\">W\u00f6lflingsreporterin Jana<\/div>\n","protected":false},"excerpt":{"rendered":"<p>\ufeff Der Masken Tag- W\u00f6\u2019s Tag 3 Am 30.07.2023 also der dritte Tag vom Sommerlager standen wir mal wieder richtig fr\u00fch auf. Irgendwann nachdem wir uns gerichtet hatten gingen wir alle zum Fr\u00fchst\u00fcck. Fast waren wir fertig mit dem Essen als die Leiter sagten dass wir unsere Verkleidungen anziehen sollten. Wir trafen uns mit dem&hellip;&nbsp;<a href=\"https:\/\/pfadfinder-kuppenheim.de\/?p=11506\" class=\"\" rel=\"bookmark\">Weiterlesen &raquo;<span class=\"screen-reader-text\">Der Masken Tag- W\u00f6\u2019s Tag<\/span><\/a><\/p>\n","protected":false},"author":2,"featured_media":0,"comment_status":"open","ping_status":"","sticky":false,"template":"","format":"standard","meta":{"neve_meta_sidebar":"","neve_meta_container":"","neve_meta_enable_content_width":"","neve_meta_content_width":0,"neve_meta_title_alignment":"","neve_meta_author_avatar":"","neve_post_elements_order":"","neve_meta_disable_header":"","neve_meta_disable_footer":"","neve_meta_disable_title":"","jetpack_post_was_ever_published":false,"_jetpack_newsletter_access":"","_jetpack_dont_email_post_to_subs":false,"_jetpack_newsletter_tier_id":0,"_jetpack_memberships_contains_paywalled_content":false,"_jetpack_memberships_contains_paid_content":false,"footnotes":"","jetpack_publicize_message":"","jetpack_publicize_feature_enabled":true,"jetpack_social_post_already_shared":true,"jetpack_social_options":{"image_generator_settings":{"template":"highway","default_image_id":0,"font":"","enabled":false},"version":2}},"categories":[42],"tags":[],"class_list":["post-11506","post","type-post","status-publish","format-standard","hentry","category-berichte"],"jetpack_publicize_connections":[],"jetpack_featured_media_url":"","jetpack_sharing_enabled":true,"jetpack_shortlink":"https:\/\/wp.me\/p3G0PZ-2ZA","_links":{"self":[{"href":"https:\/\/pfadfinder-kuppenheim.de\/index.php?rest_route=\/wp\/v2\/posts\/11506","targetHints":{"allow":["GET"]}}],"collection":[{"href":"https:\/\/pfadfinder-kuppenheim.de\/index.php?rest_route=\/wp\/v2\/posts"}],"about":[{"href":"https:\/\/pfadfinder-kuppenheim.de\/index.php?rest_route=\/wp\/v2\/types\/post"}],"author":[{"embeddable":true,"href":"https:\/\/pfadfinder-kuppenheim.de\/index.php?rest_route=\/wp\/v2\/users\/2"}],"replies":[{"embeddable":true,"href":"https:\/\/pfadfinder-kuppenheim.de\/index.php?rest_route=%2Fwp%2Fv2%2Fcomments&post=11506"}],"version-history":[{"count":3,"href":"https:\/\/pfadfinder-kuppenheim.de\/index.php?rest_route=\/wp\/v2\/posts\/11506\/revisions"}],"predecessor-version":[{"id":11944,"href":"https:\/\/pfadfinder-kuppenheim.de\/index.php?rest_route=\/wp\/v2\/posts\/11506\/revisions\/11944"}],"wp:attachment":[{"href":"https:\/\/pfadfinder-kuppenheim.de\/index.php?rest_route=%2Fwp%2Fv2%2Fmedia&parent=11506"}],"wp:term":[{"taxonomy":"category","embeddable":true,"href":"https:\/\/pfadfinder-kuppenheim.de\/index.php?rest_route=%2Fwp%2Fv2%2Fcategories&post=11506"},{"taxonomy":"post_tag","embeddable":true,"href":"https:\/\/pfadfinder-kuppenheim.de\/index.php?rest_route=%2Fwp%2Fv2%2Ftags&post=11506"}],"curies":[{"name":"wp","href":"https:\/\/api.w.org\/{rel}","templated":true}]}}