{"id":11505,"date":"2023-08-01T11:15:02","date_gmt":"2023-08-01T09:15:02","guid":{"rendered":"https:\/\/pfadfinder-kuppenheim.de\/?p=11505"},"modified":"2023-08-07T14:11:41","modified_gmt":"2023-08-07T12:11:41","slug":"jupfi-tag-3","status":"publish","type":"post","link":"https:\/\/pfadfinder-kuppenheim.de\/?p=11505","title":{"rendered":"Jupfi Bericht Tag 3 &#8211; Sonntag, 30.07.2023"},"content":{"rendered":"\n<p>Am Sonntag den 30. Juli waren fast alle Jupfis im Brexbach baden. Es war eine Aufgabe vom Lager Zehnkampf. Danach gab es zum Fr\u00fchst\u00fcck leckeren Kuchen sowie Kaba und Tee. Danach haben sich die Jupfis fertig gemacht und hatten dann Freizeit. Alle vom Stamm waren in der Jurte. Und sie haben was \u00fcber \u00c4gypten erz\u00e4hlt. Anschlie\u00dfend haben alle noch gesungen. Die Kinder haben was zu ihrem Land gebastelt. Die Jupfis haben Masken zu dem Land Brasilien gebastelt. Kurz darauf haben sie mit St\u00f6cken und Korken eine Rassel gebaut. Dann gab es leckeres Essen. Rover sind dann zum R\u00f6merturm gelaufen. Es war anstrengend und wir sind lange gelaufen. Am R\u00f6merturm angekommen hatten alle eine tolle Aussicht. Nach einer Zeit als ich die Pfadfinder alles angeschaut hatten und Fotos gemacht haben, sind sie wieder runter gelaufen.Am Lagerplatz angekommen war das Essen schon bereit. Es gab Nudelsuppe und Apfelmus. Die Jupfis haben noch einige Spiele gespielt. Zum Schluss gab es noch leckeres Popcorn. Das war ein aufregender langer Tag.<\/p>\n\n\n\n<p><br>Geschrieben von den Jupfis Karolina und Hanna.<\/p>\n","protected":false},"excerpt":{"rendered":"<p>Am Sonntag den 30. Juli waren fast alle Jupfis im Brexbach baden. Es war eine Aufgabe vom Lager Zehnkampf. Danach gab es zum Fr\u00fchst\u00fcck leckeren Kuchen sowie Kaba und Tee. Danach haben sich die Jupfis fertig gemacht und hatten dann Freizeit. Alle vom Stamm waren in der Jurte. Und sie haben was \u00fcber \u00c4gypten erz\u00e4hlt.&hellip;&nbsp;<a href=\"https:\/\/pfadfinder-kuppenheim.de\/?p=11505\" class=\"\" rel=\"bookmark\">Weiterlesen &raquo;<span class=\"screen-reader-text\">Jupfi Bericht Tag 3 &#8211; Sonntag, 30.07.2023<\/span><\/a><\/p>\n","protected":false},"author":2,"featured_media":0,"comment_status":"open","ping_status":"closed","sticky":false,"template":"","format":"standard","meta":{"neve_meta_sidebar":"","neve_meta_container":"","neve_meta_enable_content_width":"","neve_meta_content_width":0,"neve_meta_title_alignment":"","neve_meta_author_avatar":"","neve_post_elements_order":"","neve_meta_disable_header":"","neve_meta_disable_footer":"","neve_meta_disable_title":"","jetpack_post_was_ever_published":false,"_jetpack_newsletter_access":"","_jetpack_dont_email_post_to_subs":false,"_jetpack_newsletter_tier_id":0,"_jetpack_memberships_contains_paywalled_content":false,"_jetpack_memberships_contains_paid_content":false,"footnotes":"","jetpack_publicize_message":"","jetpack_publicize_feature_enabled":true,"jetpack_social_post_already_shared":true,"jetpack_social_options":{"image_generator_settings":{"template":"highway","default_image_id":0,"font":"","enabled":false},"version":2}},"categories":[42,12],"tags":[],"class_list":["post-11505","post","type-post","status-publish","format-standard","hentry","category-berichte","category-jupfis_sola_tagebuch"],"jetpack_publicize_connections":[],"jetpack_featured_media_url":"","jetpack_sharing_enabled":true,"jetpack_shortlink":"https:\/\/wp.me\/p3G0PZ-2Zz","_links":{"self":[{"href":"https:\/\/pfadfinder-kuppenheim.de\/index.php?rest_route=\/wp\/v2\/posts\/11505","targetHints":{"allow":["GET"]}}],"collection":[{"href":"https:\/\/pfadfinder-kuppenheim.de\/index.php?rest_route=\/wp\/v2\/posts"}],"about":[{"href":"https:\/\/pfadfinder-kuppenheim.de\/index.php?rest_route=\/wp\/v2\/types\/post"}],"author":[{"embeddable":true,"href":"https:\/\/pfadfinder-kuppenheim.de\/index.php?rest_route=\/wp\/v2\/users\/2"}],"replies":[{"embeddable":true,"href":"https:\/\/pfadfinder-kuppenheim.de\/index.php?rest_route=%2Fwp%2Fv2%2Fcomments&post=11505"}],"version-history":[{"count":3,"href":"https:\/\/pfadfinder-kuppenheim.de\/index.php?rest_route=\/wp\/v2\/posts\/11505\/revisions"}],"predecessor-version":[{"id":11915,"href":"https:\/\/pfadfinder-kuppenheim.de\/index.php?rest_route=\/wp\/v2\/posts\/11505\/revisions\/11915"}],"wp:attachment":[{"href":"https:\/\/pfadfinder-kuppenheim.de\/index.php?rest_route=%2Fwp%2Fv2%2Fmedia&parent=11505"}],"wp:term":[{"taxonomy":"category","embeddable":true,"href":"https:\/\/pfadfinder-kuppenheim.de\/index.php?rest_route=%2Fwp%2Fv2%2Fcategories&post=11505"},{"taxonomy":"post_tag","embeddable":true,"href":"https:\/\/pfadfinder-kuppenheim.de\/index.php?rest_route=%2Fwp%2Fv2%2Ftags&post=11505"}],"curies":[{"name":"wp","href":"https:\/\/api.w.org\/{rel}","templated":true}]}}