{"id":11441,"date":"2023-07-30T23:22:41","date_gmt":"2023-07-30T21:22:41","guid":{"rendered":"https:\/\/pfadfinder-kuppenheim.de\/?p=11441"},"modified":"2023-07-30T23:27:11","modified_gmt":"2023-07-30T21:27:11","slug":"woes-tag-2","status":"publish","type":"post","link":"https:\/\/pfadfinder-kuppenheim.de\/?p=11441","title":{"rendered":"W\u00f6s Tag 2"},"content":{"rendered":"<div class=\"postie-post\">Samstag der 29.07<br \/>\nAm Samstag den 29.07 wurden wir geweckt und hatten Kuchenfr\u00fchst\u00fcck. Nun haben wir unser Platz vollst\u00e4ndig aufgebaut und hatten unseren zweiten Zeltdurchgang. Am Mittag gab es Vesper und wir haben unser Lager mit der Lagerer\u00f6ffnung er\u00f6ffnet. Das Motto lautet: In zehn Tagen um die Welt. Nachdem haben die Jupfis und wir ein Lagerplatzquiz gemacht und den Platz kennengelernt. Zum Abendessen gab es Gulasch und nach der Freizeit haben wir mit den Jupfis Nachts in Palermo gespielt.<br \/>\nW\u00f6lflingsreporterin Mara<\/div>\n","protected":false},"excerpt":{"rendered":"<p>Samstag der 29.07 Am Samstag den 29.07 wurden wir geweckt und hatten Kuchenfr\u00fchst\u00fcck. Nun haben wir unser Platz vollst\u00e4ndig aufgebaut und hatten unseren zweiten Zeltdurchgang. Am Mittag gab es Vesper und wir haben unser Lager mit der Lagerer\u00f6ffnung er\u00f6ffnet. Das Motto lautet: In zehn Tagen um die Welt. Nachdem haben die Jupfis und wir ein&hellip;&nbsp;<a href=\"https:\/\/pfadfinder-kuppenheim.de\/?p=11441\" class=\"\" rel=\"bookmark\">Weiterlesen &raquo;<span class=\"screen-reader-text\">W\u00f6s Tag 2<\/span><\/a><\/p>\n","protected":false},"author":2,"featured_media":0,"comment_status":"open","ping_status":"","sticky":false,"template":"","format":"standard","meta":{"neve_meta_sidebar":"","neve_meta_container":"","neve_meta_enable_content_width":"","neve_meta_content_width":0,"neve_meta_title_alignment":"","neve_meta_author_avatar":"","neve_post_elements_order":"","neve_meta_disable_header":"","neve_meta_disable_footer":"","neve_meta_disable_title":"","jetpack_post_was_ever_published":false,"_jetpack_newsletter_access":"","_jetpack_dont_email_post_to_subs":false,"_jetpack_newsletter_tier_id":0,"_jetpack_memberships_contains_paywalled_content":false,"_jetpack_memberships_contains_paid_content":false,"footnotes":"","jetpack_publicize_message":"","jetpack_publicize_feature_enabled":true,"jetpack_social_post_already_shared":true,"jetpack_social_options":{"image_generator_settings":{"template":"highway","default_image_id":0,"font":"","enabled":false},"version":2}},"categories":[42],"tags":[],"class_list":["post-11441","post","type-post","status-publish","format-standard","hentry","category-berichte"],"jetpack_publicize_connections":[],"jetpack_featured_media_url":"","jetpack_sharing_enabled":true,"jetpack_shortlink":"https:\/\/wp.me\/p3G0PZ-2Yx","_links":{"self":[{"href":"https:\/\/pfadfinder-kuppenheim.de\/index.php?rest_route=\/wp\/v2\/posts\/11441","targetHints":{"allow":["GET"]}}],"collection":[{"href":"https:\/\/pfadfinder-kuppenheim.de\/index.php?rest_route=\/wp\/v2\/posts"}],"about":[{"href":"https:\/\/pfadfinder-kuppenheim.de\/index.php?rest_route=\/wp\/v2\/types\/post"}],"author":[{"embeddable":true,"href":"https:\/\/pfadfinder-kuppenheim.de\/index.php?rest_route=\/wp\/v2\/users\/2"}],"replies":[{"embeddable":true,"href":"https:\/\/pfadfinder-kuppenheim.de\/index.php?rest_route=%2Fwp%2Fv2%2Fcomments&post=11441"}],"version-history":[{"count":0,"href":"https:\/\/pfadfinder-kuppenheim.de\/index.php?rest_route=\/wp\/v2\/posts\/11441\/revisions"}],"wp:attachment":[{"href":"https:\/\/pfadfinder-kuppenheim.de\/index.php?rest_route=%2Fwp%2Fv2%2Fmedia&parent=11441"}],"wp:term":[{"taxonomy":"category","embeddable":true,"href":"https:\/\/pfadfinder-kuppenheim.de\/index.php?rest_route=%2Fwp%2Fv2%2Fcategories&post=11441"},{"taxonomy":"post_tag","embeddable":true,"href":"https:\/\/pfadfinder-kuppenheim.de\/index.php?rest_route=%2Fwp%2Fv2%2Ftags&post=11441"}],"curies":[{"name":"wp","href":"https:\/\/api.w.org\/{rel}","templated":true}]}}