{"id":11286,"date":"2023-07-10T12:11:38","date_gmt":"2023-07-10T10:11:38","guid":{"rendered":"https:\/\/pfadfinder-kuppenheim.de\/?p=11286"},"modified":"2023-07-10T13:48:57","modified_gmt":"2023-07-10T11:48:57","slug":"willst-du-ein-teil-unserer-woelflingsmeute-sein","status":"publish","type":"post","link":"https:\/\/pfadfinder-kuppenheim.de\/?p=11286","title":{"rendered":"Willst DU ein Teil unserer W\u00f6lflingsmeute sein?"},"content":{"rendered":"\n<p><sup>Die W\u00f6lflingsmeute der Pfadfinder Kuppenheim hat noch freie Pl\u00e4tze f\u00fcr neugierige und abenteuerlustige Kinder im Alter von 7-10 Jahren. Wir treffen uns jeden Montag, au\u00dfer in den Ferien, in unserem Vereinsheim W\u00d6 44 von 17-18:30 Uhr. Unter dem Jahr verteilt haben wir verschieden Aktionen in der Natur wie Thinkingday oder die Weihnachtsfeier. Au\u00dferdem erleben wir fantastische Lager in den Sommer sowie in den Pfingstferien. Am 25.09.2023 findet f\u00fcr euch eine Schnuppertruppstunde statt. Um deine Leiter und dein Trupp zu treffen sowie die Welt der Pfadfinderei zu entdecken.<\/sup><\/p>\n\n\n\n<p><sup>Haben wir deine Interesse geweckt dann melde dich einfach unter unserer E-mail Adresse:<\/sup><\/p>\n\n\n\n<p><sup><a href=\"mailto:woelflinge@pfadfinder-kuppenheim.de\">woelflinge@pfadfinder-kuppenheim.de<\/a><\/sup><\/p>\n\n\n\n<p><sup>Wir freuen uns auf dich, deine W\u00f6lflingsmeute und W\u00f6lflingsleiter<\/sup><\/p>\n\n\n\n<figure class=\"wp-block-image size-large\"><img data-recalc-dims=\"1\" loading=\"lazy\" decoding=\"async\" width=\"724\" height=\"1024\" src=\"https:\/\/i0.wp.com\/pfadfinder-kuppenheim.de\/wp-content\/uploads\/2023\/07\/img_0191-2.jpg?resize=724%2C1024&#038;ssl=1\" alt=\"\" class=\"wp-image-11289\" srcset=\"https:\/\/i0.wp.com\/pfadfinder-kuppenheim.de\/wp-content\/uploads\/2023\/07\/img_0191-2.jpg?resize=724%2C1024&amp;ssl=1 724w, https:\/\/i0.wp.com\/pfadfinder-kuppenheim.de\/wp-content\/uploads\/2023\/07\/img_0191-2.jpg?resize=212%2C300&amp;ssl=1 212w, https:\/\/i0.wp.com\/pfadfinder-kuppenheim.de\/wp-content\/uploads\/2023\/07\/img_0191-2.jpg?resize=768%2C1086&amp;ssl=1 768w, https:\/\/i0.wp.com\/pfadfinder-kuppenheim.de\/wp-content\/uploads\/2023\/07\/img_0191-2.jpg?w=897&amp;ssl=1 897w\" sizes=\"auto, (max-width: 724px) 100vw, 724px\" \/><\/figure>\n","protected":false},"excerpt":{"rendered":"<p>Die W\u00f6lflingsmeute der Pfadfinder Kuppenheim hat noch freie Pl\u00e4tze f\u00fcr neugierige und abenteuerlustige Kinder im Alter von 7-10 Jahren. Wir treffen uns jeden Montag, au\u00dfer in den Ferien, in unserem Vereinsheim W\u00d6 44 von 17-18:30 Uhr. Unter dem Jahr verteilt haben wir verschieden Aktionen in der Natur wie Thinkingday oder die Weihnachtsfeier. Au\u00dferdem erleben wir&hellip;&nbsp;<a href=\"https:\/\/pfadfinder-kuppenheim.de\/?p=11286\" class=\"\" rel=\"bookmark\">Weiterlesen &raquo;<span class=\"screen-reader-text\">Willst DU ein Teil unserer W\u00f6lflingsmeute sein?<\/span><\/a><\/p>\n","protected":false},"author":33,"featured_media":11290,"comment_status":"open","ping_status":"","sticky":false,"template":"","format":"standard","meta":{"neve_meta_sidebar":"","neve_meta_container":"","neve_meta_enable_content_width":"","neve_meta_content_width":0,"neve_meta_title_alignment":"","neve_meta_author_avatar":"","neve_post_elements_order":"","neve_meta_disable_header":"","neve_meta_disable_footer":"","neve_meta_disable_title":"","jetpack_post_was_ever_published":false,"_jetpack_newsletter_access":"","_jetpack_dont_email_post_to_subs":false,"_jetpack_newsletter_tier_id":0,"_jetpack_memberships_contains_paywalled_content":false,"_jetpack_memberships_contains_paid_content":false,"footnotes":"","jetpack_publicize_message":"","jetpack_publicize_feature_enabled":true,"jetpack_social_post_already_shared":true,"jetpack_social_options":{"image_generator_settings":{"template":"highway","default_image_id":0,"font":"","enabled":false},"version":2}},"categories":[4],"tags":[52],"class_list":["post-11286","post","type-post","status-publish","format-standard","has-post-thumbnail","hentry","category-wolflinge","tag-woelflinge"],"jetpack_publicize_connections":[],"jetpack_featured_media_url":"https:\/\/i0.wp.com\/pfadfinder-kuppenheim.de\/wp-content\/uploads\/2023\/07\/img_0193.jpg?fit=1991%2C1148&ssl=1","jetpack_sharing_enabled":true,"jetpack_shortlink":"https:\/\/wp.me\/p3G0PZ-2W2","_links":{"self":[{"href":"https:\/\/pfadfinder-kuppenheim.de\/index.php?rest_route=\/wp\/v2\/posts\/11286","targetHints":{"allow":["GET"]}}],"collection":[{"href":"https:\/\/pfadfinder-kuppenheim.de\/index.php?rest_route=\/wp\/v2\/posts"}],"about":[{"href":"https:\/\/pfadfinder-kuppenheim.de\/index.php?rest_route=\/wp\/v2\/types\/post"}],"author":[{"embeddable":true,"href":"https:\/\/pfadfinder-kuppenheim.de\/index.php?rest_route=\/wp\/v2\/users\/33"}],"replies":[{"embeddable":true,"href":"https:\/\/pfadfinder-kuppenheim.de\/index.php?rest_route=%2Fwp%2Fv2%2Fcomments&post=11286"}],"version-history":[{"count":4,"href":"https:\/\/pfadfinder-kuppenheim.de\/index.php?rest_route=\/wp\/v2\/posts\/11286\/revisions"}],"predecessor-version":[{"id":11293,"href":"https:\/\/pfadfinder-kuppenheim.de\/index.php?rest_route=\/wp\/v2\/posts\/11286\/revisions\/11293"}],"wp:featuredmedia":[{"embeddable":true,"href":"https:\/\/pfadfinder-kuppenheim.de\/index.php?rest_route=\/wp\/v2\/media\/11290"}],"wp:attachment":[{"href":"https:\/\/pfadfinder-kuppenheim.de\/index.php?rest_route=%2Fwp%2Fv2%2Fmedia&parent=11286"}],"wp:term":[{"taxonomy":"category","embeddable":true,"href":"https:\/\/pfadfinder-kuppenheim.de\/index.php?rest_route=%2Fwp%2Fv2%2Fcategories&post=11286"},{"taxonomy":"post_tag","embeddable":true,"href":"https:\/\/pfadfinder-kuppenheim.de\/index.php?rest_route=%2Fwp%2Fv2%2Ftags&post=11286"}],"curies":[{"name":"wp","href":"https:\/\/api.w.org\/{rel}","templated":true}]}}