{"id":10959,"date":"2023-05-20T14:14:50","date_gmt":"2023-05-20T12:14:50","guid":{"rendered":"https:\/\/pfadfinder-kuppenheim.de\/?p=10959"},"modified":"2023-05-20T14:14:53","modified_gmt":"2023-05-20T12:14:53","slug":"ein-grosses-dank-an-die-stadtapotheke","status":"publish","type":"post","link":"https:\/\/pfadfinder-kuppenheim.de\/?p=10959","title":{"rendered":"Ein gro\u00dfes Dank an die Stadtapotheke"},"content":{"rendered":"\n<p>Nachdem die W\u00f6flingsleiter festgestellt haben, dass der Erste-Hilfe Rucksack der Meute ziemlich leergefegt war, suchten sie nach M\u00f6glichkeiten ihn neu aufzur\u00fcsten.<\/p>\n\n\n\n<p>Denn mehr als ein paar K\u00fchlpacks und Pflaster gab es leider nicht mehr.<\/p>\n\n\n\n<p>Wir ergriffen die Initiative und fragten die Stadtapotheke in Kuppenheim was ein Erste-Hilfe Rucksack f\u00fcr 20 Kinder beinhalten sollte. Sie boten uns an die verbliebene Materialien zu begutachten, da wir nicht mehr viel hatten lehnten wir es dankend ab. Zu unserem Gl\u00fcck erstellten sie uns ein Erste-Hilfe Koffer f\u00fcr unsere Meute und eine Woche sp\u00e4ter konnten wir ihn problemlos abholen. Die Kinder sowie die Leiter freuten sich \u00fcber den Top ausgestatteten Koffer und bedankten sich mit einem gebastelten Geschenk.<\/p>\n\n\n\n<p>Danke an die Stadtapotheke Kuppenheim.<\/p>\n\n\n\n<p>Euere W\u00f6lflingsmeute<\/p>\n\n\n\n<figure class=\"wp-block-image size-large\"><img data-recalc-dims=\"1\" loading=\"lazy\" decoding=\"async\" width=\"1024\" height=\"1015\" src=\"https:\/\/i0.wp.com\/pfadfinder-kuppenheim.de\/wp-content\/uploads\/2023\/05\/img_6986.jpg?resize=1024%2C1015&#038;ssl=1\" class=\"wp-image-10957\" srcset=\"https:\/\/i0.wp.com\/pfadfinder-kuppenheim.de\/wp-content\/uploads\/2023\/05\/img_6986.jpg?resize=1024%2C1015&amp;ssl=1 1024w, https:\/\/i0.wp.com\/pfadfinder-kuppenheim.de\/wp-content\/uploads\/2023\/05\/img_6986.jpg?resize=300%2C297&amp;ssl=1 300w, https:\/\/i0.wp.com\/pfadfinder-kuppenheim.de\/wp-content\/uploads\/2023\/05\/img_6986.jpg?resize=150%2C150&amp;ssl=1 150w, https:\/\/i0.wp.com\/pfadfinder-kuppenheim.de\/wp-content\/uploads\/2023\/05\/img_6986.jpg?resize=768%2C761&amp;ssl=1 768w, https:\/\/i0.wp.com\/pfadfinder-kuppenheim.de\/wp-content\/uploads\/2023\/05\/img_6986.jpg?resize=1536%2C1523&amp;ssl=1 1536w, https:\/\/i0.wp.com\/pfadfinder-kuppenheim.de\/wp-content\/uploads\/2023\/05\/img_6986.jpg?w=1629&amp;ssl=1 1629w\" sizes=\"auto, (max-width: 1024px) 100vw, 1024px\" \/><figcaption class=\"wp-element-caption\">Die Dankeskarte von den W\u00f6\u2018s f\u00fcr den Erste-Hilfe Koffer.<\/figcaption><\/figure>\n","protected":false},"excerpt":{"rendered":"<p>Nachdem die W\u00f6flingsleiter festgestellt haben, dass der Erste-Hilfe Rucksack der Meute ziemlich leergefegt war, suchten sie nach M\u00f6glichkeiten ihn neu aufzur\u00fcsten. Denn mehr als ein paar K\u00fchlpacks und Pflaster gab es leider nicht mehr. Wir ergriffen die Initiative und fragten die Stadtapotheke in Kuppenheim was ein Erste-Hilfe Rucksack f\u00fcr 20 Kinder beinhalten sollte. Sie boten&hellip;&nbsp;<a href=\"https:\/\/pfadfinder-kuppenheim.de\/?p=10959\" class=\"\" rel=\"bookmark\">Weiterlesen &raquo;<span class=\"screen-reader-text\">Ein gro\u00dfes Dank an die Stadtapotheke<\/span><\/a><\/p>\n","protected":false},"author":33,"featured_media":10958,"comment_status":"open","ping_status":"","sticky":false,"template":"","format":"standard","meta":{"neve_meta_sidebar":"","neve_meta_container":"","neve_meta_enable_content_width":"","neve_meta_content_width":0,"neve_meta_title_alignment":"","neve_meta_author_avatar":"","neve_post_elements_order":"","neve_meta_disable_header":"","neve_meta_disable_footer":"","neve_meta_disable_title":"","jetpack_post_was_ever_published":false,"_jetpack_newsletter_access":"","_jetpack_dont_email_post_to_subs":false,"_jetpack_newsletter_tier_id":0,"_jetpack_memberships_contains_paywalled_content":false,"_jetpack_memberships_contains_paid_content":false,"footnotes":"","jetpack_publicize_message":"","jetpack_publicize_feature_enabled":true,"jetpack_social_post_already_shared":true,"jetpack_social_options":{"image_generator_settings":{"template":"highway","default_image_id":0,"font":"","enabled":false},"version":2}},"categories":[4],"tags":[158,155,156,157],"class_list":["post-10959","post","type-post","status-publish","format-standard","has-post-thumbnail","hentry","category-wolflinge","tag-danke","tag-erste-hilfe-koffer","tag-stadtapotheke","tag-woeflinge"],"jetpack_publicize_connections":[],"jetpack_featured_media_url":"https:\/\/i0.wp.com\/pfadfinder-kuppenheim.de\/wp-content\/uploads\/2023\/05\/img_6985.jpg?fit=1877%2C1120&ssl=1","jetpack_sharing_enabled":true,"jetpack_shortlink":"https:\/\/wp.me\/p3G0PZ-2QL","_links":{"self":[{"href":"https:\/\/pfadfinder-kuppenheim.de\/index.php?rest_route=\/wp\/v2\/posts\/10959","targetHints":{"allow":["GET"]}}],"collection":[{"href":"https:\/\/pfadfinder-kuppenheim.de\/index.php?rest_route=\/wp\/v2\/posts"}],"about":[{"href":"https:\/\/pfadfinder-kuppenheim.de\/index.php?rest_route=\/wp\/v2\/types\/post"}],"author":[{"embeddable":true,"href":"https:\/\/pfadfinder-kuppenheim.de\/index.php?rest_route=\/wp\/v2\/users\/33"}],"replies":[{"embeddable":true,"href":"https:\/\/pfadfinder-kuppenheim.de\/index.php?rest_route=%2Fwp%2Fv2%2Fcomments&post=10959"}],"version-history":[{"count":1,"href":"https:\/\/pfadfinder-kuppenheim.de\/index.php?rest_route=\/wp\/v2\/posts\/10959\/revisions"}],"predecessor-version":[{"id":10960,"href":"https:\/\/pfadfinder-kuppenheim.de\/index.php?rest_route=\/wp\/v2\/posts\/10959\/revisions\/10960"}],"wp:featuredmedia":[{"embeddable":true,"href":"https:\/\/pfadfinder-kuppenheim.de\/index.php?rest_route=\/wp\/v2\/media\/10958"}],"wp:attachment":[{"href":"https:\/\/pfadfinder-kuppenheim.de\/index.php?rest_route=%2Fwp%2Fv2%2Fmedia&parent=10959"}],"wp:term":[{"taxonomy":"category","embeddable":true,"href":"https:\/\/pfadfinder-kuppenheim.de\/index.php?rest_route=%2Fwp%2Fv2%2Fcategories&post=10959"},{"taxonomy":"post_tag","embeddable":true,"href":"https:\/\/pfadfinder-kuppenheim.de\/index.php?rest_route=%2Fwp%2Fv2%2Ftags&post=10959"}],"curies":[{"name":"wp","href":"https:\/\/api.w.org\/{rel}","templated":true}]}}