{"id":10889,"date":"2023-04-21T16:12:31","date_gmt":"2023-04-21T14:12:31","guid":{"rendered":"https:\/\/pfadfinder-kuppenheim.de\/?p=10889"},"modified":"2023-04-21T16:12:33","modified_gmt":"2023-04-21T14:12:33","slug":"pfadfinder-beim-begegnungscafe","status":"publish","type":"post","link":"https:\/\/pfadfinder-kuppenheim.de\/?p=10889","title":{"rendered":"Pfadfinder beim Begegnungscaf\u00e9"},"content":{"rendered":"\n<p>Am heutigen Freitag traf sich eine kleine Abordnung, um am Begegnungscaf\u00e9 der Initiative Integration der Stadt Kuppenheim teilzunehmen. Diesmal wurde das Caf\u00e9 f\u00fcr die Pr\u00e4sentation der Ukraine genutzt. Es gab ukrainische K\u00f6stlichkeiten, Filme \u00fcber die wundervolle und vielseitige Landschaft und typische Volkst\u00e4nze, sowie Gesang.<\/p>\n\n\n\n<p>Nat\u00fcrlich wurde auch \u00fcber die aktuelle Lage in der Ukraine gesprochen, die ein oder andere Tr\u00e4nen verdr\u00fcckt und der Stolz der ukrainischen Menschen zum Ausdruck gebracht.<\/p>\n\n\n\n<p>Im Anschluss an das heutige Treffen wurden die ukrainischen, aber auch die anderen gefl\u00fcchteten Kinder aus Kuppenheim, zur Pfadi-Truppstunde kommenden Montag eingeladen.<\/p>\n\n\n\n<figure class=\"wp-block-image size-large\"><img data-recalc-dims=\"1\" loading=\"lazy\" decoding=\"async\" width=\"1024\" height=\"576\" src=\"https:\/\/i0.wp.com\/pfadfinder-kuppenheim.de\/wp-content\/uploads\/2023\/04\/20230421_154705.jpg?resize=1024%2C576&#038;ssl=1\" alt=\"\" class=\"wp-image-10890\" srcset=\"https:\/\/i0.wp.com\/pfadfinder-kuppenheim.de\/wp-content\/uploads\/2023\/04\/20230421_154705-scaled.jpg?resize=1024%2C576&amp;ssl=1 1024w, https:\/\/i0.wp.com\/pfadfinder-kuppenheim.de\/wp-content\/uploads\/2023\/04\/20230421_154705-scaled.jpg?resize=300%2C169&amp;ssl=1 300w, https:\/\/i0.wp.com\/pfadfinder-kuppenheim.de\/wp-content\/uploads\/2023\/04\/20230421_154705-scaled.jpg?resize=768%2C432&amp;ssl=1 768w, https:\/\/i0.wp.com\/pfadfinder-kuppenheim.de\/wp-content\/uploads\/2023\/04\/20230421_154705-scaled.jpg?resize=1536%2C864&amp;ssl=1 1536w, https:\/\/i0.wp.com\/pfadfinder-kuppenheim.de\/wp-content\/uploads\/2023\/04\/20230421_154705-scaled.jpg?resize=2048%2C1152&amp;ssl=1 2048w, https:\/\/i0.wp.com\/pfadfinder-kuppenheim.de\/wp-content\/uploads\/2023\/04\/20230421_154705-scaled.jpg?w=2400&amp;ssl=1 2400w\" sizes=\"auto, (max-width: 1024px) 100vw, 1024px\" \/><\/figure>\n","protected":false},"excerpt":{"rendered":"<p>Am heutigen Freitag traf sich eine kleine Abordnung, um am Begegnungscaf\u00e9 der Initiative Integration der Stadt Kuppenheim teilzunehmen. Diesmal wurde das Caf\u00e9 f\u00fcr die Pr\u00e4sentation der Ukraine genutzt. Es gab ukrainische K\u00f6stlichkeiten, Filme \u00fcber die wundervolle und vielseitige Landschaft und typische Volkst\u00e4nze, sowie Gesang. Nat\u00fcrlich wurde auch \u00fcber die aktuelle Lage in der Ukraine gesprochen,&hellip;&nbsp;<a href=\"https:\/\/pfadfinder-kuppenheim.de\/?p=10889\" class=\"\" rel=\"bookmark\">Weiterlesen &raquo;<span class=\"screen-reader-text\">Pfadfinder beim Begegnungscaf\u00e9<\/span><\/a><\/p>\n","protected":false},"author":12,"featured_media":10891,"comment_status":"open","ping_status":"closed","sticky":false,"template":"","format":"standard","meta":{"neve_meta_sidebar":"","neve_meta_container":"","neve_meta_enable_content_width":"","neve_meta_content_width":0,"neve_meta_title_alignment":"","neve_meta_author_avatar":"","neve_post_elements_order":"","neve_meta_disable_header":"","neve_meta_disable_footer":"","neve_meta_disable_title":"","jetpack_post_was_ever_published":false,"_jetpack_newsletter_access":"","_jetpack_dont_email_post_to_subs":false,"_jetpack_newsletter_tier_id":0,"_jetpack_memberships_contains_paywalled_content":false,"_jetpack_memberships_contains_paid_content":false,"footnotes":"","jetpack_publicize_message":"","jetpack_publicize_feature_enabled":true,"jetpack_social_post_already_shared":true,"jetpack_social_options":{"image_generator_settings":{"template":"highway","default_image_id":0,"font":"","enabled":false},"version":2}},"categories":[42,8,6],"tags":[],"class_list":["post-10889","post","type-post","status-publish","format-standard","has-post-thumbnail","hentry","category-berichte","category-leiterrunde","category-pfadis"],"jetpack_publicize_connections":[],"jetpack_featured_media_url":"https:\/\/i0.wp.com\/pfadfinder-kuppenheim.de\/wp-content\/uploads\/2023\/04\/20230421_155451-scaled.jpg?fit=2560%2C1440&ssl=1","jetpack_sharing_enabled":true,"jetpack_shortlink":"https:\/\/wp.me\/p3G0PZ-2PD","_links":{"self":[{"href":"https:\/\/pfadfinder-kuppenheim.de\/index.php?rest_route=\/wp\/v2\/posts\/10889","targetHints":{"allow":["GET"]}}],"collection":[{"href":"https:\/\/pfadfinder-kuppenheim.de\/index.php?rest_route=\/wp\/v2\/posts"}],"about":[{"href":"https:\/\/pfadfinder-kuppenheim.de\/index.php?rest_route=\/wp\/v2\/types\/post"}],"author":[{"embeddable":true,"href":"https:\/\/pfadfinder-kuppenheim.de\/index.php?rest_route=\/wp\/v2\/users\/12"}],"replies":[{"embeddable":true,"href":"https:\/\/pfadfinder-kuppenheim.de\/index.php?rest_route=%2Fwp%2Fv2%2Fcomments&post=10889"}],"version-history":[{"count":1,"href":"https:\/\/pfadfinder-kuppenheim.de\/index.php?rest_route=\/wp\/v2\/posts\/10889\/revisions"}],"predecessor-version":[{"id":10892,"href":"https:\/\/pfadfinder-kuppenheim.de\/index.php?rest_route=\/wp\/v2\/posts\/10889\/revisions\/10892"}],"wp:featuredmedia":[{"embeddable":true,"href":"https:\/\/pfadfinder-kuppenheim.de\/index.php?rest_route=\/wp\/v2\/media\/10891"}],"wp:attachment":[{"href":"https:\/\/pfadfinder-kuppenheim.de\/index.php?rest_route=%2Fwp%2Fv2%2Fmedia&parent=10889"}],"wp:term":[{"taxonomy":"category","embeddable":true,"href":"https:\/\/pfadfinder-kuppenheim.de\/index.php?rest_route=%2Fwp%2Fv2%2Fcategories&post=10889"},{"taxonomy":"post_tag","embeddable":true,"href":"https:\/\/pfadfinder-kuppenheim.de\/index.php?rest_route=%2Fwp%2Fv2%2Ftags&post=10889"}],"curies":[{"name":"wp","href":"https:\/\/api.w.org\/{rel}","templated":true}]}}