{"id":10865,"date":"2023-04-17T20:49:20","date_gmt":"2023-04-17T18:49:20","guid":{"rendered":"https:\/\/pfadfinder-kuppenheim.de\/?p=10865"},"modified":"2023-04-17T20:49:23","modified_gmt":"2023-04-17T18:49:23","slug":"klischee-memory","status":"publish","type":"post","link":"https:\/\/pfadfinder-kuppenheim.de\/?p=10865","title":{"rendered":"Klischee-Memory"},"content":{"rendered":"\n<p>Nach viel Orga mit Georgstag und Naturparkmarkt planten die Pfadis heute ihren Besuch beim Begegnungscaf\u00e9 im Sankt-Sebastian-Haus am kommenden Freitag.<\/p>\n\n\n\n<p>Zum Abschluss unseres Projekts &#8222;Rassismus bek\u00e4mpfen&#8220; laden wir au\u00dferdem die Gefl\u00fcchteten im Pfadi-Alter zu unserer n\u00e4chsten Truppstunde ein, die wir im Anschluss planten. <\/p>\n\n\n\n<p>Am Ende der heutigen Truppstunde spielten wir noch unser selbstgebasteltes Klischee-Memory. Hierbei geht es darum, festzustellen, dass Klischees nicht universal zutreffend sind, nur weil man einer Nation angeh\u00f6rt und nat\u00fcrlich um ein gutes Ged\u00e4chtnis.<\/p>\n\n\n\n<figure class=\"wp-block-image size-large\"><img data-recalc-dims=\"1\" loading=\"lazy\" decoding=\"async\" width=\"1024\" height=\"576\" src=\"https:\/\/i0.wp.com\/pfadfinder-kuppenheim.de\/wp-content\/uploads\/2023\/04\/20230417_203336.jpg?resize=1024%2C576&#038;ssl=1\" alt=\"\" class=\"wp-image-10866\" srcset=\"https:\/\/i0.wp.com\/pfadfinder-kuppenheim.de\/wp-content\/uploads\/2023\/04\/20230417_203336-scaled.jpg?resize=1024%2C576&amp;ssl=1 1024w, https:\/\/i0.wp.com\/pfadfinder-kuppenheim.de\/wp-content\/uploads\/2023\/04\/20230417_203336-scaled.jpg?resize=300%2C169&amp;ssl=1 300w, https:\/\/i0.wp.com\/pfadfinder-kuppenheim.de\/wp-content\/uploads\/2023\/04\/20230417_203336-scaled.jpg?resize=768%2C432&amp;ssl=1 768w, https:\/\/i0.wp.com\/pfadfinder-kuppenheim.de\/wp-content\/uploads\/2023\/04\/20230417_203336-scaled.jpg?resize=1536%2C864&amp;ssl=1 1536w, https:\/\/i0.wp.com\/pfadfinder-kuppenheim.de\/wp-content\/uploads\/2023\/04\/20230417_203336-scaled.jpg?resize=2048%2C1152&amp;ssl=1 2048w, https:\/\/i0.wp.com\/pfadfinder-kuppenheim.de\/wp-content\/uploads\/2023\/04\/20230417_203336-scaled.jpg?w=2400&amp;ssl=1 2400w\" sizes=\"auto, (max-width: 1024px) 100vw, 1024px\" \/><figcaption class=\"wp-element-caption\">Die Pfadis sitzen gemeinsam am Tisch und spielen das selbstgebastelte Klischee-Memory<\/figcaption><\/figure>\n\n\n\n<figure class=\"wp-block-image size-large\"><img data-recalc-dims=\"1\" loading=\"lazy\" decoding=\"async\" width=\"1024\" height=\"576\" src=\"https:\/\/i0.wp.com\/pfadfinder-kuppenheim.de\/wp-content\/uploads\/2023\/04\/20230417_203456.jpg?resize=1024%2C576&#038;ssl=1\" alt=\"\" class=\"wp-image-10867\" srcset=\"https:\/\/i0.wp.com\/pfadfinder-kuppenheim.de\/wp-content\/uploads\/2023\/04\/20230417_203456-scaled.jpg?resize=1024%2C576&amp;ssl=1 1024w, https:\/\/i0.wp.com\/pfadfinder-kuppenheim.de\/wp-content\/uploads\/2023\/04\/20230417_203456-scaled.jpg?resize=300%2C169&amp;ssl=1 300w, https:\/\/i0.wp.com\/pfadfinder-kuppenheim.de\/wp-content\/uploads\/2023\/04\/20230417_203456-scaled.jpg?resize=768%2C432&amp;ssl=1 768w, https:\/\/i0.wp.com\/pfadfinder-kuppenheim.de\/wp-content\/uploads\/2023\/04\/20230417_203456-scaled.jpg?resize=1536%2C864&amp;ssl=1 1536w, https:\/\/i0.wp.com\/pfadfinder-kuppenheim.de\/wp-content\/uploads\/2023\/04\/20230417_203456-scaled.jpg?resize=2048%2C1152&amp;ssl=1 2048w, https:\/\/i0.wp.com\/pfadfinder-kuppenheim.de\/wp-content\/uploads\/2023\/04\/20230417_203456-scaled.jpg?w=2400&amp;ssl=1 2400w\" sizes=\"auto, (max-width: 1024px) 100vw, 1024px\" \/><figcaption class=\"wp-element-caption\">zu verschiedenen Nationen formulierten die Pfadis sowohl &#8222;positive&#8220; als auch &#8222;negative&#8220; Vorurteile<\/figcaption><\/figure>\n","protected":false},"excerpt":{"rendered":"<p>Nach viel Orga mit Georgstag und Naturparkmarkt planten die Pfadis heute ihren Besuch beim Begegnungscaf\u00e9 im Sankt-Sebastian-Haus am kommenden Freitag. Zum Abschluss unseres Projekts &#8222;Rassismus bek\u00e4mpfen&#8220; laden wir au\u00dferdem die Gefl\u00fcchteten im Pfadi-Alter zu unserer n\u00e4chsten Truppstunde ein, die wir im Anschluss planten. Am Ende der heutigen Truppstunde spielten wir noch unser selbstgebasteltes Klischee-Memory. Hierbei&hellip;&nbsp;<a href=\"https:\/\/pfadfinder-kuppenheim.de\/?p=10865\" class=\"\" rel=\"bookmark\">Weiterlesen &raquo;<span class=\"screen-reader-text\">Klischee-Memory<\/span><\/a><\/p>\n","protected":false},"author":12,"featured_media":10866,"comment_status":"open","ping_status":"closed","sticky":false,"template":"","format":"standard","meta":{"neve_meta_sidebar":"","neve_meta_container":"","neve_meta_enable_content_width":"","neve_meta_content_width":0,"neve_meta_title_alignment":"","neve_meta_author_avatar":"","neve_post_elements_order":"","neve_meta_disable_header":"","neve_meta_disable_footer":"","neve_meta_disable_title":"","jetpack_post_was_ever_published":false,"_jetpack_newsletter_access":"","_jetpack_dont_email_post_to_subs":false,"_jetpack_newsletter_tier_id":0,"_jetpack_memberships_contains_paywalled_content":false,"_jetpack_memberships_contains_paid_content":false,"footnotes":"","jetpack_publicize_message":"","jetpack_publicize_feature_enabled":true,"jetpack_social_post_already_shared":true,"jetpack_social_options":{"image_generator_settings":{"template":"highway","default_image_id":0,"font":"","enabled":false},"version":2}},"categories":[6],"tags":[],"class_list":["post-10865","post","type-post","status-publish","format-standard","has-post-thumbnail","hentry","category-pfadis"],"jetpack_publicize_connections":[],"jetpack_featured_media_url":"https:\/\/i0.wp.com\/pfadfinder-kuppenheim.de\/wp-content\/uploads\/2023\/04\/20230417_203336-scaled.jpg?fit=2560%2C1440&ssl=1","jetpack_sharing_enabled":true,"jetpack_shortlink":"https:\/\/wp.me\/p3G0PZ-2Pf","_links":{"self":[{"href":"https:\/\/pfadfinder-kuppenheim.de\/index.php?rest_route=\/wp\/v2\/posts\/10865","targetHints":{"allow":["GET"]}}],"collection":[{"href":"https:\/\/pfadfinder-kuppenheim.de\/index.php?rest_route=\/wp\/v2\/posts"}],"about":[{"href":"https:\/\/pfadfinder-kuppenheim.de\/index.php?rest_route=\/wp\/v2\/types\/post"}],"author":[{"embeddable":true,"href":"https:\/\/pfadfinder-kuppenheim.de\/index.php?rest_route=\/wp\/v2\/users\/12"}],"replies":[{"embeddable":true,"href":"https:\/\/pfadfinder-kuppenheim.de\/index.php?rest_route=%2Fwp%2Fv2%2Fcomments&post=10865"}],"version-history":[{"count":1,"href":"https:\/\/pfadfinder-kuppenheim.de\/index.php?rest_route=\/wp\/v2\/posts\/10865\/revisions"}],"predecessor-version":[{"id":10868,"href":"https:\/\/pfadfinder-kuppenheim.de\/index.php?rest_route=\/wp\/v2\/posts\/10865\/revisions\/10868"}],"wp:featuredmedia":[{"embeddable":true,"href":"https:\/\/pfadfinder-kuppenheim.de\/index.php?rest_route=\/wp\/v2\/media\/10866"}],"wp:attachment":[{"href":"https:\/\/pfadfinder-kuppenheim.de\/index.php?rest_route=%2Fwp%2Fv2%2Fmedia&parent=10865"}],"wp:term":[{"taxonomy":"category","embeddable":true,"href":"https:\/\/pfadfinder-kuppenheim.de\/index.php?rest_route=%2Fwp%2Fv2%2Fcategories&post=10865"},{"taxonomy":"post_tag","embeddable":true,"href":"https:\/\/pfadfinder-kuppenheim.de\/index.php?rest_route=%2Fwp%2Fv2%2Ftags&post=10865"}],"curies":[{"name":"wp","href":"https:\/\/api.w.org\/{rel}","templated":true}]}}