{"id":10699,"date":"2023-03-05T18:31:24","date_gmt":"2023-03-05T17:31:24","guid":{"rendered":"https:\/\/pfadfinder-kuppenheim.de\/?p=10699"},"modified":"2023-03-05T18:31:27","modified_gmt":"2023-03-05T17:31:27","slug":"buntes-wochenende-in-freiolsheim","status":"publish","type":"post","link":"https:\/\/pfadfinder-kuppenheim.de\/?p=10699","title":{"rendered":"Buntes\u00a0Wochenende\u00a0in Freiolsheim"},"content":{"rendered":"\n<p>Wir&nbsp;W\u00f6flinge&nbsp;waren ein Wochenende lang in unserem Haus in Freiolsheim.&nbsp;Nach der Ankunft haben wir die Zimmer aufgeteilt und unsere Betten bezogen. Nach einer Runde \u201eActivity\u201c und nach dem Vesper sind wir hinaus gegangen, und Felix und&nbsp;Joshua&nbsp;haben ihr Versprechen gemacht. Anschlie\u00dfend haben wir&nbsp;Tschai-Tee&nbsp;getrunken.<\/p>\n\n\n\n<p>Am n\u00e4chsten Tag haben wir gefr\u00fchst\u00fcckt und unsere Morgenrunde gemacht. Danach haben wir \u201eZombieball\u201c und ein Haus-Gel\u00e4ndespiel gespielt. Nach dem Mittagessen sind wir auf den Mahlberg gewandert und auf den Turm gestiegen. Dort haben wir auch noch \u201eCapture&nbsp;the&nbsp;flag\u201c gespielt. Dann sind wir wieder zur\u00fcckgewandert und haben uns mit \u00dcbungen gew\u00e4rmt und zu Abend gegessen. Schlie\u00dflich haben wir uns alle kost\u00fcmiert und den Bunten Abend gefeiert.<\/p>\n\n\n\n<p>Am Sonntag haben wir Fr\u00fchst\u00fcck gegessen und aufger\u00e4umt. Drau\u00dfen spielten wir noch Spiele und Fu\u00dfball. Dann wurden wir auch schon wieder von unseren Eltern abgeholt und das Wochenende war vorbei.<\/p>\n","protected":false},"excerpt":{"rendered":"<p>Wir&nbsp;W\u00f6flinge&nbsp;waren ein Wochenende lang in unserem Haus in Freiolsheim.&nbsp;Nach der Ankunft haben wir die Zimmer aufgeteilt und unsere Betten bezogen. Nach einer Runde \u201eActivity\u201c und nach dem Vesper sind wir hinaus gegangen, und Felix und&nbsp;Joshua&nbsp;haben ihr Versprechen gemacht. Anschlie\u00dfend haben wir&nbsp;Tschai-Tee&nbsp;getrunken. Am n\u00e4chsten Tag haben wir gefr\u00fchst\u00fcckt und unsere Morgenrunde gemacht. Danach haben wir \u201eZombieball\u201c&hellip;&nbsp;<a href=\"https:\/\/pfadfinder-kuppenheim.de\/?p=10699\" class=\"\" rel=\"bookmark\">Weiterlesen &raquo;<span class=\"screen-reader-text\">Buntes\u00a0Wochenende\u00a0in Freiolsheim<\/span><\/a><\/p>\n","protected":false},"author":2,"featured_media":10596,"comment_status":"open","ping_status":"closed","sticky":false,"template":"","format":"standard","meta":{"neve_meta_sidebar":"","neve_meta_container":"","neve_meta_enable_content_width":"","neve_meta_content_width":0,"neve_meta_title_alignment":"","neve_meta_author_avatar":"","neve_post_elements_order":"","neve_meta_disable_header":"","neve_meta_disable_footer":"","neve_meta_disable_title":"","jetpack_post_was_ever_published":false,"_jetpack_newsletter_access":"","_jetpack_dont_email_post_to_subs":false,"_jetpack_newsletter_tier_id":0,"_jetpack_memberships_contains_paywalled_content":false,"_jetpack_memberships_contains_paid_content":false,"footnotes":"","jetpack_publicize_message":"","jetpack_publicize_feature_enabled":true,"jetpack_social_post_already_shared":true,"jetpack_social_options":{"image_generator_settings":{"template":"highway","default_image_id":0,"font":"","enabled":false},"version":2}},"categories":[4],"tags":[],"class_list":["post-10699","post","type-post","status-publish","format-standard","has-post-thumbnail","hentry","category-wolflinge"],"jetpack_publicize_connections":[],"jetpack_featured_media_url":"https:\/\/i0.wp.com\/pfadfinder-kuppenheim.de\/wp-content\/uploads\/2023\/02\/IMG-20230211-WA0010.jpg?fit=1600%2C1200&ssl=1","jetpack_sharing_enabled":true,"jetpack_shortlink":"https:\/\/wp.me\/p3G0PZ-2Mz","_links":{"self":[{"href":"https:\/\/pfadfinder-kuppenheim.de\/index.php?rest_route=\/wp\/v2\/posts\/10699","targetHints":{"allow":["GET"]}}],"collection":[{"href":"https:\/\/pfadfinder-kuppenheim.de\/index.php?rest_route=\/wp\/v2\/posts"}],"about":[{"href":"https:\/\/pfadfinder-kuppenheim.de\/index.php?rest_route=\/wp\/v2\/types\/post"}],"author":[{"embeddable":true,"href":"https:\/\/pfadfinder-kuppenheim.de\/index.php?rest_route=\/wp\/v2\/users\/2"}],"replies":[{"embeddable":true,"href":"https:\/\/pfadfinder-kuppenheim.de\/index.php?rest_route=%2Fwp%2Fv2%2Fcomments&post=10699"}],"version-history":[{"count":1,"href":"https:\/\/pfadfinder-kuppenheim.de\/index.php?rest_route=\/wp\/v2\/posts\/10699\/revisions"}],"predecessor-version":[{"id":10700,"href":"https:\/\/pfadfinder-kuppenheim.de\/index.php?rest_route=\/wp\/v2\/posts\/10699\/revisions\/10700"}],"wp:featuredmedia":[{"embeddable":true,"href":"https:\/\/pfadfinder-kuppenheim.de\/index.php?rest_route=\/wp\/v2\/media\/10596"}],"wp:attachment":[{"href":"https:\/\/pfadfinder-kuppenheim.de\/index.php?rest_route=%2Fwp%2Fv2%2Fmedia&parent=10699"}],"wp:term":[{"taxonomy":"category","embeddable":true,"href":"https:\/\/pfadfinder-kuppenheim.de\/index.php?rest_route=%2Fwp%2Fv2%2Fcategories&post=10699"},{"taxonomy":"post_tag","embeddable":true,"href":"https:\/\/pfadfinder-kuppenheim.de\/index.php?rest_route=%2Fwp%2Fv2%2Ftags&post=10699"}],"curies":[{"name":"wp","href":"https:\/\/api.w.org\/{rel}","templated":true}]}}