{"id":10572,"date":"2023-02-11T08:27:45","date_gmt":"2023-02-11T07:27:45","guid":{"rendered":"https:\/\/pfadfinder-kuppenheim.de\/?p=10572"},"modified":"2023-02-12T15:06:33","modified_gmt":"2023-02-12T14:06:33","slug":"mit-dampf-und-mampf-in-den-tag","status":"publish","type":"post","link":"https:\/\/pfadfinder-kuppenheim.de\/?p=10572","title":{"rendered":"Mit Dampf und Mampf in den Tag&#8230;"},"content":{"rendered":"\n<p>Kaum waren die ersten W\u00f6lfe heute Morgen wach, war erst einmal rum mit besinnlicher Ruhe f\u00fcr die Freiolsheimer. \ud83d\ude09 <\/p>\n\n\n\n<p>Und hungrige W\u00f6lflingsb\u00e4uche wollen gef\u00fcllt werden: Erstmal gibt es feinen Kuchen, den so manch ein W\u00f6lfling von Zuhause mitgebracht hat. Damit kann ein Tag doch gut starten!<\/p>\n\n\n\n<p>Also: <strong><mark style=\"color:#d57800\" class=\"has-inline-color\">MAMPF<\/mark><\/strong> und bis sp\u00e4ter! <\/p>\n","protected":false},"excerpt":{"rendered":"<p>Kaum waren die ersten W\u00f6lfe heute Morgen wach, war erst einmal rum mit besinnlicher Ruhe f\u00fcr die Freiolsheimer. \ud83d\ude09 Und hungrige W\u00f6lflingsb\u00e4uche wollen gef\u00fcllt werden: Erstmal gibt es feinen Kuchen, den so manch ein W\u00f6lfling von Zuhause mitgebracht hat. Damit kann ein Tag doch gut starten! Also: MAMPF und bis sp\u00e4ter!<\/p>\n","protected":false},"author":21,"featured_media":10573,"comment_status":"open","ping_status":"closed","sticky":false,"template":"","format":"standard","meta":{"neve_meta_sidebar":"","neve_meta_container":"","neve_meta_enable_content_width":"","neve_meta_content_width":0,"neve_meta_title_alignment":"","neve_meta_author_avatar":"","neve_post_elements_order":"","neve_meta_disable_header":"","neve_meta_disable_footer":"","neve_meta_disable_title":"","jetpack_post_was_ever_published":false,"_jetpack_newsletter_access":"","_jetpack_dont_email_post_to_subs":false,"_jetpack_newsletter_tier_id":0,"_jetpack_memberships_contains_paywalled_content":false,"_jetpack_memberships_contains_paid_content":false,"footnotes":"","jetpack_publicize_message":"","jetpack_publicize_feature_enabled":true,"jetpack_social_post_already_shared":true,"jetpack_social_options":{"image_generator_settings":{"template":"highway","default_image_id":0,"font":"","enabled":false},"version":2}},"categories":[42,4],"tags":[40,50,73,138,52],"class_list":["post-10572","post","type-post","status-publish","format-standard","has-post-thumbnail","hentry","category-berichte","category-wolflinge","tag-freiolsheim","tag-huettenwochenende","tag-kuchen","tag-kuchenfruehstueck","tag-woelflinge"],"jetpack_publicize_connections":[],"jetpack_featured_media_url":"https:\/\/i0.wp.com\/pfadfinder-kuppenheim.de\/wp-content\/uploads\/2023\/02\/IMG_20230211_074216-scaled.jpg?fit=1920%2C2560&ssl=1","jetpack_sharing_enabled":true,"jetpack_shortlink":"https:\/\/wp.me\/p3G0PZ-2Kw","_links":{"self":[{"href":"https:\/\/pfadfinder-kuppenheim.de\/index.php?rest_route=\/wp\/v2\/posts\/10572","targetHints":{"allow":["GET"]}}],"collection":[{"href":"https:\/\/pfadfinder-kuppenheim.de\/index.php?rest_route=\/wp\/v2\/posts"}],"about":[{"href":"https:\/\/pfadfinder-kuppenheim.de\/index.php?rest_route=\/wp\/v2\/types\/post"}],"author":[{"embeddable":true,"href":"https:\/\/pfadfinder-kuppenheim.de\/index.php?rest_route=\/wp\/v2\/users\/21"}],"replies":[{"embeddable":true,"href":"https:\/\/pfadfinder-kuppenheim.de\/index.php?rest_route=%2Fwp%2Fv2%2Fcomments&post=10572"}],"version-history":[{"count":5,"href":"https:\/\/pfadfinder-kuppenheim.de\/index.php?rest_route=\/wp\/v2\/posts\/10572\/revisions"}],"predecessor-version":[{"id":10630,"href":"https:\/\/pfadfinder-kuppenheim.de\/index.php?rest_route=\/wp\/v2\/posts\/10572\/revisions\/10630"}],"wp:featuredmedia":[{"embeddable":true,"href":"https:\/\/pfadfinder-kuppenheim.de\/index.php?rest_route=\/wp\/v2\/media\/10573"}],"wp:attachment":[{"href":"https:\/\/pfadfinder-kuppenheim.de\/index.php?rest_route=%2Fwp%2Fv2%2Fmedia&parent=10572"}],"wp:term":[{"taxonomy":"category","embeddable":true,"href":"https:\/\/pfadfinder-kuppenheim.de\/index.php?rest_route=%2Fwp%2Fv2%2Fcategories&post=10572"},{"taxonomy":"post_tag","embeddable":true,"href":"https:\/\/pfadfinder-kuppenheim.de\/index.php?rest_route=%2Fwp%2Fv2%2Ftags&post=10572"}],"curies":[{"name":"wp","href":"https:\/\/api.w.org\/{rel}","templated":true}]}}