{"id":10519,"date":"2023-01-29T17:55:17","date_gmt":"2023-01-29T16:55:17","guid":{"rendered":"https:\/\/pfadfinder-kuppenheim.de\/?p=10519"},"modified":"2023-02-02T17:43:45","modified_gmt":"2023-02-02T16:43:45","slug":"track-for-kidz-tag-3","status":"publish","type":"post","link":"https:\/\/pfadfinder-kuppenheim.de\/?p=10519","title":{"rendered":"Track for Kidz &#8211; Tag 3"},"content":{"rendered":"\n<p>Der Sonntag morgen begann um 7:00 Uhr f\u00fcr unsere Pfadis und begann mit packen und Zelte ausr\u00e4umen. Nach dem packen ging es erstmal zur Morgenrunde in der es vor allem um Aufw\u00e4rmung des K\u00f6rpers am Morgen nach so einer kalten Nacht ging. Es wurden einige Bewegungsspiele gespielt, w\u00e4hrend es danach direkt zum Fr\u00fchst\u00fcck ging. <\/p>\n\n\n\n<p>Nach dem Fr\u00fchst\u00fcck begann der Abbau, bei dem alle Pfadis flei\u00dfig mit anpackten und alles zusammenr\u00e4umten. Zum Abschluss gab es noch mit allen anderen Pfadis zusammen ein kleines Privilegienspiel mit einem anschlie\u00dfenden Non- Gottesdienst, in dem es darum ging, was aus der Pfadfinder Sicht in der Welt und der katholischen Kirche vielleicht noch besser laufen k\u00f6nnte. <\/p>\n\n\n\n<figure class=\"wp-block-image size-large\"><img data-recalc-dims=\"1\" loading=\"lazy\" decoding=\"async\" width=\"1024\" height=\"768\" src=\"https:\/\/i0.wp.com\/pfadfinder-kuppenheim.de\/wp-content\/uploads\/2023\/01\/img_6272-3.jpg?resize=1024%2C768&#038;ssl=1\" alt=\"\" class=\"wp-image-10515\" srcset=\"https:\/\/i0.wp.com\/pfadfinder-kuppenheim.de\/wp-content\/uploads\/2023\/01\/img_6272-3-scaled.jpg?resize=1024%2C768&amp;ssl=1 1024w, https:\/\/i0.wp.com\/pfadfinder-kuppenheim.de\/wp-content\/uploads\/2023\/01\/img_6272-3-scaled.jpg?resize=300%2C225&amp;ssl=1 300w, https:\/\/i0.wp.com\/pfadfinder-kuppenheim.de\/wp-content\/uploads\/2023\/01\/img_6272-3-scaled.jpg?resize=768%2C576&amp;ssl=1 768w, https:\/\/i0.wp.com\/pfadfinder-kuppenheim.de\/wp-content\/uploads\/2023\/01\/img_6272-3-scaled.jpg?resize=1536%2C1152&amp;ssl=1 1536w, https:\/\/i0.wp.com\/pfadfinder-kuppenheim.de\/wp-content\/uploads\/2023\/01\/img_6272-3-scaled.jpg?resize=2048%2C1536&amp;ssl=1 2048w, https:\/\/i0.wp.com\/pfadfinder-kuppenheim.de\/wp-content\/uploads\/2023\/01\/img_6272-3-scaled.jpg?w=2400&amp;ssl=1 2400w\" sizes=\"auto, (max-width: 1024px) 100vw, 1024px\" \/><\/figure>\n\n\n\n<p>Eine kleine Reflexion gab es nat\u00fcrlich am Ende auch noch, wobei es danach nur noch ans Mittagessen und dann ans beladen des Anh\u00e4ngers ging. <\/p>\n\n\n\n<figure class=\"wp-block-image size-large\"><img data-recalc-dims=\"1\" loading=\"lazy\" decoding=\"async\" width=\"768\" height=\"1024\" src=\"https:\/\/i0.wp.com\/pfadfinder-kuppenheim.de\/wp-content\/uploads\/2023\/01\/51aae27a-277b-4ff7-80c3-f0de83a438d6-5740-00000696ff9c8ea4_file-1.jpg?resize=768%2C1024&#038;ssl=1\" alt=\"\" class=\"wp-image-10507\" srcset=\"https:\/\/i0.wp.com\/pfadfinder-kuppenheim.de\/wp-content\/uploads\/2023\/01\/51aae27a-277b-4ff7-80c3-f0de83a438d6-5740-00000696ff9c8ea4_file-1-scaled.jpg?resize=768%2C1024&amp;ssl=1 768w, https:\/\/i0.wp.com\/pfadfinder-kuppenheim.de\/wp-content\/uploads\/2023\/01\/51aae27a-277b-4ff7-80c3-f0de83a438d6-5740-00000696ff9c8ea4_file-1-scaled.jpg?resize=225%2C300&amp;ssl=1 225w, https:\/\/i0.wp.com\/pfadfinder-kuppenheim.de\/wp-content\/uploads\/2023\/01\/51aae27a-277b-4ff7-80c3-f0de83a438d6-5740-00000696ff9c8ea4_file-1-scaled.jpg?resize=1152%2C1536&amp;ssl=1 1152w, https:\/\/i0.wp.com\/pfadfinder-kuppenheim.de\/wp-content\/uploads\/2023\/01\/51aae27a-277b-4ff7-80c3-f0de83a438d6-5740-00000696ff9c8ea4_file-1-scaled.jpg?resize=1536%2C2048&amp;ssl=1 1536w, https:\/\/i0.wp.com\/pfadfinder-kuppenheim.de\/wp-content\/uploads\/2023\/01\/51aae27a-277b-4ff7-80c3-f0de83a438d6-5740-00000696ff9c8ea4_file-1-scaled.jpg?w=1920&amp;ssl=1 1920w\" sizes=\"auto, (max-width: 768px) 100vw, 768px\" \/><\/figure>\n\n\n\n<figure class=\"wp-block-image size-large\"><img data-recalc-dims=\"1\" loading=\"lazy\" decoding=\"async\" width=\"768\" height=\"1024\" src=\"https:\/\/i0.wp.com\/pfadfinder-kuppenheim.de\/wp-content\/uploads\/2023\/01\/25a222c4-d0c3-4f62-bbf8-84f77accd8de-5740-000006974b378a1e_file.jpg?resize=768%2C1024&#038;ssl=1\" alt=\"\" class=\"wp-image-10506\" srcset=\"https:\/\/i0.wp.com\/pfadfinder-kuppenheim.de\/wp-content\/uploads\/2023\/01\/25a222c4-d0c3-4f62-bbf8-84f77accd8de-5740-000006974b378a1e_file-scaled.jpg?resize=768%2C1024&amp;ssl=1 768w, https:\/\/i0.wp.com\/pfadfinder-kuppenheim.de\/wp-content\/uploads\/2023\/01\/25a222c4-d0c3-4f62-bbf8-84f77accd8de-5740-000006974b378a1e_file-scaled.jpg?resize=225%2C300&amp;ssl=1 225w, https:\/\/i0.wp.com\/pfadfinder-kuppenheim.de\/wp-content\/uploads\/2023\/01\/25a222c4-d0c3-4f62-bbf8-84f77accd8de-5740-000006974b378a1e_file-scaled.jpg?resize=1152%2C1536&amp;ssl=1 1152w, https:\/\/i0.wp.com\/pfadfinder-kuppenheim.de\/wp-content\/uploads\/2023\/01\/25a222c4-d0c3-4f62-bbf8-84f77accd8de-5740-000006974b378a1e_file-scaled.jpg?resize=1536%2C2048&amp;ssl=1 1536w, https:\/\/i0.wp.com\/pfadfinder-kuppenheim.de\/wp-content\/uploads\/2023\/01\/25a222c4-d0c3-4f62-bbf8-84f77accd8de-5740-000006974b378a1e_file-scaled.jpg?w=1920&amp;ssl=1 1920w\" sizes=\"auto, (max-width: 768px) 100vw, 768px\" \/><\/figure>\n\n\n\n<p>Die Pfadfinderstufe hatte ein tollen Wochenende im Schnee und freut sich auch im n\u00e4chsten Jahr wieder dar\u00fcber bei Track for Kidz &#8211; Zelten im Schnee dabei zu sein. <\/p>\n\n\n\n<figure class=\"wp-block-image size-large\"><img data-recalc-dims=\"1\" loading=\"lazy\" decoding=\"async\" width=\"1024\" height=\"768\" src=\"https:\/\/i0.wp.com\/pfadfinder-kuppenheim.de\/wp-content\/uploads\/2023\/01\/img_6265-2.jpg?resize=1024%2C768&#038;ssl=1\" alt=\"\" class=\"wp-image-10517\" srcset=\"https:\/\/i0.wp.com\/pfadfinder-kuppenheim.de\/wp-content\/uploads\/2023\/01\/img_6265-2-scaled.jpg?resize=1024%2C768&amp;ssl=1 1024w, https:\/\/i0.wp.com\/pfadfinder-kuppenheim.de\/wp-content\/uploads\/2023\/01\/img_6265-2-scaled.jpg?resize=300%2C225&amp;ssl=1 300w, https:\/\/i0.wp.com\/pfadfinder-kuppenheim.de\/wp-content\/uploads\/2023\/01\/img_6265-2-scaled.jpg?resize=768%2C576&amp;ssl=1 768w, https:\/\/i0.wp.com\/pfadfinder-kuppenheim.de\/wp-content\/uploads\/2023\/01\/img_6265-2-scaled.jpg?resize=1536%2C1152&amp;ssl=1 1536w, https:\/\/i0.wp.com\/pfadfinder-kuppenheim.de\/wp-content\/uploads\/2023\/01\/img_6265-2-scaled.jpg?resize=2048%2C1536&amp;ssl=1 2048w, https:\/\/i0.wp.com\/pfadfinder-kuppenheim.de\/wp-content\/uploads\/2023\/01\/img_6265-2-scaled.jpg?w=2400&amp;ssl=1 2400w\" sizes=\"auto, (max-width: 1024px) 100vw, 1024px\" \/><\/figure>\n","protected":false},"excerpt":{"rendered":"<p>Der Sonntag morgen begann um 7:00 Uhr f\u00fcr unsere Pfadis und begann mit packen und Zelte ausr\u00e4umen. Nach dem packen ging es erstmal zur Morgenrunde in der es vor allem um Aufw\u00e4rmung des K\u00f6rpers am Morgen nach so einer kalten Nacht ging. Es wurden einige Bewegungsspiele gespielt, w\u00e4hrend es danach direkt zum Fr\u00fchst\u00fcck ging. Nach&hellip;&nbsp;<a href=\"https:\/\/pfadfinder-kuppenheim.de\/?p=10519\" class=\"\" rel=\"bookmark\">Weiterlesen &raquo;<span class=\"screen-reader-text\">Track for Kidz &#8211; Tag 3<\/span><\/a><\/p>\n","protected":false},"author":23,"featured_media":10517,"comment_status":"open","ping_status":"closed","sticky":false,"template":"","format":"standard","meta":{"neve_meta_sidebar":"","neve_meta_container":"","neve_meta_enable_content_width":"","neve_meta_content_width":0,"neve_meta_title_alignment":"","neve_meta_author_avatar":"","neve_post_elements_order":"","neve_meta_disable_header":"","neve_meta_disable_footer":"","neve_meta_disable_title":"","jetpack_post_was_ever_published":false,"_jetpack_newsletter_access":"","_jetpack_dont_email_post_to_subs":false,"_jetpack_newsletter_tier_id":0,"_jetpack_memberships_contains_paywalled_content":false,"_jetpack_memberships_contains_paid_content":false,"footnotes":"","jetpack_publicize_message":"","jetpack_publicize_feature_enabled":true,"jetpack_social_post_already_shared":true,"jetpack_social_options":{"image_generator_settings":{"template":"highway","default_image_id":0,"font":"","enabled":false},"version":2}},"categories":[6],"tags":[132,58,137,135,136],"class_list":["post-10519","post","type-post","status-publish","format-standard","has-post-thumbnail","hentry","category-pfadis","tag-pfadfinder","tag-pfadis","tag-schnee","tag-tfk","tag-zelten"],"jetpack_publicize_connections":[],"jetpack_featured_media_url":"https:\/\/i0.wp.com\/pfadfinder-kuppenheim.de\/wp-content\/uploads\/2023\/01\/img_6265-2-scaled.jpg?fit=2560%2C1920&ssl=1","jetpack_sharing_enabled":true,"jetpack_shortlink":"https:\/\/wp.me\/p3G0PZ-2JF","_links":{"self":[{"href":"https:\/\/pfadfinder-kuppenheim.de\/index.php?rest_route=\/wp\/v2\/posts\/10519","targetHints":{"allow":["GET"]}}],"collection":[{"href":"https:\/\/pfadfinder-kuppenheim.de\/index.php?rest_route=\/wp\/v2\/posts"}],"about":[{"href":"https:\/\/pfadfinder-kuppenheim.de\/index.php?rest_route=\/wp\/v2\/types\/post"}],"author":[{"embeddable":true,"href":"https:\/\/pfadfinder-kuppenheim.de\/index.php?rest_route=\/wp\/v2\/users\/23"}],"replies":[{"embeddable":true,"href":"https:\/\/pfadfinder-kuppenheim.de\/index.php?rest_route=%2Fwp%2Fv2%2Fcomments&post=10519"}],"version-history":[{"count":1,"href":"https:\/\/pfadfinder-kuppenheim.de\/index.php?rest_route=\/wp\/v2\/posts\/10519\/revisions"}],"predecessor-version":[{"id":10520,"href":"https:\/\/pfadfinder-kuppenheim.de\/index.php?rest_route=\/wp\/v2\/posts\/10519\/revisions\/10520"}],"wp:featuredmedia":[{"embeddable":true,"href":"https:\/\/pfadfinder-kuppenheim.de\/index.php?rest_route=\/wp\/v2\/media\/10517"}],"wp:attachment":[{"href":"https:\/\/pfadfinder-kuppenheim.de\/index.php?rest_route=%2Fwp%2Fv2%2Fmedia&parent=10519"}],"wp:term":[{"taxonomy":"category","embeddable":true,"href":"https:\/\/pfadfinder-kuppenheim.de\/index.php?rest_route=%2Fwp%2Fv2%2Fcategories&post=10519"},{"taxonomy":"post_tag","embeddable":true,"href":"https:\/\/pfadfinder-kuppenheim.de\/index.php?rest_route=%2Fwp%2Fv2%2Ftags&post=10519"}],"curies":[{"name":"wp","href":"https:\/\/api.w.org\/{rel}","templated":true}]}}