{"id":10502,"date":"2023-01-29T15:07:02","date_gmt":"2023-01-29T14:07:02","guid":{"rendered":"https:\/\/pfadfinder-kuppenheim.de\/?p=10502"},"modified":"2023-02-02T17:46:59","modified_gmt":"2023-02-02T16:46:59","slug":"track-for-kidz-tag-2","status":"publish","type":"post","link":"https:\/\/pfadfinder-kuppenheim.de\/?p=10502","title":{"rendered":"Track for Kidz &#8211; Tag 2"},"content":{"rendered":"\n<p>Nach einer sehr kalten Nacht ging es am 2. Tag schon um 7:30 aus den warmen Schlafs\u00e4cken raus in den Schnee. Der Tag begann mit einer Morgenrunde \u00fcber das Thema Bed\u00fcrfnisse, und ging direkt weiter mit einem leckeren, vielseitigen Fr\u00fchst\u00fcck. Nach dem Fr\u00fchst\u00fcck wurden all unsere Pfadis mit anderen St\u00e4mmen in Gruppen eingeteilt, um den Vormittag \u00fcber an kleinen Workshops wie Schlitten fahren, eine Pfadfinderlilie aus Holz S\u00e4gen oder Riesen Jenga zu spielen, teilzunehmen. <\/p>\n\n\n\n<figure class=\"wp-block-image size-large\"><img data-recalc-dims=\"1\" loading=\"lazy\" decoding=\"async\" width=\"768\" height=\"1024\" src=\"https:\/\/i0.wp.com\/pfadfinder-kuppenheim.de\/wp-content\/uploads\/2023\/01\/img_6231.jpg?resize=768%2C1024&#038;ssl=1\" alt=\"\" class=\"wp-image-10495\" srcset=\"https:\/\/i0.wp.com\/pfadfinder-kuppenheim.de\/wp-content\/uploads\/2023\/01\/img_6231-scaled.jpg?resize=768%2C1024&amp;ssl=1 768w, https:\/\/i0.wp.com\/pfadfinder-kuppenheim.de\/wp-content\/uploads\/2023\/01\/img_6231-scaled.jpg?resize=225%2C300&amp;ssl=1 225w, https:\/\/i0.wp.com\/pfadfinder-kuppenheim.de\/wp-content\/uploads\/2023\/01\/img_6231-scaled.jpg?resize=1152%2C1536&amp;ssl=1 1152w, https:\/\/i0.wp.com\/pfadfinder-kuppenheim.de\/wp-content\/uploads\/2023\/01\/img_6231-scaled.jpg?resize=1536%2C2048&amp;ssl=1 1536w, https:\/\/i0.wp.com\/pfadfinder-kuppenheim.de\/wp-content\/uploads\/2023\/01\/img_6231-scaled.jpg?w=1920&amp;ssl=1 1920w\" sizes=\"auto, (max-width: 768px) 100vw, 768px\" \/><\/figure>\n\n\n\n<figure class=\"wp-block-image size-large\"><img data-recalc-dims=\"1\" loading=\"lazy\" decoding=\"async\" width=\"1024\" height=\"768\" src=\"https:\/\/i0.wp.com\/pfadfinder-kuppenheim.de\/wp-content\/uploads\/2023\/01\/img_6216.jpg?resize=1024%2C768&#038;ssl=1\" alt=\"\" class=\"wp-image-10496\" srcset=\"https:\/\/i0.wp.com\/pfadfinder-kuppenheim.de\/wp-content\/uploads\/2023\/01\/img_6216-scaled.jpg?resize=1024%2C768&amp;ssl=1 1024w, https:\/\/i0.wp.com\/pfadfinder-kuppenheim.de\/wp-content\/uploads\/2023\/01\/img_6216-scaled.jpg?resize=300%2C225&amp;ssl=1 300w, https:\/\/i0.wp.com\/pfadfinder-kuppenheim.de\/wp-content\/uploads\/2023\/01\/img_6216-scaled.jpg?resize=768%2C576&amp;ssl=1 768w, https:\/\/i0.wp.com\/pfadfinder-kuppenheim.de\/wp-content\/uploads\/2023\/01\/img_6216-scaled.jpg?resize=1536%2C1152&amp;ssl=1 1536w, https:\/\/i0.wp.com\/pfadfinder-kuppenheim.de\/wp-content\/uploads\/2023\/01\/img_6216-scaled.jpg?resize=2048%2C1536&amp;ssl=1 2048w, https:\/\/i0.wp.com\/pfadfinder-kuppenheim.de\/wp-content\/uploads\/2023\/01\/img_6216-scaled.jpg?w=2400&amp;ssl=1 2400w\" sizes=\"auto, (max-width: 1024px) 100vw, 1024px\" \/><\/figure>\n\n\n\n<figure class=\"wp-block-video\"><video height=\"2160\" style=\"aspect-ratio: 3840 \/ 2160;\" width=\"3840\" controls src=\"https:\/\/pfadfinder-kuppenheim.de\/wp-content\/uploads\/2023\/01\/img_6209.mp4\"><\/video><\/figure>\n\n\n\n<p>Nach den Workshops gab es zum Mittagessen Pellkartoffeln mit Quark und zum Nachtisch Kekse, wobei die Kekse f\u00fcr unsere Pfadis hier nat\u00fcrlich im Vordergrund standen ;). <\/p>\n\n\n\n<p>Am Nachmittag durften alle Kinder die Zeit im Schnee genie\u00dfen, und sich ihren Nachmittag selbst einteilen. Es wurde Popcorn gemacht, mit anderen St\u00e4mmen zusammen British Bulldog gespielt, noch mehr Schlitten gefahren, die K\u00fche vom Bauern wurden besucht und die ein oder andere Schneeballschlacht durfte nat\u00fcrlich auch nicht fehlen. <\/p>\n\n\n\n<figure class=\"wp-block-image size-large\"><img data-recalc-dims=\"1\" loading=\"lazy\" decoding=\"async\" width=\"768\" height=\"1024\" src=\"https:\/\/i0.wp.com\/pfadfinder-kuppenheim.de\/wp-content\/uploads\/2023\/01\/img_6201.jpg?resize=768%2C1024&#038;ssl=1\" alt=\"\" class=\"wp-image-10497\" srcset=\"https:\/\/i0.wp.com\/pfadfinder-kuppenheim.de\/wp-content\/uploads\/2023\/01\/img_6201-scaled.jpg?resize=768%2C1024&amp;ssl=1 768w, https:\/\/i0.wp.com\/pfadfinder-kuppenheim.de\/wp-content\/uploads\/2023\/01\/img_6201-scaled.jpg?resize=225%2C300&amp;ssl=1 225w, https:\/\/i0.wp.com\/pfadfinder-kuppenheim.de\/wp-content\/uploads\/2023\/01\/img_6201-scaled.jpg?resize=1152%2C1536&amp;ssl=1 1152w, https:\/\/i0.wp.com\/pfadfinder-kuppenheim.de\/wp-content\/uploads\/2023\/01\/img_6201-scaled.jpg?resize=1536%2C2048&amp;ssl=1 1536w, https:\/\/i0.wp.com\/pfadfinder-kuppenheim.de\/wp-content\/uploads\/2023\/01\/img_6201-scaled.jpg?w=1920&amp;ssl=1 1920w\" sizes=\"auto, (max-width: 768px) 100vw, 768px\" \/><\/figure>\n\n\n\n<figure class=\"wp-block-image size-large\"><img data-recalc-dims=\"1\" loading=\"lazy\" decoding=\"async\" width=\"768\" height=\"1024\" src=\"https:\/\/i0.wp.com\/pfadfinder-kuppenheim.de\/wp-content\/uploads\/2023\/01\/img_6196.jpg?resize=768%2C1024&#038;ssl=1\" alt=\"\" class=\"wp-image-10499\" srcset=\"https:\/\/i0.wp.com\/pfadfinder-kuppenheim.de\/wp-content\/uploads\/2023\/01\/img_6196-scaled.jpg?resize=768%2C1024&amp;ssl=1 768w, https:\/\/i0.wp.com\/pfadfinder-kuppenheim.de\/wp-content\/uploads\/2023\/01\/img_6196-scaled.jpg?resize=225%2C300&amp;ssl=1 225w, https:\/\/i0.wp.com\/pfadfinder-kuppenheim.de\/wp-content\/uploads\/2023\/01\/img_6196-scaled.jpg?resize=1152%2C1536&amp;ssl=1 1152w, https:\/\/i0.wp.com\/pfadfinder-kuppenheim.de\/wp-content\/uploads\/2023\/01\/img_6196-scaled.jpg?resize=1536%2C2048&amp;ssl=1 1536w, https:\/\/i0.wp.com\/pfadfinder-kuppenheim.de\/wp-content\/uploads\/2023\/01\/img_6196-scaled.jpg?w=1920&amp;ssl=1 1920w\" sizes=\"auto, (max-width: 768px) 100vw, 768px\" \/><\/figure>\n\n\n\n<figure class=\"wp-block-image size-large\"><img data-recalc-dims=\"1\" loading=\"lazy\" decoding=\"async\" width=\"768\" height=\"1024\" src=\"https:\/\/i0.wp.com\/pfadfinder-kuppenheim.de\/wp-content\/uploads\/2023\/01\/img_6282.jpg?resize=768%2C1024&#038;ssl=1\" alt=\"\" class=\"wp-image-10498\" srcset=\"https:\/\/i0.wp.com\/pfadfinder-kuppenheim.de\/wp-content\/uploads\/2023\/01\/img_6282-scaled.jpg?resize=768%2C1024&amp;ssl=1 768w, https:\/\/i0.wp.com\/pfadfinder-kuppenheim.de\/wp-content\/uploads\/2023\/01\/img_6282-scaled.jpg?resize=225%2C300&amp;ssl=1 225w, https:\/\/i0.wp.com\/pfadfinder-kuppenheim.de\/wp-content\/uploads\/2023\/01\/img_6282-scaled.jpg?resize=1152%2C1536&amp;ssl=1 1152w, https:\/\/i0.wp.com\/pfadfinder-kuppenheim.de\/wp-content\/uploads\/2023\/01\/img_6282-scaled.jpg?resize=1536%2C2048&amp;ssl=1 1536w, https:\/\/i0.wp.com\/pfadfinder-kuppenheim.de\/wp-content\/uploads\/2023\/01\/img_6282-scaled.jpg?w=1920&amp;ssl=1 1920w\" sizes=\"auto, (max-width: 768px) 100vw, 768px\" \/><\/figure>\n\n\n\n<p>Nach einem ereingnisvollen und p\u00e4dagogisch Wertvollen Tag f\u00fcr unsere Kinder gab es zum Abendessen Chilli Sin Carne, was den K\u00f6rper von innen nochmal so richtig sch\u00f6n warm gemacht hat und uns gut f\u00fcr das Nachtgel\u00e4ndespiel und die anschlie\u00dfende Abendrunde vorbereitet hat. <\/p>\n\n\n\n<p>Nach der Abendrunde war nun auch schon der 2.Tag schon wieder dem Ende geneigt, wobei jeder froh war in den Schlafsack schl\u00fcpfen zu k\u00f6nnen.<\/p>\n\n\n\n<p>Wetterbericht: Samstag Tags\u00fcber -5 Grad <\/p>\n\n\n\n<p>                            Samstag Nacht -11 Grad<\/p>\n","protected":false},"excerpt":{"rendered":"<p>Nach einer sehr kalten Nacht ging es am 2. Tag schon um 7:30 aus den warmen Schlafs\u00e4cken raus in den Schnee. Der Tag begann mit einer Morgenrunde \u00fcber das Thema Bed\u00fcrfnisse, und ging direkt weiter mit einem leckeren, vielseitigen Fr\u00fchst\u00fcck. Nach dem Fr\u00fchst\u00fcck wurden all unsere Pfadis mit anderen St\u00e4mmen in Gruppen eingeteilt, um den&hellip;&nbsp;<a href=\"https:\/\/pfadfinder-kuppenheim.de\/?p=10502\" class=\"\" rel=\"bookmark\">Weiterlesen &raquo;<span class=\"screen-reader-text\">Track for Kidz &#8211; Tag 2<\/span><\/a><\/p>\n","protected":false},"author":23,"featured_media":10496,"comment_status":"open","ping_status":"closed","sticky":false,"template":"","format":"standard","meta":{"neve_meta_sidebar":"","neve_meta_container":"","neve_meta_enable_content_width":"","neve_meta_content_width":0,"neve_meta_title_alignment":"","neve_meta_author_avatar":"","neve_post_elements_order":"","neve_meta_disable_header":"","neve_meta_disable_footer":"","neve_meta_disable_title":"","jetpack_post_was_ever_published":false,"_jetpack_newsletter_access":"","_jetpack_dont_email_post_to_subs":false,"_jetpack_newsletter_tier_id":0,"_jetpack_memberships_contains_paywalled_content":false,"_jetpack_memberships_contains_paid_content":false,"footnotes":"","jetpack_publicize_message":"","jetpack_publicize_feature_enabled":true,"jetpack_social_post_already_shared":true,"jetpack_social_options":{"image_generator_settings":{"template":"highway","default_image_id":0,"font":"","enabled":false},"version":2}},"categories":[6],"tags":[132,58,137,135,136],"class_list":["post-10502","post","type-post","status-publish","format-standard","has-post-thumbnail","hentry","category-pfadis","tag-pfadfinder","tag-pfadis","tag-schnee","tag-tfk","tag-zelten"],"jetpack_publicize_connections":[],"jetpack_featured_media_url":"https:\/\/i0.wp.com\/pfadfinder-kuppenheim.de\/wp-content\/uploads\/2023\/01\/img_6216-scaled.jpg?fit=2560%2C1920&ssl=1","jetpack_sharing_enabled":true,"jetpack_shortlink":"https:\/\/wp.me\/p3G0PZ-2Jo","_links":{"self":[{"href":"https:\/\/pfadfinder-kuppenheim.de\/index.php?rest_route=\/wp\/v2\/posts\/10502","targetHints":{"allow":["GET"]}}],"collection":[{"href":"https:\/\/pfadfinder-kuppenheim.de\/index.php?rest_route=\/wp\/v2\/posts"}],"about":[{"href":"https:\/\/pfadfinder-kuppenheim.de\/index.php?rest_route=\/wp\/v2\/types\/post"}],"author":[{"embeddable":true,"href":"https:\/\/pfadfinder-kuppenheim.de\/index.php?rest_route=\/wp\/v2\/users\/23"}],"replies":[{"embeddable":true,"href":"https:\/\/pfadfinder-kuppenheim.de\/index.php?rest_route=%2Fwp%2Fv2%2Fcomments&post=10502"}],"version-history":[{"count":2,"href":"https:\/\/pfadfinder-kuppenheim.de\/index.php?rest_route=\/wp\/v2\/posts\/10502\/revisions"}],"predecessor-version":[{"id":10504,"href":"https:\/\/pfadfinder-kuppenheim.de\/index.php?rest_route=\/wp\/v2\/posts\/10502\/revisions\/10504"}],"wp:featuredmedia":[{"embeddable":true,"href":"https:\/\/pfadfinder-kuppenheim.de\/index.php?rest_route=\/wp\/v2\/media\/10496"}],"wp:attachment":[{"href":"https:\/\/pfadfinder-kuppenheim.de\/index.php?rest_route=%2Fwp%2Fv2%2Fmedia&parent=10502"}],"wp:term":[{"taxonomy":"category","embeddable":true,"href":"https:\/\/pfadfinder-kuppenheim.de\/index.php?rest_route=%2Fwp%2Fv2%2Fcategories&post=10502"},{"taxonomy":"post_tag","embeddable":true,"href":"https:\/\/pfadfinder-kuppenheim.de\/index.php?rest_route=%2Fwp%2Fv2%2Ftags&post=10502"}],"curies":[{"name":"wp","href":"https:\/\/api.w.org\/{rel}","templated":true}]}}