{"id":10431,"date":"2023-01-24T07:42:16","date_gmt":"2023-01-24T06:42:16","guid":{"rendered":"https:\/\/pfadfinder-kuppenheim.de\/?p=10431"},"modified":"2023-01-24T19:15:40","modified_gmt":"2023-01-24T18:15:40","slug":"pfadfinder-sind-schon-70-jahre-alt","status":"publish","type":"post","link":"https:\/\/pfadfinder-kuppenheim.de\/?p=10431","title":{"rendered":"Pfadfinder sind schon 70 Jahre alt!"},"content":{"rendered":"\n<p>Anl\u00e4sslich des Namenstages des Heiligen St. Sebastians durften wir auch wir Pfadfinder&nbsp;das Patrozinium unseres Schutzpatrons feiern. Nach dem Festgottesdienst, der von Pfarrer&nbsp;Stoffers, Pfarrer Sauer und Diakon&nbsp;K\u00fcnning&nbsp;geleitet wurde, ging es ins St.&nbsp;Sebatianhaus.&nbsp;<\/p>\n\n\n\n<p><br>Zu Beginn sangen uns die Jungpfadfinder ein typisches&nbsp;Pfadfinderlied&nbsp;&#8222;Flinke H\u00e4nde, Flinke F\u00fc\u00dfe&#8220; vor. Nach einer Begr\u00fc\u00dfung durch das Gemeindeteam und durch unseren&nbsp;Pfadfindervorstand&nbsp;sahen wir einen Beitrag der Jungpfadfinder, passend zum 70-j\u00e4hrigen Jubil\u00e4um unseres Pfadfinderstammes. Dabei wurden in kurzen Sketchen Klischees \u00fcber Pfadfinder lustig dargestellt. Au\u00dferdem zeigten wir eine Diashow mit Meilensteinen unserer 70-j\u00e4hrigen Stammesgeschichte. Zum Schluss wurde noch unser&nbsp;Kurat,&nbsp;Pfarrer Sauer, geehrt f\u00fcr seine T\u00e4tigkeit im Stamm mit einer Kluft und dem&nbsp;Kuraten-Kreuz. Abgerundet wurde die Veranstaltung mit einer Tanzeinlage der&nbsp;Jupfis&nbsp;unter dem Titel &#8222;Bubble&nbsp;it&#8220;.<\/p>\n\n\n\n<p>Ein gro\u00dfes Dankesch\u00f6n geht an das Gemeindeteam und die Pfarrgemeinde f\u00fcr das Geschenk sowie an die zahlreichen Besucher.&nbsp;<\/p>\n\n\n\n<figure class=\"wp-block-embed is-type-video is-provider-youtube wp-block-embed-youtube wp-embed-aspect-16-9 wp-has-aspect-ratio\"><div class=\"wp-block-embed__wrapper\">\n<div class=\"nv-iframe-embed\"><span class=\"embed-youtube\" style=\"text-align:center; display: block;\"><iframe loading=\"lazy\" class=\"youtube-player\" width=\"1200\" height=\"675\" src=\"https:\/\/www.youtube.com\/embed\/zOcIXoxO2vA?version=3&#038;rel=1&#038;showsearch=0&#038;showinfo=1&#038;iv_load_policy=1&#038;fs=1&#038;hl=de-DE&#038;autohide=2&#038;wmode=transparent\" allowfullscreen=\"true\" style=\"border:0;\" sandbox=\"allow-scripts allow-same-origin allow-popups allow-presentation allow-popups-to-escape-sandbox\"><\/iframe><\/span><\/div>\n<\/div><\/figure>\n\n\n\n<hr class=\"wp-block-separator has-alpha-channel-opacity is-style-wide\"\/>\n\n\n\n<figure class=\"wp-block-gallery has-nested-images columns-default is-cropped wp-block-gallery-1 is-layout-flex wp-block-gallery-is-layout-flex\">\n<figure class=\"wp-block-image size-large\"><img data-recalc-dims=\"1\" loading=\"lazy\" decoding=\"async\" width=\"1024\" height=\"576\" data-id=\"10434\" src=\"https:\/\/i0.wp.com\/pfadfinder-kuppenheim.de\/wp-content\/uploads\/2023\/01\/20230122_123831.jpg?resize=1024%2C576&#038;ssl=1\" alt=\"\" class=\"wp-image-10434\" srcset=\"https:\/\/i0.wp.com\/pfadfinder-kuppenheim.de\/wp-content\/uploads\/2023\/01\/20230122_123831-scaled.jpg?resize=1024%2C576&amp;ssl=1 1024w, https:\/\/i0.wp.com\/pfadfinder-kuppenheim.de\/wp-content\/uploads\/2023\/01\/20230122_123831-scaled.jpg?resize=300%2C169&amp;ssl=1 300w, https:\/\/i0.wp.com\/pfadfinder-kuppenheim.de\/wp-content\/uploads\/2023\/01\/20230122_123831-scaled.jpg?resize=768%2C432&amp;ssl=1 768w, https:\/\/i0.wp.com\/pfadfinder-kuppenheim.de\/wp-content\/uploads\/2023\/01\/20230122_123831-scaled.jpg?resize=1536%2C864&amp;ssl=1 1536w, https:\/\/i0.wp.com\/pfadfinder-kuppenheim.de\/wp-content\/uploads\/2023\/01\/20230122_123831-scaled.jpg?resize=2048%2C1152&amp;ssl=1 2048w, https:\/\/i0.wp.com\/pfadfinder-kuppenheim.de\/wp-content\/uploads\/2023\/01\/20230122_123831-scaled.jpg?w=2400&amp;ssl=1 2400w\" sizes=\"auto, (max-width: 1024px) 100vw, 1024px\" \/><\/figure>\n\n\n\n<figure class=\"wp-block-image size-large\"><img data-recalc-dims=\"1\" loading=\"lazy\" decoding=\"async\" width=\"1024\" height=\"576\" data-id=\"10433\" src=\"https:\/\/i0.wp.com\/pfadfinder-kuppenheim.de\/wp-content\/uploads\/2023\/01\/20230122_123511.jpg?resize=1024%2C576&#038;ssl=1\" alt=\"\" class=\"wp-image-10433\" srcset=\"https:\/\/i0.wp.com\/pfadfinder-kuppenheim.de\/wp-content\/uploads\/2023\/01\/20230122_123511-scaled.jpg?resize=1024%2C576&amp;ssl=1 1024w, https:\/\/i0.wp.com\/pfadfinder-kuppenheim.de\/wp-content\/uploads\/2023\/01\/20230122_123511-scaled.jpg?resize=300%2C169&amp;ssl=1 300w, https:\/\/i0.wp.com\/pfadfinder-kuppenheim.de\/wp-content\/uploads\/2023\/01\/20230122_123511-scaled.jpg?resize=768%2C432&amp;ssl=1 768w, https:\/\/i0.wp.com\/pfadfinder-kuppenheim.de\/wp-content\/uploads\/2023\/01\/20230122_123511-scaled.jpg?resize=1536%2C864&amp;ssl=1 1536w, https:\/\/i0.wp.com\/pfadfinder-kuppenheim.de\/wp-content\/uploads\/2023\/01\/20230122_123511-scaled.jpg?resize=2048%2C1152&amp;ssl=1 2048w, https:\/\/i0.wp.com\/pfadfinder-kuppenheim.de\/wp-content\/uploads\/2023\/01\/20230122_123511-scaled.jpg?w=2400&amp;ssl=1 2400w\" sizes=\"auto, (max-width: 1024px) 100vw, 1024px\" \/><\/figure>\n\n\n\n<figure class=\"wp-block-image size-large\"><img data-recalc-dims=\"1\" loading=\"lazy\" decoding=\"async\" width=\"1024\" height=\"576\" data-id=\"10435\" src=\"https:\/\/i0.wp.com\/pfadfinder-kuppenheim.de\/wp-content\/uploads\/2023\/01\/20230122_121258.jpg?resize=1024%2C576&#038;ssl=1\" alt=\"\" class=\"wp-image-10435\" srcset=\"https:\/\/i0.wp.com\/pfadfinder-kuppenheim.de\/wp-content\/uploads\/2023\/01\/20230122_121258-scaled.jpg?resize=1024%2C576&amp;ssl=1 1024w, https:\/\/i0.wp.com\/pfadfinder-kuppenheim.de\/wp-content\/uploads\/2023\/01\/20230122_121258-scaled.jpg?resize=300%2C169&amp;ssl=1 300w, https:\/\/i0.wp.com\/pfadfinder-kuppenheim.de\/wp-content\/uploads\/2023\/01\/20230122_121258-scaled.jpg?resize=768%2C432&amp;ssl=1 768w, https:\/\/i0.wp.com\/pfadfinder-kuppenheim.de\/wp-content\/uploads\/2023\/01\/20230122_121258-scaled.jpg?resize=1536%2C864&amp;ssl=1 1536w, https:\/\/i0.wp.com\/pfadfinder-kuppenheim.de\/wp-content\/uploads\/2023\/01\/20230122_121258-scaled.jpg?resize=2048%2C1152&amp;ssl=1 2048w, https:\/\/i0.wp.com\/pfadfinder-kuppenheim.de\/wp-content\/uploads\/2023\/01\/20230122_121258-scaled.jpg?w=2400&amp;ssl=1 2400w\" sizes=\"auto, (max-width: 1024px) 100vw, 1024px\" \/><\/figure>\n\n\n\n<figure class=\"wp-block-image size-large\"><img data-recalc-dims=\"1\" loading=\"lazy\" decoding=\"async\" width=\"576\" height=\"1024\" data-id=\"10437\" src=\"https:\/\/i0.wp.com\/pfadfinder-kuppenheim.de\/wp-content\/uploads\/2023\/01\/20230122_121225.jpg?resize=576%2C1024&#038;ssl=1\" alt=\"\" class=\"wp-image-10437\" srcset=\"https:\/\/i0.wp.com\/pfadfinder-kuppenheim.de\/wp-content\/uploads\/2023\/01\/20230122_121225-scaled.jpg?resize=576%2C1024&amp;ssl=1 576w, https:\/\/i0.wp.com\/pfadfinder-kuppenheim.de\/wp-content\/uploads\/2023\/01\/20230122_121225-scaled.jpg?resize=169%2C300&amp;ssl=1 169w, https:\/\/i0.wp.com\/pfadfinder-kuppenheim.de\/wp-content\/uploads\/2023\/01\/20230122_121225-scaled.jpg?resize=768%2C1365&amp;ssl=1 768w, https:\/\/i0.wp.com\/pfadfinder-kuppenheim.de\/wp-content\/uploads\/2023\/01\/20230122_121225-scaled.jpg?resize=864%2C1536&amp;ssl=1 864w, https:\/\/i0.wp.com\/pfadfinder-kuppenheim.de\/wp-content\/uploads\/2023\/01\/20230122_121225-scaled.jpg?resize=1152%2C2048&amp;ssl=1 1152w, https:\/\/i0.wp.com\/pfadfinder-kuppenheim.de\/wp-content\/uploads\/2023\/01\/20230122_121225-scaled.jpg?w=1440&amp;ssl=1 1440w\" sizes=\"auto, (max-width: 576px) 100vw, 576px\" \/><\/figure>\n\n\n\n<figure class=\"wp-block-image size-large\"><img data-recalc-dims=\"1\" loading=\"lazy\" decoding=\"async\" width=\"1024\" height=\"576\" data-id=\"10436\" src=\"https:\/\/i0.wp.com\/pfadfinder-kuppenheim.de\/wp-content\/uploads\/2023\/01\/20230122_121005.jpg?resize=1024%2C576&#038;ssl=1\" alt=\"\" class=\"wp-image-10436\" srcset=\"https:\/\/i0.wp.com\/pfadfinder-kuppenheim.de\/wp-content\/uploads\/2023\/01\/20230122_121005-scaled.jpg?resize=1024%2C576&amp;ssl=1 1024w, https:\/\/i0.wp.com\/pfadfinder-kuppenheim.de\/wp-content\/uploads\/2023\/01\/20230122_121005-scaled.jpg?resize=300%2C169&amp;ssl=1 300w, https:\/\/i0.wp.com\/pfadfinder-kuppenheim.de\/wp-content\/uploads\/2023\/01\/20230122_121005-scaled.jpg?resize=768%2C432&amp;ssl=1 768w, https:\/\/i0.wp.com\/pfadfinder-kuppenheim.de\/wp-content\/uploads\/2023\/01\/20230122_121005-scaled.jpg?resize=1536%2C864&amp;ssl=1 1536w, https:\/\/i0.wp.com\/pfadfinder-kuppenheim.de\/wp-content\/uploads\/2023\/01\/20230122_121005-scaled.jpg?resize=2048%2C1152&amp;ssl=1 2048w, https:\/\/i0.wp.com\/pfadfinder-kuppenheim.de\/wp-content\/uploads\/2023\/01\/20230122_121005-scaled.jpg?w=2400&amp;ssl=1 2400w\" sizes=\"auto, (max-width: 1024px) 100vw, 1024px\" \/><\/figure>\n<\/figure>\n","protected":false},"excerpt":{"rendered":"<p>Anl\u00e4sslich des Namenstages des Heiligen St. Sebastians durften wir auch wir Pfadfinder&nbsp;das Patrozinium unseres Schutzpatrons feiern. Nach dem Festgottesdienst, der von Pfarrer&nbsp;Stoffers, Pfarrer Sauer und Diakon&nbsp;K\u00fcnning&nbsp;geleitet wurde, ging es ins St.&nbsp;Sebatianhaus.&nbsp; Zu Beginn sangen uns die Jungpfadfinder ein typisches&nbsp;Pfadfinderlied&nbsp;&#8222;Flinke H\u00e4nde, Flinke F\u00fc\u00dfe&#8220; vor. Nach einer Begr\u00fc\u00dfung durch das Gemeindeteam und durch unseren&nbsp;Pfadfindervorstand&nbsp;sahen wir einen Beitrag&hellip;&nbsp;<a href=\"https:\/\/pfadfinder-kuppenheim.de\/?p=10431\" class=\"\" rel=\"bookmark\">Weiterlesen &raquo;<span class=\"screen-reader-text\">Pfadfinder sind schon 70 Jahre alt!<\/span><\/a><\/p>\n","protected":false},"author":13,"featured_media":10432,"comment_status":"open","ping_status":"closed","sticky":false,"template":"","format":"standard","meta":{"neve_meta_sidebar":"","neve_meta_container":"","neve_meta_enable_content_width":"","neve_meta_content_width":0,"neve_meta_title_alignment":"","neve_meta_author_avatar":"","neve_post_elements_order":"","neve_meta_disable_header":"","neve_meta_disable_footer":"","neve_meta_disable_title":"","jetpack_post_was_ever_published":false,"_jetpack_newsletter_access":"","_jetpack_dont_email_post_to_subs":false,"_jetpack_newsletter_tier_id":0,"_jetpack_memberships_contains_paywalled_content":false,"_jetpack_memberships_contains_paid_content":false,"footnotes":"","jetpack_publicize_message":"","jetpack_publicize_feature_enabled":true,"jetpack_social_post_already_shared":true,"jetpack_social_options":{"image_generator_settings":{"template":"highway","default_image_id":0,"font":"","enabled":false},"version":2}},"categories":[42,8],"tags":[128,130,129,59],"class_list":["post-10431","post","type-post","status-publish","format-standard","has-post-thumbnail","hentry","category-berichte","category-leiterrunde","tag-70jahre","tag-kirche","tag-patrozinium","tag-stamm"],"jetpack_publicize_connections":[],"jetpack_featured_media_url":"https:\/\/i0.wp.com\/pfadfinder-kuppenheim.de\/wp-content\/uploads\/2023\/01\/patro.jpg?fit=1053%2C707&ssl=1","jetpack_sharing_enabled":true,"jetpack_shortlink":"https:\/\/wp.me\/p3G0PZ-2If","_links":{"self":[{"href":"https:\/\/pfadfinder-kuppenheim.de\/index.php?rest_route=\/wp\/v2\/posts\/10431","targetHints":{"allow":["GET"]}}],"collection":[{"href":"https:\/\/pfadfinder-kuppenheim.de\/index.php?rest_route=\/wp\/v2\/posts"}],"about":[{"href":"https:\/\/pfadfinder-kuppenheim.de\/index.php?rest_route=\/wp\/v2\/types\/post"}],"author":[{"embeddable":true,"href":"https:\/\/pfadfinder-kuppenheim.de\/index.php?rest_route=\/wp\/v2\/users\/13"}],"replies":[{"embeddable":true,"href":"https:\/\/pfadfinder-kuppenheim.de\/index.php?rest_route=%2Fwp%2Fv2%2Fcomments&post=10431"}],"version-history":[{"count":3,"href":"https:\/\/pfadfinder-kuppenheim.de\/index.php?rest_route=\/wp\/v2\/posts\/10431\/revisions"}],"predecessor-version":[{"id":10472,"href":"https:\/\/pfadfinder-kuppenheim.de\/index.php?rest_route=\/wp\/v2\/posts\/10431\/revisions\/10472"}],"wp:featuredmedia":[{"embeddable":true,"href":"https:\/\/pfadfinder-kuppenheim.de\/index.php?rest_route=\/wp\/v2\/media\/10432"}],"wp:attachment":[{"href":"https:\/\/pfadfinder-kuppenheim.de\/index.php?rest_route=%2Fwp%2Fv2%2Fmedia&parent=10431"}],"wp:term":[{"taxonomy":"category","embeddable":true,"href":"https:\/\/pfadfinder-kuppenheim.de\/index.php?rest_route=%2Fwp%2Fv2%2Fcategories&post=10431"},{"taxonomy":"post_tag","embeddable":true,"href":"https:\/\/pfadfinder-kuppenheim.de\/index.php?rest_route=%2Fwp%2Fv2%2Ftags&post=10431"}],"curies":[{"name":"wp","href":"https:\/\/api.w.org\/{rel}","templated":true}]}}