{"id":10388,"date":"2023-01-19T22:49:11","date_gmt":"2023-01-19T21:49:11","guid":{"rendered":"https:\/\/pfadfinder-kuppenheim.de\/?p=10388"},"modified":"2023-01-20T11:21:57","modified_gmt":"2023-01-20T10:21:57","slug":"pfadis-schuetzen-kuppenheimer-kroeten","status":"publish","type":"post","link":"https:\/\/pfadfinder-kuppenheim.de\/?p=10388","title":{"rendered":"Pfadis sch\u00fctzen Kuppenheimer Kr\u00f6ten"},"content":{"rendered":"\n<p>Normalerweise sind wir jedes Jahr beim Auf- und Abbau des Kr\u00f6tenzauns des NABUs zwischen Kuppenheim und Haueneberstein dabei und \u00fcbernehmen Schichten beim Transport der Kr\u00f6ten \u00fcber die Stra\u00dfe. Da dieses Jahr der Zaun aufgrund der Stra\u00dfensperrung nicht notwendig ist, haben wir uns anderweitig f\u00fcr unsere liebsten Amphibien eingesetzt und haben uns am Samstag, den 14.01. um 10 Uhr getroffen, um mehrere Gumpen im Kuppenheimer Wald von Laub und Schlamm zu befreien. <\/p>\n\n\n\n<figure class=\"wp-block-gallery has-nested-images columns-default is-cropped wp-block-gallery-1 is-layout-flex wp-block-gallery-is-layout-flex\">\n<figure class=\"wp-block-image\"><img data-recalc-dims=\"1\" height=\"1024\" width=\"768\" decoding=\"async\" src=\"https:\/\/i0.wp.com\/pfadfinder-kuppenheim.de\/wp-content\/uploads\/2023\/01\/IMG_0440.jpeg?resize=768%2C1024&#038;ssl=1\" alt=\"Dieses Bild hat ein leeres Alt-Attribut. Der Dateiname ist IMG_0440-768x1024.jpeg\"\/><\/figure>\n\n\n\n<figure class=\"wp-block-image size-large\"><img data-recalc-dims=\"1\" loading=\"lazy\" decoding=\"async\" width=\"1024\" height=\"768\" data-id=\"10404\" src=\"https:\/\/i0.wp.com\/pfadfinder-kuppenheim.de\/wp-content\/uploads\/2023\/01\/IMG_0432.jpeg?resize=1024%2C768&#038;ssl=1\" alt=\"\" class=\"wp-image-10404\" srcset=\"https:\/\/i0.wp.com\/pfadfinder-kuppenheim.de\/wp-content\/uploads\/2023\/01\/IMG_0432.jpeg?resize=1024%2C768&amp;ssl=1 1024w, https:\/\/i0.wp.com\/pfadfinder-kuppenheim.de\/wp-content\/uploads\/2023\/01\/IMG_0432.jpeg?resize=300%2C225&amp;ssl=1 300w, https:\/\/i0.wp.com\/pfadfinder-kuppenheim.de\/wp-content\/uploads\/2023\/01\/IMG_0432.jpeg?resize=768%2C576&amp;ssl=1 768w, https:\/\/i0.wp.com\/pfadfinder-kuppenheim.de\/wp-content\/uploads\/2023\/01\/IMG_0432.jpeg?resize=1536%2C1152&amp;ssl=1 1536w, https:\/\/i0.wp.com\/pfadfinder-kuppenheim.de\/wp-content\/uploads\/2023\/01\/IMG_0432.jpeg?w=2048&amp;ssl=1 2048w\" sizes=\"auto, (max-width: 1024px) 100vw, 1024px\" \/><\/figure>\n\n\n\n<figure class=\"wp-block-image size-large\"><img data-recalc-dims=\"1\" loading=\"lazy\" decoding=\"async\" width=\"768\" height=\"1024\" data-id=\"10403\" src=\"https:\/\/i0.wp.com\/pfadfinder-kuppenheim.de\/wp-content\/uploads\/2023\/01\/IMG_0437.jpeg?resize=768%2C1024&#038;ssl=1\" alt=\"\" class=\"wp-image-10403\" srcset=\"https:\/\/i0.wp.com\/pfadfinder-kuppenheim.de\/wp-content\/uploads\/2023\/01\/IMG_0437.jpeg?resize=768%2C1024&amp;ssl=1 768w, https:\/\/i0.wp.com\/pfadfinder-kuppenheim.de\/wp-content\/uploads\/2023\/01\/IMG_0437.jpeg?resize=225%2C300&amp;ssl=1 225w, https:\/\/i0.wp.com\/pfadfinder-kuppenheim.de\/wp-content\/uploads\/2023\/01\/IMG_0437.jpeg?resize=1152%2C1536&amp;ssl=1 1152w, https:\/\/i0.wp.com\/pfadfinder-kuppenheim.de\/wp-content\/uploads\/2023\/01\/IMG_0437.jpeg?w=1536&amp;ssl=1 1536w\" sizes=\"auto, (max-width: 768px) 100vw, 768px\" \/><\/figure>\n\n\n\n<figure class=\"wp-block-image size-large\"><img data-recalc-dims=\"1\" loading=\"lazy\" decoding=\"async\" width=\"1024\" height=\"768\" data-id=\"10389\" src=\"https:\/\/i0.wp.com\/pfadfinder-kuppenheim.de\/wp-content\/uploads\/2023\/01\/38813ce5-759b-4bc7-bb78-284678db88d3.jpg?resize=1024%2C768&#038;ssl=1\" alt=\"\" class=\"wp-image-10389\" srcset=\"https:\/\/i0.wp.com\/pfadfinder-kuppenheim.de\/wp-content\/uploads\/2023\/01\/38813ce5-759b-4bc7-bb78-284678db88d3.jpg?resize=1024%2C768&amp;ssl=1 1024w, https:\/\/i0.wp.com\/pfadfinder-kuppenheim.de\/wp-content\/uploads\/2023\/01\/38813ce5-759b-4bc7-bb78-284678db88d3.jpg?resize=300%2C225&amp;ssl=1 300w, https:\/\/i0.wp.com\/pfadfinder-kuppenheim.de\/wp-content\/uploads\/2023\/01\/38813ce5-759b-4bc7-bb78-284678db88d3.jpg?resize=768%2C576&amp;ssl=1 768w, https:\/\/i0.wp.com\/pfadfinder-kuppenheim.de\/wp-content\/uploads\/2023\/01\/38813ce5-759b-4bc7-bb78-284678db88d3.jpg?resize=1536%2C1152&amp;ssl=1 1536w, https:\/\/i0.wp.com\/pfadfinder-kuppenheim.de\/wp-content\/uploads\/2023\/01\/38813ce5-759b-4bc7-bb78-284678db88d3.jpg?w=1600&amp;ssl=1 1600w\" sizes=\"auto, (max-width: 1024px) 100vw, 1024px\" \/><\/figure>\n<\/figure>\n\n\n\n<figure class=\"wp-block-gallery has-nested-images columns-default is-cropped wp-block-gallery-2 is-layout-flex wp-block-gallery-is-layout-flex\">\n<figure class=\"wp-block-image size-large\"><img data-recalc-dims=\"1\" loading=\"lazy\" decoding=\"async\" width=\"940\" height=\"292\" data-id=\"10391\" src=\"https:\/\/i0.wp.com\/pfadfinder-kuppenheim.de\/wp-content\/uploads\/2023\/01\/Bildschirmfoto-2023-01-19-um-22.43.20.jpg?resize=940%2C292&#038;ssl=1\" alt=\"\" class=\"wp-image-10391\" srcset=\"https:\/\/i0.wp.com\/pfadfinder-kuppenheim.de\/wp-content\/uploads\/2023\/01\/Bildschirmfoto-2023-01-19-um-22.43.20.jpg?w=940&amp;ssl=1 940w, https:\/\/i0.wp.com\/pfadfinder-kuppenheim.de\/wp-content\/uploads\/2023\/01\/Bildschirmfoto-2023-01-19-um-22.43.20.jpg?resize=300%2C93&amp;ssl=1 300w, https:\/\/i0.wp.com\/pfadfinder-kuppenheim.de\/wp-content\/uploads\/2023\/01\/Bildschirmfoto-2023-01-19-um-22.43.20.jpg?resize=768%2C239&amp;ssl=1 768w\" sizes=\"auto, (max-width: 940px) 100vw, 940px\" \/><\/figure>\n\n\n\n<figure class=\"wp-block-image size-large\"><img data-recalc-dims=\"1\" loading=\"lazy\" decoding=\"async\" width=\"1024\" height=\"285\" data-id=\"10392\" src=\"https:\/\/i0.wp.com\/pfadfinder-kuppenheim.de\/wp-content\/uploads\/2023\/01\/Bildschirmfoto-2023-01-19-um-22.43.43-1.jpg?resize=1024%2C285&#038;ssl=1\" alt=\"\" class=\"wp-image-10392\" srcset=\"https:\/\/i0.wp.com\/pfadfinder-kuppenheim.de\/wp-content\/uploads\/2023\/01\/Bildschirmfoto-2023-01-19-um-22.43.43-1.jpg?resize=1024%2C285&amp;ssl=1 1024w, https:\/\/i0.wp.com\/pfadfinder-kuppenheim.de\/wp-content\/uploads\/2023\/01\/Bildschirmfoto-2023-01-19-um-22.43.43-1.jpg?resize=300%2C84&amp;ssl=1 300w, https:\/\/i0.wp.com\/pfadfinder-kuppenheim.de\/wp-content\/uploads\/2023\/01\/Bildschirmfoto-2023-01-19-um-22.43.43-1.jpg?resize=768%2C214&amp;ssl=1 768w, https:\/\/i0.wp.com\/pfadfinder-kuppenheim.de\/wp-content\/uploads\/2023\/01\/Bildschirmfoto-2023-01-19-um-22.43.43-1.jpg?w=1026&amp;ssl=1 1026w\" sizes=\"auto, (max-width: 1024px) 100vw, 1024px\" \/><\/figure>\n<\/figure>\n","protected":false},"excerpt":{"rendered":"<p>Normalerweise sind wir jedes Jahr beim Auf- und Abbau des Kr\u00f6tenzauns des NABUs zwischen Kuppenheim und Haueneberstein dabei und \u00fcbernehmen Schichten beim Transport der Kr\u00f6ten \u00fcber die Stra\u00dfe. Da dieses Jahr der Zaun aufgrund der Stra\u00dfensperrung nicht notwendig ist, haben wir uns anderweitig f\u00fcr unsere liebsten Amphibien eingesetzt und haben uns am Samstag, den 14.01.&hellip;&nbsp;<a href=\"https:\/\/pfadfinder-kuppenheim.de\/?p=10388\" class=\"\" rel=\"bookmark\">Weiterlesen &raquo;<span class=\"screen-reader-text\">Pfadis sch\u00fctzen Kuppenheimer Kr\u00f6ten<\/span><\/a><\/p>\n","protected":false},"author":18,"featured_media":10389,"comment_status":"open","ping_status":"closed","sticky":false,"template":"","format":"standard","meta":{"neve_meta_sidebar":"","neve_meta_container":"","neve_meta_enable_content_width":"","neve_meta_content_width":0,"neve_meta_title_alignment":"","neve_meta_author_avatar":"","neve_post_elements_order":"","neve_meta_disable_header":"","neve_meta_disable_footer":"","neve_meta_disable_title":"","jetpack_post_was_ever_published":false,"_jetpack_newsletter_access":"","_jetpack_dont_email_post_to_subs":false,"_jetpack_newsletter_tier_id":0,"_jetpack_memberships_contains_paywalled_content":false,"_jetpack_memberships_contains_paid_content":false,"footnotes":"","jetpack_publicize_message":"","jetpack_publicize_feature_enabled":true,"jetpack_social_post_already_shared":true,"jetpack_social_options":{"image_generator_settings":{"template":"highway","default_image_id":0,"font":"","enabled":false},"version":2}},"categories":[42,8],"tags":[120,49,121,36,123],"class_list":["post-10388","post","type-post","status-publish","format-standard","has-post-thumbnail","hentry","category-berichte","category-leiterrunde","tag-kroeten","tag-leiter","tag-nabu","tag-rover","tag-wald"],"jetpack_publicize_connections":[],"jetpack_featured_media_url":"https:\/\/i0.wp.com\/pfadfinder-kuppenheim.de\/wp-content\/uploads\/2023\/01\/38813ce5-759b-4bc7-bb78-284678db88d3.jpg?fit=1600%2C1200&ssl=1","jetpack_sharing_enabled":true,"jetpack_shortlink":"https:\/\/wp.me\/p3G0PZ-2Hy","_links":{"self":[{"href":"https:\/\/pfadfinder-kuppenheim.de\/index.php?rest_route=\/wp\/v2\/posts\/10388","targetHints":{"allow":["GET"]}}],"collection":[{"href":"https:\/\/pfadfinder-kuppenheim.de\/index.php?rest_route=\/wp\/v2\/posts"}],"about":[{"href":"https:\/\/pfadfinder-kuppenheim.de\/index.php?rest_route=\/wp\/v2\/types\/post"}],"author":[{"embeddable":true,"href":"https:\/\/pfadfinder-kuppenheim.de\/index.php?rest_route=\/wp\/v2\/users\/18"}],"replies":[{"embeddable":true,"href":"https:\/\/pfadfinder-kuppenheim.de\/index.php?rest_route=%2Fwp%2Fv2%2Fcomments&post=10388"}],"version-history":[{"count":3,"href":"https:\/\/pfadfinder-kuppenheim.de\/index.php?rest_route=\/wp\/v2\/posts\/10388\/revisions"}],"predecessor-version":[{"id":10409,"href":"https:\/\/pfadfinder-kuppenheim.de\/index.php?rest_route=\/wp\/v2\/posts\/10388\/revisions\/10409"}],"wp:featuredmedia":[{"embeddable":true,"href":"https:\/\/pfadfinder-kuppenheim.de\/index.php?rest_route=\/wp\/v2\/media\/10389"}],"wp:attachment":[{"href":"https:\/\/pfadfinder-kuppenheim.de\/index.php?rest_route=%2Fwp%2Fv2%2Fmedia&parent=10388"}],"wp:term":[{"taxonomy":"category","embeddable":true,"href":"https:\/\/pfadfinder-kuppenheim.de\/index.php?rest_route=%2Fwp%2Fv2%2Fcategories&post=10388"},{"taxonomy":"post_tag","embeddable":true,"href":"https:\/\/pfadfinder-kuppenheim.de\/index.php?rest_route=%2Fwp%2Fv2%2Ftags&post=10388"}],"curies":[{"name":"wp","href":"https:\/\/api.w.org\/{rel}","templated":true}]}}