{"id":10333,"date":"2023-01-14T00:48:49","date_gmt":"2023-01-13T23:48:49","guid":{"rendered":"https:\/\/pfadfinder-kuppenheim.de\/?p=10333"},"modified":"2023-01-20T10:17:09","modified_gmt":"2023-01-20T09:17:09","slug":"pfadfinderfamilie-zeichnet-verdiente-mitglieder-aus","status":"publish","type":"post","link":"https:\/\/pfadfinder-kuppenheim.de\/?p=10333","title":{"rendered":"Pfadfinderfamilie zeichnet verdiente Mitglieder aus"},"content":{"rendered":"\n<p>Schon lange standen nicht mehr so viele langj\u00e4hrige Pfadfinder auf einer B\u00fchne. Bei der gro\u00dfen Weihnachtsfeier galt es schlie\u00dflich, einige verpasste Ehrungen nachzuholen. Doch zun\u00e4chst stand der Tag kurz vor Weihnachten ganz im Zeichen des bevorstehenden Festes und der&nbsp;Pfadfinderei.<\/p>\n\n\n\n<p>Vormittags bereiteten sich&nbsp; alle Altersstufen von den&nbsp;W\u00f6lflingen&nbsp;bis zu den&nbsp;Rovern&nbsp;auf den gro\u00dfen Abend vor. Von Station zu Station durch Kuppenheim ging es mit Weihnachtsliedern, mit dem bekannten Werwolf-Spiel, auch ein Lagerfeuer durfte nicht fehlen oder das Spiel Wikingerschach.<\/p>\n\n\n\n<p>Der H\u00f6hepunkt war aber das Treffen der gesamten&nbsp;Pfadfinderfamilie&nbsp;am Abend im St. Sebastianhaus. Endlich, nach zwei Jahren Corona-Pause. Dornr\u00f6schen in vier Akten stand hier auf dem Programm. Dass dabei reichlich gelacht wurde, versteht sich von selbst. Daf\u00fcr sorgten auch die beiden souver\u00e4nen Moderatoren des Abends,&nbsp;Marisa&nbsp;Rei\u00df und&nbsp;Nicolas&nbsp;Mu\u00dfler. Der Erl\u00f6s aus der Weihnachtsfeier soll der&nbsp;Pfadfinderarbeit&nbsp;in der vom Krieg gebeutelten Ukraine zugute kommen, so hatte die Leiterrunde es zuvor beschlossen.<\/p>\n\n\n\n<p>Der Dank der Eltern f\u00fcr die engagierten und ehrenamtlichen&nbsp;Pfadfinderleiter&nbsp;fiel herzlich aus. An den beiden Vereinsvorst\u00e4nden Kerstin und&nbsp;Stambo&nbsp;war es dann, das&nbsp;Enagegement&nbsp;langj\u00e4hriger Pfadfinder zu w\u00fcrdigen. F\u00fcr zehn Jahre ausgezeichnet wurden Max&nbsp;Eberle,&nbsp;Juri&nbsp;Riedinger, Felix&nbsp;Eberle, Jonas K\u00fchn, Ben&nbsp;Frammelsberger,&nbsp; Frauke&nbsp;Herm, Raphael&nbsp;Dieterle&nbsp;und&nbsp;Joelle&nbsp;R\u00f6sner.<\/p>\n\n\n\n<p>Bereits seit 15 Jahren zum Stamm geh\u00f6ren: Marcel&nbsp;Moosmann, Caroline&nbsp;Henschel&nbsp;und Benedikt Schober. Seit 20 Jahren Pfadfinder ist Kevin Kummer. 25 Jahre dazu geh\u00f6ren Annika&nbsp;Fahrner&nbsp;und Sofian Barkaoui. F\u00fcr 30 Jahre ausgezeichnet wurden Christina&nbsp;Z\u00e4pfel, Miriam Weiler und Patrick Huck.<\/p>\n\n\n\n<p>Seit 35 Jahre engagiert ist Wolfgang Wetzel. 40 Jahre dabei sind Bernd&nbsp;Wendelga\u00df&nbsp;und Ursula Schoch. Und bereits seit 45 Jahren und bis heute engagiert sich Thomas Schoch im Stamm.&nbsp;<br><br>Auch bei den Freunden und F\u00f6rderern gab es Ehrungen: F\u00fcr 20 Jahre:&nbsp; Lisa Westermann und Christina W\u00fcst.&nbsp; Anna Weiler ist seit 25 Jahren dabei, Michael &#8222;Schlappe&#8220;&nbsp;Keppner&nbsp;und Gerold Lorenz schon seit 40 Jahren.<\/p>\n\n\n\n<p>Der Pfadfinderstamm w\u00fcnscht allen Mitgliedern, Eltern, Freunden und&nbsp;F\u00f6rderen&nbsp;einen guten Start ins neue Jahr und Gut Pfad.<\/p>\n\n\n\n<div class=\"wp-block-jetpack-tiled-gallery aligncenter is-style-rectangular\"><div class=\"tiled-gallery__gallery\"><div class=\"tiled-gallery__row\"><div class=\"tiled-gallery__col\" style=\"flex-basis:36.26569%\"><figure class=\"tiled-gallery__item\"><img decoding=\"async\" srcset=\"https:\/\/i1.wp.com\/pfadfinder-kuppenheim.de\/wp-content\/uploads\/2023\/01\/096D6A93-D721-411A-84D6-51B49CAA38AB-1024x576.jpg?strip=info&#038;w=600&#038;ssl=1 600w,https:\/\/i1.wp.com\/pfadfinder-kuppenheim.de\/wp-content\/uploads\/2023\/01\/096D6A93-D721-411A-84D6-51B49CAA38AB-1024x576.jpg?strip=info&#038;w=900&#038;ssl=1 900w,https:\/\/i1.wp.com\/pfadfinder-kuppenheim.de\/wp-content\/uploads\/2023\/01\/096D6A93-D721-411A-84D6-51B49CAA38AB-1024x576.jpg?strip=info&#038;w=1200&#038;ssl=1 1200w,https:\/\/i1.wp.com\/pfadfinder-kuppenheim.de\/wp-content\/uploads\/2023\/01\/096D6A93-D721-411A-84D6-51B49CAA38AB-1024x576.jpg?strip=info&#038;w=1500&#038;ssl=1 1500w,https:\/\/i1.wp.com\/pfadfinder-kuppenheim.de\/wp-content\/uploads\/2023\/01\/096D6A93-D721-411A-84D6-51B49CAA38AB-1024x576.jpg?strip=info&#038;w=1800&#038;ssl=1 1800w,https:\/\/i1.wp.com\/pfadfinder-kuppenheim.de\/wp-content\/uploads\/2023\/01\/096D6A93-D721-411A-84D6-51B49CAA38AB-1024x576.jpg?strip=info&#038;w=2000&#038;ssl=1 2000w\" alt=\"\" data-height=\"1440\" data-id=\"10334\" data-link=\"https:\/\/pfadfinder-kuppenheim.de\/?attachment_id=10334\" data-url=\"https:\/\/pfadfinder-kuppenheim.de\/wp-content\/uploads\/2023\/01\/096D6A93-D721-411A-84D6-51B49CAA38AB-1024x576.jpg\" data-width=\"2560\" src=\"https:\/\/i1.wp.com\/pfadfinder-kuppenheim.de\/wp-content\/uploads\/2023\/01\/096D6A93-D721-411A-84D6-51B49CAA38AB-1024x576.jpg?ssl=1\" data-amp-layout=\"responsive\"\/><\/figure><figure class=\"tiled-gallery__item\"><img decoding=\"async\" srcset=\"https:\/\/i1.wp.com\/pfadfinder-kuppenheim.de\/wp-content\/uploads\/2023\/01\/IMG-9498-1024x768.jpg?strip=info&#038;w=600&#038;ssl=1 600w,https:\/\/i1.wp.com\/pfadfinder-kuppenheim.de\/wp-content\/uploads\/2023\/01\/IMG-9498-1024x768.jpg?strip=info&#038;w=900&#038;ssl=1 900w,https:\/\/i1.wp.com\/pfadfinder-kuppenheim.de\/wp-content\/uploads\/2023\/01\/IMG-9498-1024x768.jpg?strip=info&#038;w=1200&#038;ssl=1 1200w,https:\/\/i1.wp.com\/pfadfinder-kuppenheim.de\/wp-content\/uploads\/2023\/01\/IMG-9498-1024x768.jpg?strip=info&#038;w=1500&#038;ssl=1 1500w,https:\/\/i1.wp.com\/pfadfinder-kuppenheim.de\/wp-content\/uploads\/2023\/01\/IMG-9498-1024x768.jpg?strip=info&#038;w=1800&#038;ssl=1 1800w,https:\/\/i1.wp.com\/pfadfinder-kuppenheim.de\/wp-content\/uploads\/2023\/01\/IMG-9498-1024x768.jpg?strip=info&#038;w=2000&#038;ssl=1 2000w\" alt=\"\" data-height=\"1920\" data-id=\"10337\" data-link=\"https:\/\/pfadfinder-kuppenheim.de\/?attachment_id=10337\" data-url=\"https:\/\/pfadfinder-kuppenheim.de\/wp-content\/uploads\/2023\/01\/IMG-9498-1024x768.jpg\" data-width=\"2560\" src=\"https:\/\/i1.wp.com\/pfadfinder-kuppenheim.de\/wp-content\/uploads\/2023\/01\/IMG-9498-1024x768.jpg?ssl=1\" data-amp-layout=\"responsive\"\/><\/figure><\/div><div class=\"tiled-gallery__col\" style=\"flex-basis:63.73431%\"><figure class=\"tiled-gallery__item\"><img decoding=\"async\" srcset=\"https:\/\/i1.wp.com\/pfadfinder-kuppenheim.de\/wp-content\/uploads\/2023\/01\/IMG-9502-1024x768.jpg?strip=info&#038;w=600&#038;ssl=1 600w,https:\/\/i1.wp.com\/pfadfinder-kuppenheim.de\/wp-content\/uploads\/2023\/01\/IMG-9502-1024x768.jpg?strip=info&#038;w=900&#038;ssl=1 900w,https:\/\/i1.wp.com\/pfadfinder-kuppenheim.de\/wp-content\/uploads\/2023\/01\/IMG-9502-1024x768.jpg?strip=info&#038;w=1200&#038;ssl=1 1200w,https:\/\/i1.wp.com\/pfadfinder-kuppenheim.de\/wp-content\/uploads\/2023\/01\/IMG-9502-1024x768.jpg?strip=info&#038;w=1500&#038;ssl=1 1500w,https:\/\/i1.wp.com\/pfadfinder-kuppenheim.de\/wp-content\/uploads\/2023\/01\/IMG-9502-1024x768.jpg?strip=info&#038;w=1800&#038;ssl=1 1800w,https:\/\/i1.wp.com\/pfadfinder-kuppenheim.de\/wp-content\/uploads\/2023\/01\/IMG-9502-1024x768.jpg?strip=info&#038;w=2000&#038;ssl=1 2000w\" alt=\"\" data-height=\"1920\" data-id=\"10339\" data-link=\"https:\/\/pfadfinder-kuppenheim.de\/?attachment_id=10339\" data-url=\"https:\/\/pfadfinder-kuppenheim.de\/wp-content\/uploads\/2023\/01\/IMG-9502-1024x768.jpg\" data-width=\"2560\" src=\"https:\/\/i1.wp.com\/pfadfinder-kuppenheim.de\/wp-content\/uploads\/2023\/01\/IMG-9502-1024x768.jpg?ssl=1\" data-amp-layout=\"responsive\"\/><\/figure><\/div><\/div><div class=\"tiled-gallery__row\"><div class=\"tiled-gallery__col\" style=\"flex-basis:26.64872%\"><figure class=\"tiled-gallery__item\"><img decoding=\"async\" srcset=\"https:\/\/i1.wp.com\/pfadfinder-kuppenheim.de\/wp-content\/uploads\/2023\/01\/IMG-9510-1024x768.jpg?strip=info&#038;w=600&#038;ssl=1 600w,https:\/\/i1.wp.com\/pfadfinder-kuppenheim.de\/wp-content\/uploads\/2023\/01\/IMG-9510-1024x768.jpg?strip=info&#038;w=900&#038;ssl=1 900w,https:\/\/i1.wp.com\/pfadfinder-kuppenheim.de\/wp-content\/uploads\/2023\/01\/IMG-9510-1024x768.jpg?strip=info&#038;w=1200&#038;ssl=1 1200w,https:\/\/i1.wp.com\/pfadfinder-kuppenheim.de\/wp-content\/uploads\/2023\/01\/IMG-9510-1024x768.jpg?strip=info&#038;w=1500&#038;ssl=1 1500w,https:\/\/i1.wp.com\/pfadfinder-kuppenheim.de\/wp-content\/uploads\/2023\/01\/IMG-9510-1024x768.jpg?strip=info&#038;w=1800&#038;ssl=1 1800w,https:\/\/i1.wp.com\/pfadfinder-kuppenheim.de\/wp-content\/uploads\/2023\/01\/IMG-9510-1024x768.jpg?strip=info&#038;w=2000&#038;ssl=1 2000w\" alt=\"\" data-height=\"1920\" data-id=\"10338\" data-link=\"https:\/\/pfadfinder-kuppenheim.de\/?attachment_id=10338\" data-url=\"https:\/\/pfadfinder-kuppenheim.de\/wp-content\/uploads\/2023\/01\/IMG-9510-1024x768.jpg\" data-width=\"2560\" src=\"https:\/\/i1.wp.com\/pfadfinder-kuppenheim.de\/wp-content\/uploads\/2023\/01\/IMG-9510-1024x768.jpg?ssl=1\" data-amp-layout=\"responsive\"\/><\/figure><\/div><div class=\"tiled-gallery__col\" style=\"flex-basis:26.64872%\"><figure class=\"tiled-gallery__item\"><img decoding=\"async\" srcset=\"https:\/\/i2.wp.com\/pfadfinder-kuppenheim.de\/wp-content\/uploads\/2023\/01\/IMG-9524-1024x768.jpg?strip=info&#038;w=600&#038;ssl=1 600w,https:\/\/i2.wp.com\/pfadfinder-kuppenheim.de\/wp-content\/uploads\/2023\/01\/IMG-9524-1024x768.jpg?strip=info&#038;w=900&#038;ssl=1 900w,https:\/\/i2.wp.com\/pfadfinder-kuppenheim.de\/wp-content\/uploads\/2023\/01\/IMG-9524-1024x768.jpg?strip=info&#038;w=1200&#038;ssl=1 1200w,https:\/\/i2.wp.com\/pfadfinder-kuppenheim.de\/wp-content\/uploads\/2023\/01\/IMG-9524-1024x768.jpg?strip=info&#038;w=1500&#038;ssl=1 1500w,https:\/\/i2.wp.com\/pfadfinder-kuppenheim.de\/wp-content\/uploads\/2023\/01\/IMG-9524-1024x768.jpg?strip=info&#038;w=1800&#038;ssl=1 1800w,https:\/\/i2.wp.com\/pfadfinder-kuppenheim.de\/wp-content\/uploads\/2023\/01\/IMG-9524-1024x768.jpg?strip=info&#038;w=2000&#038;ssl=1 2000w\" alt=\"\" data-height=\"1920\" data-id=\"10336\" data-link=\"https:\/\/pfadfinder-kuppenheim.de\/?attachment_id=10336\" data-url=\"https:\/\/pfadfinder-kuppenheim.de\/wp-content\/uploads\/2023\/01\/IMG-9524-1024x768.jpg\" data-width=\"2560\" src=\"https:\/\/i2.wp.com\/pfadfinder-kuppenheim.de\/wp-content\/uploads\/2023\/01\/IMG-9524-1024x768.jpg?ssl=1\" data-amp-layout=\"responsive\"\/><\/figure><\/div><div class=\"tiled-gallery__col\" style=\"flex-basis:46.70256%\"><figure class=\"tiled-gallery__item\"><img decoding=\"async\" srcset=\"https:\/\/i2.wp.com\/pfadfinder-kuppenheim.de\/wp-content\/uploads\/2023\/01\/IMG_9564-1024x437.jpeg?strip=info&#038;w=600&#038;ssl=1 600w,https:\/\/i2.wp.com\/pfadfinder-kuppenheim.de\/wp-content\/uploads\/2023\/01\/IMG_9564-1024x437.jpeg?strip=info&#038;w=900&#038;ssl=1 900w,https:\/\/i2.wp.com\/pfadfinder-kuppenheim.de\/wp-content\/uploads\/2023\/01\/IMG_9564-1024x437.jpeg?strip=info&#038;w=1200&#038;ssl=1 1200w,https:\/\/i2.wp.com\/pfadfinder-kuppenheim.de\/wp-content\/uploads\/2023\/01\/IMG_9564-1024x437.jpeg?strip=info&#038;w=1500&#038;ssl=1 1500w,https:\/\/i2.wp.com\/pfadfinder-kuppenheim.de\/wp-content\/uploads\/2023\/01\/IMG_9564-1024x437.jpeg?strip=info&#038;w=1800&#038;ssl=1 1800w,https:\/\/i2.wp.com\/pfadfinder-kuppenheim.de\/wp-content\/uploads\/2023\/01\/IMG_9564-1024x437.jpeg?strip=info&#038;w=2000&#038;ssl=1 2000w\" alt=\"\" data-height=\"1093\" data-id=\"10335\" data-link=\"https:\/\/pfadfinder-kuppenheim.de\/?attachment_id=10335\" data-url=\"https:\/\/pfadfinder-kuppenheim.de\/wp-content\/uploads\/2023\/01\/IMG_9564-1024x437.jpeg\" data-width=\"2560\" src=\"https:\/\/i2.wp.com\/pfadfinder-kuppenheim.de\/wp-content\/uploads\/2023\/01\/IMG_9564-1024x437.jpeg?ssl=1\" data-amp-layout=\"responsive\"\/><\/figure><\/div><\/div><\/div><\/div>\n","protected":false},"excerpt":{"rendered":"<p>Schon lange standen nicht mehr so viele langj\u00e4hrige Pfadfinder auf einer B\u00fchne. Bei der gro\u00dfen Weihnachtsfeier galt es schlie\u00dflich, einige verpasste Ehrungen nachzuholen. Doch zun\u00e4chst stand der Tag kurz vor Weihnachten ganz im Zeichen des bevorstehenden Festes und der&nbsp;Pfadfinderei. Vormittags bereiteten sich&nbsp; alle Altersstufen von den&nbsp;W\u00f6lflingen&nbsp;bis zu den&nbsp;Rovern&nbsp;auf den gro\u00dfen Abend vor. Von Station zu&hellip;&nbsp;<a href=\"https:\/\/pfadfinder-kuppenheim.de\/?p=10333\" class=\"\" rel=\"bookmark\">Weiterlesen &raquo;<span class=\"screen-reader-text\">Pfadfinderfamilie zeichnet verdiente Mitglieder aus<\/span><\/a><\/p>\n","protected":false},"author":2,"featured_media":10407,"comment_status":"closed","ping_status":"closed","sticky":false,"template":"","format":"standard","meta":{"neve_meta_sidebar":"","neve_meta_container":"","neve_meta_enable_content_width":"","neve_meta_content_width":0,"neve_meta_title_alignment":"","neve_meta_author_avatar":"","neve_post_elements_order":"","neve_meta_disable_header":"","neve_meta_disable_footer":"","neve_meta_disable_title":"","jetpack_post_was_ever_published":false,"_jetpack_newsletter_access":"","_jetpack_dont_email_post_to_subs":false,"_jetpack_newsletter_tier_id":0,"_jetpack_memberships_contains_paywalled_content":false,"_jetpack_memberships_contains_paid_content":false,"footnotes":"","jetpack_publicize_message":"","jetpack_publicize_feature_enabled":true,"jetpack_social_post_already_shared":true,"jetpack_social_options":{"image_generator_settings":{"template":"highway","default_image_id":0,"font":"","enabled":false},"version":2}},"categories":[42],"tags":[],"class_list":["post-10333","post","type-post","status-publish","format-standard","has-post-thumbnail","hentry","category-berichte"],"jetpack_publicize_connections":[],"jetpack_featured_media_url":"https:\/\/i0.wp.com\/pfadfinder-kuppenheim.de\/wp-content\/uploads\/2023\/01\/IMG_9568-1-scaled.jpeg?fit=2560%2C1643&ssl=1","jetpack_sharing_enabled":true,"jetpack_shortlink":"https:\/\/wp.me\/p3G0PZ-2GF","_links":{"self":[{"href":"https:\/\/pfadfinder-kuppenheim.de\/index.php?rest_route=\/wp\/v2\/posts\/10333","targetHints":{"allow":["GET"]}}],"collection":[{"href":"https:\/\/pfadfinder-kuppenheim.de\/index.php?rest_route=\/wp\/v2\/posts"}],"about":[{"href":"https:\/\/pfadfinder-kuppenheim.de\/index.php?rest_route=\/wp\/v2\/types\/post"}],"author":[{"embeddable":true,"href":"https:\/\/pfadfinder-kuppenheim.de\/index.php?rest_route=\/wp\/v2\/users\/2"}],"replies":[{"embeddable":true,"href":"https:\/\/pfadfinder-kuppenheim.de\/index.php?rest_route=%2Fwp%2Fv2%2Fcomments&post=10333"}],"version-history":[{"count":3,"href":"https:\/\/pfadfinder-kuppenheim.de\/index.php?rest_route=\/wp\/v2\/posts\/10333\/revisions"}],"predecessor-version":[{"id":10408,"href":"https:\/\/pfadfinder-kuppenheim.de\/index.php?rest_route=\/wp\/v2\/posts\/10333\/revisions\/10408"}],"wp:featuredmedia":[{"embeddable":true,"href":"https:\/\/pfadfinder-kuppenheim.de\/index.php?rest_route=\/wp\/v2\/media\/10407"}],"wp:attachment":[{"href":"https:\/\/pfadfinder-kuppenheim.de\/index.php?rest_route=%2Fwp%2Fv2%2Fmedia&parent=10333"}],"wp:term":[{"taxonomy":"category","embeddable":true,"href":"https:\/\/pfadfinder-kuppenheim.de\/index.php?rest_route=%2Fwp%2Fv2%2Fcategories&post=10333"},{"taxonomy":"post_tag","embeddable":true,"href":"https:\/\/pfadfinder-kuppenheim.de\/index.php?rest_route=%2Fwp%2Fv2%2Ftags&post=10333"}],"curies":[{"name":"wp","href":"https:\/\/api.w.org\/{rel}","templated":true}]}}