{"id":10176,"date":"2022-12-15T12:45:41","date_gmt":"2022-12-15T11:45:41","guid":{"rendered":"http:\/\/blog.pfadfinder-kuppenheim.de\/?p=10176"},"modified":"2023-01-27T10:33:29","modified_gmt":"2023-01-27T09:33:29","slug":"kerstin-westermann-neu-im-pfadfindervorstand","status":"publish","type":"post","link":"https:\/\/pfadfinder-kuppenheim.de\/?p=10176","title":{"rendered":"Kerstin Westermann neu im Pfadfindervorstand"},"content":{"rendered":"\n<p>Mit Kerstin Westermann hat der Kuppenheimer Pfadfinderstamm wieder ein weibliches Vorstandsmitglied. Kerstin l\u00f6st Sofian Barkaoui ab, der bei der Stammesversammlung nicht mehr zur Wahl stand. Somit besteht der neue Vorstand aus Kerstin Westermann, Matthias&nbsp;Stemmle&nbsp;und&nbsp;Kurat&nbsp;Martin Sauer.&nbsp;<\/p>\n\n\n\n<p>Die 30-j\u00e4hrige Kerstin arbeitet in der Automobilindustrie und ist dort f\u00fcr Strategieentwicklung und&nbsp;External&nbsp;Affairs&nbsp;f\u00fcr Auslandswerke zust\u00e4ndig. Ihre Freizeit verbringt sie gerne und oft mit den Pfadfindern. Bereits seit 2018 ist sie&nbsp;Jupfi-Leiterin. &#8222;Gemeinschaft, Naturverbundenheit, sich auszuprobieren und F\u00e4higkeiten entdecken, daf\u00fcr stehen die Pfadfinder&#8220;, sagt Kerstin.<\/p>\n\n\n\n<p>Ihr sei es wichtig, die&nbsp;pfadfinderischen&nbsp;Werte den Kindern weiter zu geben, etwa keine halben Sachen zu machen und in Schwierigkeiten nicht aufzugeben.<\/p>\n\n\n\n<p>Im Vorstandsteam sei es ihr wichtig, neue Ideen einflie\u00dfen zu lassen, die gute Struktur, die \u00fcber Jahre aufgebaut wurde, zu st\u00e4rken und die Leiter durch weitere Ausbildungen zu f\u00f6rdern. Stammes\u00fcbergreifende Aktionen geh\u00f6ren ebenso dazu.&#8220;Ich sehe die&nbsp;Pfadfinderei&nbsp;als Kontrast zum Schulalltag der Kinder und Jugendlichen. Einen Raum, der ihnen Natur, Einfachheit und eine Gemeinschaft bietet, in der man sich ausprobieren kann und neue F\u00e4higkeiten entdeckt.&#8220;<\/p>\n\n\n\n<p>Im Jubil\u00e4umsjahr 2023, die Pfadfinder werden 70 Jahre alt, gelte es mit Spa\u00df und Energie die Kuppenheimer Pfadfinder auch nach au\u00dfen zu vertreten. Bei der Stammesversammlung berichteten die Stufen aus ihrem ereignisreichen Jahr. Termine wurde besprochen und weitere Arbeiten am neuen Vereinsheim im W\u00f6rtel koordiniert.<\/p>\n\n\n\n<div class=\"wp-block-jetpack-tiled-gallery aligncenter is-style-rectangular\"><div class=\"tiled-gallery__gallery\"><div class=\"tiled-gallery__row\"><div class=\"tiled-gallery__col\" style=\"flex-basis:46.73377%\"><figure class=\"tiled-gallery__item\"><img decoding=\"async\" srcset=\"https:\/\/i2.wp.com\/pfadfinder-kuppenheim.de\/wp-content\/uploads\/2022\/12\/IMG_9102-2-1024x876.jpeg?strip=info&#038;w=600&#038;ssl=1 600w,https:\/\/i2.wp.com\/pfadfinder-kuppenheim.de\/wp-content\/uploads\/2022\/12\/IMG_9102-2-1024x876.jpeg?strip=info&#038;w=900&#038;ssl=1 900w,https:\/\/i2.wp.com\/pfadfinder-kuppenheim.de\/wp-content\/uploads\/2022\/12\/IMG_9102-2-1024x876.jpeg?strip=info&#038;w=1200&#038;ssl=1 1200w,https:\/\/i2.wp.com\/pfadfinder-kuppenheim.de\/wp-content\/uploads\/2022\/12\/IMG_9102-2-1024x876.jpeg?strip=info&#038;w=1500&#038;ssl=1 1500w,https:\/\/i2.wp.com\/pfadfinder-kuppenheim.de\/wp-content\/uploads\/2022\/12\/IMG_9102-2-1024x876.jpeg?strip=info&#038;w=1800&#038;ssl=1 1800w,https:\/\/i2.wp.com\/pfadfinder-kuppenheim.de\/wp-content\/uploads\/2022\/12\/IMG_9102-2-1024x876.jpeg?strip=info&#038;w=2000&#038;ssl=1 2000w\" alt=\"\" data-height=\"2189\" data-id=\"10187\" data-link=\"https:\/\/pfadfinder-kuppenheim.de\/?attachment_id=10187\" data-url=\"https:\/\/pfadfinder-kuppenheim.de\/wp-content\/uploads\/2022\/12\/IMG_9102-2-1024x876.jpeg\" data-width=\"2560\" src=\"https:\/\/i2.wp.com\/pfadfinder-kuppenheim.de\/wp-content\/uploads\/2022\/12\/IMG_9102-2-1024x876.jpeg?ssl=1\" data-amp-layout=\"responsive\"\/><\/figure><\/div><div class=\"tiled-gallery__col\" style=\"flex-basis:53.26623%\"><figure class=\"tiled-gallery__item\"><img decoding=\"async\" srcset=\"https:\/\/i1.wp.com\/pfadfinder-kuppenheim.de\/wp-content\/uploads\/2022\/12\/IMG_9129-1024x768.jpeg?strip=info&#038;w=600&#038;ssl=1 600w,https:\/\/i1.wp.com\/pfadfinder-kuppenheim.de\/wp-content\/uploads\/2022\/12\/IMG_9129-1024x768.jpeg?strip=info&#038;w=900&#038;ssl=1 900w,https:\/\/i1.wp.com\/pfadfinder-kuppenheim.de\/wp-content\/uploads\/2022\/12\/IMG_9129-1024x768.jpeg?strip=info&#038;w=1200&#038;ssl=1 1200w,https:\/\/i1.wp.com\/pfadfinder-kuppenheim.de\/wp-content\/uploads\/2022\/12\/IMG_9129-1024x768.jpeg?strip=info&#038;w=1500&#038;ssl=1 1500w,https:\/\/i1.wp.com\/pfadfinder-kuppenheim.de\/wp-content\/uploads\/2022\/12\/IMG_9129-1024x768.jpeg?strip=info&#038;w=1800&#038;ssl=1 1800w,https:\/\/i1.wp.com\/pfadfinder-kuppenheim.de\/wp-content\/uploads\/2022\/12\/IMG_9129-1024x768.jpeg?strip=info&#038;w=2000&#038;ssl=1 2000w\" alt=\"\" data-height=\"1920\" data-id=\"10178\" data-link=\"https:\/\/pfadfinder-kuppenheim.de\/?attachment_id=10178\" data-url=\"https:\/\/pfadfinder-kuppenheim.de\/wp-content\/uploads\/2022\/12\/IMG_9129-1024x768.jpeg\" data-width=\"2560\" src=\"https:\/\/i1.wp.com\/pfadfinder-kuppenheim.de\/wp-content\/uploads\/2022\/12\/IMG_9129-1024x768.jpeg?ssl=1\" data-amp-layout=\"responsive\"\/><\/figure><\/div><\/div><\/div><\/div>\n","protected":false},"excerpt":{"rendered":"<p>Mit Kerstin Westermann hat der Kuppenheimer Pfadfinderstamm wieder ein weibliches Vorstandsmitglied. Kerstin l\u00f6st Sofian Barkaoui ab, der bei der Stammesversammlung nicht mehr zur Wahl stand. Somit besteht der neue Vorstand aus Kerstin Westermann, Matthias&nbsp;Stemmle&nbsp;und&nbsp;Kurat&nbsp;Martin Sauer.&nbsp; Die 30-j\u00e4hrige Kerstin arbeitet in der Automobilindustrie und ist dort f\u00fcr Strategieentwicklung und&nbsp;External&nbsp;Affairs&nbsp;f\u00fcr Auslandswerke zust\u00e4ndig. Ihre Freizeit verbringt sie gerne&hellip;&nbsp;<a href=\"https:\/\/pfadfinder-kuppenheim.de\/?p=10176\" class=\"\" rel=\"bookmark\">Weiterlesen &raquo;<span class=\"screen-reader-text\">Kerstin Westermann neu im Pfadfindervorstand<\/span><\/a><\/p>\n","protected":false},"author":2,"featured_media":10178,"comment_status":"open","ping_status":"closed","sticky":false,"template":"","format":"standard","meta":{"neve_meta_sidebar":"","neve_meta_container":"","neve_meta_enable_content_width":"","neve_meta_content_width":0,"neve_meta_title_alignment":"","neve_meta_author_avatar":"","neve_post_elements_order":"","neve_meta_disable_header":"","neve_meta_disable_footer":"","neve_meta_disable_title":"","jetpack_post_was_ever_published":false,"_jetpack_newsletter_access":"","_jetpack_dont_email_post_to_subs":false,"_jetpack_newsletter_tier_id":0,"_jetpack_memberships_contains_paywalled_content":false,"_jetpack_memberships_contains_paid_content":false,"footnotes":"","jetpack_publicize_message":"","jetpack_publicize_feature_enabled":true,"jetpack_social_post_already_shared":true,"jetpack_social_options":{"image_generator_settings":{"template":"highway","default_image_id":0,"font":"","enabled":false},"version":2}},"categories":[42,8],"tags":[],"class_list":["post-10176","post","type-post","status-publish","format-standard","has-post-thumbnail","hentry","category-berichte","category-leiterrunde"],"jetpack_publicize_connections":[],"jetpack_featured_media_url":"https:\/\/i0.wp.com\/pfadfinder-kuppenheim.de\/wp-content\/uploads\/2022\/12\/IMG_9129-scaled.jpeg?fit=2560%2C1920&ssl=1","jetpack_sharing_enabled":true,"jetpack_shortlink":"https:\/\/wp.me\/p3G0PZ-2E8","_links":{"self":[{"href":"https:\/\/pfadfinder-kuppenheim.de\/index.php?rest_route=\/wp\/v2\/posts\/10176","targetHints":{"allow":["GET"]}}],"collection":[{"href":"https:\/\/pfadfinder-kuppenheim.de\/index.php?rest_route=\/wp\/v2\/posts"}],"about":[{"href":"https:\/\/pfadfinder-kuppenheim.de\/index.php?rest_route=\/wp\/v2\/types\/post"}],"author":[{"embeddable":true,"href":"https:\/\/pfadfinder-kuppenheim.de\/index.php?rest_route=\/wp\/v2\/users\/2"}],"replies":[{"embeddable":true,"href":"https:\/\/pfadfinder-kuppenheim.de\/index.php?rest_route=%2Fwp%2Fv2%2Fcomments&post=10176"}],"version-history":[{"count":6,"href":"https:\/\/pfadfinder-kuppenheim.de\/index.php?rest_route=\/wp\/v2\/posts\/10176\/revisions"}],"predecessor-version":[{"id":10386,"href":"https:\/\/pfadfinder-kuppenheim.de\/index.php?rest_route=\/wp\/v2\/posts\/10176\/revisions\/10386"}],"wp:featuredmedia":[{"embeddable":true,"href":"https:\/\/pfadfinder-kuppenheim.de\/index.php?rest_route=\/wp\/v2\/media\/10178"}],"wp:attachment":[{"href":"https:\/\/pfadfinder-kuppenheim.de\/index.php?rest_route=%2Fwp%2Fv2%2Fmedia&parent=10176"}],"wp:term":[{"taxonomy":"category","embeddable":true,"href":"https:\/\/pfadfinder-kuppenheim.de\/index.php?rest_route=%2Fwp%2Fv2%2Fcategories&post=10176"},{"taxonomy":"post_tag","embeddable":true,"href":"https:\/\/pfadfinder-kuppenheim.de\/index.php?rest_route=%2Fwp%2Fv2%2Ftags&post=10176"}],"curies":[{"name":"wp","href":"https:\/\/api.w.org\/{rel}","templated":true}]}}