{"id":10073,"date":"2022-09-19T10:26:42","date_gmt":"2022-09-19T08:26:42","guid":{"rendered":"http:\/\/blog.pfadfinder-kuppenheim.de\/?p=10073"},"modified":"2022-09-19T10:26:45","modified_gmt":"2022-09-19T08:26:45","slug":"neue-freunde-in-holland-gefunden","status":"publish","type":"post","link":"https:\/\/pfadfinder-kuppenheim.de\/?p=10073","title":{"rendered":"Neue Freunde in Holland gefunden"},"content":{"rendered":"\n<p class=\"has-text-align-justify\">Dieses Jahr haben sich die\u00a0Pfadis\u00a0&#8211; nach zwei Jahren Zwangspause &#8211; ganz besonders aufs Sommerlager gefreut. Das konnte man den \u00fcberm\u00fcdeten Gesichtern am 30. Juli um 5.45 Uhr am Bahnhof ohne Zweifel ansehen. W\u00e4hrend der Zugfahrt nach\u00a0Ommen\u00a0in den Niederlanden war aber auch genug Zeit, den verlorengegangenen Schlaf nachzuholen.<br>Unter dem Motto &#8222;Pfadisalat\u00a0&#8211; bunt &amp; gr\u00fcn&#8220; kamen\u00a0Pfadis\u00a0(13-\u00a0bis 16-j\u00e4hrige Pfadfinder*innen) aus ganz Deutschland zusammen, bauten f\u00fcr zehn Tage ihre eigene kleine Zeltstadt auf und bestimmten im Lagerrat Programm und Regeln des Zusammenlebens aktiv\u00a0 mit.<br>Die Kuppenheimer\u00a0Pfadis\u00a0besuchten die vielen Workshops auf dem Lagerplatz, veranstalteten ein Public-Viewing zur Fu\u00dfball-Frauen-EM, machten Amsterdam unsicher, tauschten sich mit franz\u00f6sischen und deutschen\u00a0Pfadis\u00a0aus, schl\u00fcrften Cocktails in der\u00a0lagereigenen\u00a0Beachbar, bauten Fl\u00f6\u00dfe, machten Radtouren, lernten Bogenschie\u00dfen, besichtigten eine K\u00e4serei, waren die Stars beim Karaoke, gingen auf der Tanzfl\u00e4che so richtig ab und erlebten noch vieles mehr.<br>Nach einem\u00a0tr\u00e4nenreichen\u00a0Abschied von den vielen neu gewonnenen Freunden ging es dann noch auf eine zweit\u00e4gige Wanderung durch Holland und schlie\u00dflich wieder nach Hause. Einen ausf\u00fchrlichen Lagebericht gibt&#8217;s hier:\u00a0blog.pfadfinder-kuppenheim.de unter &#8222;Pfadi-Blog&#8220;.<\/p>\n\n\n\n<figure class=\"wp-block-image size-large\"><img data-recalc-dims=\"1\" loading=\"lazy\" decoding=\"async\" width=\"1024\" height=\"683\" src=\"https:\/\/i0.wp.com\/blog.pfadfinder-kuppenheim.de\/wp-content\/uploads\/2022\/09\/sola-pfadi1-1024x683.jpg?resize=1024%2C683\" alt=\"\" class=\"wp-image-10074\" srcset=\"https:\/\/i0.wp.com\/pfadfinder-kuppenheim.de\/wp-content\/uploads\/2022\/09\/sola-pfadi1.jpg?resize=1024%2C683&amp;ssl=1 1024w, https:\/\/i0.wp.com\/pfadfinder-kuppenheim.de\/wp-content\/uploads\/2022\/09\/sola-pfadi1.jpg?resize=300%2C200&amp;ssl=1 300w, https:\/\/i0.wp.com\/pfadfinder-kuppenheim.de\/wp-content\/uploads\/2022\/09\/sola-pfadi1.jpg?resize=768%2C512&amp;ssl=1 768w, https:\/\/i0.wp.com\/pfadfinder-kuppenheim.de\/wp-content\/uploads\/2022\/09\/sola-pfadi1.jpg?resize=1536%2C1024&amp;ssl=1 1536w, https:\/\/i0.wp.com\/pfadfinder-kuppenheim.de\/wp-content\/uploads\/2022\/09\/sola-pfadi1.jpg?resize=2048%2C1365&amp;ssl=1 2048w, https:\/\/i0.wp.com\/pfadfinder-kuppenheim.de\/wp-content\/uploads\/2022\/09\/sola-pfadi1.jpg?resize=750%2C500&amp;ssl=1 750w\" sizes=\"auto, (max-width: 1024px) 100vw, 1024px\" \/><\/figure>\n","protected":false},"excerpt":{"rendered":"<p>Dieses Jahr haben sich die\u00a0Pfadis\u00a0&#8211; nach zwei Jahren Zwangspause &#8211; ganz besonders aufs Sommerlager gefreut. Das konnte man den \u00fcberm\u00fcdeten Gesichtern am 30. Juli um 5.45 Uhr am Bahnhof ohne Zweifel ansehen. W\u00e4hrend der Zugfahrt nach\u00a0Ommen\u00a0in den Niederlanden war aber auch genug Zeit, den verlorengegangenen Schlaf nachzuholen.Unter dem Motto &#8222;Pfadisalat\u00a0&#8211; bunt &amp; gr\u00fcn&#8220; kamen\u00a0Pfadis\u00a0(13-\u00a0bis 16-j\u00e4hrige&hellip;&nbsp;<a href=\"https:\/\/pfadfinder-kuppenheim.de\/?p=10073\" class=\"\" rel=\"bookmark\">Weiterlesen &raquo;<span class=\"screen-reader-text\">Neue Freunde in Holland gefunden<\/span><\/a><\/p>\n","protected":false},"author":2,"featured_media":0,"comment_status":"open","ping_status":"closed","sticky":false,"template":"","format":"standard","meta":{"neve_meta_sidebar":"","neve_meta_container":"","neve_meta_enable_content_width":"","neve_meta_content_width":0,"neve_meta_title_alignment":"","neve_meta_author_avatar":"","neve_post_elements_order":"","neve_meta_disable_header":"","neve_meta_disable_footer":"","neve_meta_disable_title":"","jetpack_post_was_ever_published":false,"_jetpack_newsletter_access":"","_jetpack_dont_email_post_to_subs":false,"_jetpack_newsletter_tier_id":0,"_jetpack_memberships_contains_paywalled_content":false,"_jetpack_memberships_contains_paid_content":false,"footnotes":"","jetpack_publicize_message":"","jetpack_publicize_feature_enabled":true,"jetpack_social_post_already_shared":true,"jetpack_social_options":{"image_generator_settings":{"template":"highway","default_image_id":0,"font":"","enabled":false},"version":2}},"categories":[42],"tags":[],"class_list":["post-10073","post","type-post","status-publish","format-standard","hentry","category-berichte"],"jetpack_publicize_connections":[],"jetpack_featured_media_url":"","jetpack_sharing_enabled":true,"jetpack_shortlink":"https:\/\/wp.me\/p3G0PZ-2Ct","_links":{"self":[{"href":"https:\/\/pfadfinder-kuppenheim.de\/index.php?rest_route=\/wp\/v2\/posts\/10073","targetHints":{"allow":["GET"]}}],"collection":[{"href":"https:\/\/pfadfinder-kuppenheim.de\/index.php?rest_route=\/wp\/v2\/posts"}],"about":[{"href":"https:\/\/pfadfinder-kuppenheim.de\/index.php?rest_route=\/wp\/v2\/types\/post"}],"author":[{"embeddable":true,"href":"https:\/\/pfadfinder-kuppenheim.de\/index.php?rest_route=\/wp\/v2\/users\/2"}],"replies":[{"embeddable":true,"href":"https:\/\/pfadfinder-kuppenheim.de\/index.php?rest_route=%2Fwp%2Fv2%2Fcomments&post=10073"}],"version-history":[{"count":1,"href":"https:\/\/pfadfinder-kuppenheim.de\/index.php?rest_route=\/wp\/v2\/posts\/10073\/revisions"}],"predecessor-version":[{"id":10075,"href":"https:\/\/pfadfinder-kuppenheim.de\/index.php?rest_route=\/wp\/v2\/posts\/10073\/revisions\/10075"}],"wp:attachment":[{"href":"https:\/\/pfadfinder-kuppenheim.de\/index.php?rest_route=%2Fwp%2Fv2%2Fmedia&parent=10073"}],"wp:term":[{"taxonomy":"category","embeddable":true,"href":"https:\/\/pfadfinder-kuppenheim.de\/index.php?rest_route=%2Fwp%2Fv2%2Fcategories&post=10073"},{"taxonomy":"post_tag","embeddable":true,"href":"https:\/\/pfadfinder-kuppenheim.de\/index.php?rest_route=%2Fwp%2Fv2%2Ftags&post=10073"}],"curies":[{"name":"wp","href":"https:\/\/api.w.org\/{rel}","templated":true}]}}