{"id":10053,"date":"2022-08-22T07:02:10","date_gmt":"2022-08-22T05:02:10","guid":{"rendered":"http:\/\/blog.pfadfinder-kuppenheim.de\/?p=10053"},"modified":"2022-08-23T09:54:56","modified_gmt":"2022-08-23T07:54:56","slug":"zwei-wochen-mit-internationalen-pfadfindern","status":"publish","type":"post","link":"https:\/\/pfadfinder-kuppenheim.de\/?p=10053","title":{"rendered":"Zwei Wochen mit internationalen Pfadfindern"},"content":{"rendered":"\n<p>Zum Sommerlager fuhren die&nbsp;Jungpfadfinder&nbsp;in das Bundeszentrum der Deutschen&nbsp;Pfadfinderschaft&nbsp;St. Georg nach&nbsp;Westernohe&nbsp;im Westerwald. Nach Zug- und Busfahrt am Zeltplatz angekommen, haben wir Zelte und Sippenpl\u00e4tze aufgebaut. Nachdem am Sonntag alles aufgebaut war, fand die Lagerer\u00f6ffnung unter dem Motto &#8222;Mafia und Italien&#8220; statt.<\/p>\n\n\n\n<p>Am darauffolgenden Tag erkundigten die&nbsp;Jupfis&nbsp;w\u00e4hrend einer sogenannten Streife&nbsp;Westernohe&nbsp;und Umgebung. Den Dienstagmorgen haben wir mit Bogenschie\u00dfen verbracht, was uns sehr viel Spa\u00df gemacht hat. Am Nachmittag hatten wir Zeit f\u00fcr den Lager-Zehn-Kampf und die Fachausbildung. Am Mittwoch fuhren wir mit dem Bus nach&nbsp;Limburg&nbsp;und erkundeten die Stadt in Gruppen.<\/p>\n\n\n\n<p>Der n\u00e4chste Tag war hei\u00df, und wir haben passend dazu die Lagerolympiade mit verschiedenen (Wasser-) Stationen absolviert.<\/p>\n\n\n\n<p>Am Freitag haben wir wieder Zeit bekommen&nbsp;f\u00fcr den Lager-Zehn-Kampf und&nbsp;die Fachausbildung. Am Wochenende begann die International&nbsp;Scout&nbsp;Week, in der mit Pfadfindergruppen aus unterschiedlichen L\u00e4ndern gemeinsam Workshops und Spiele veranstaltet wurden. Am Wochenende fand zudem unsere hei\u00df begehrte Lagerdisco statt.<\/p>\n\n\n\n<p>Die zweite Woche startete mit der Zwei-Tageswanderung, dem Hajk. Am Mittwoch war\u00a0Fauli-Tag\u00a0und nachmittags fand der Kochwettbewerb statt. Am Donnerstag mussten wir schon wieder abbauen. Danach konnten wir den Abend ausklingen lassen mit dem Bunten Abend. Am n\u00e4chsten Tag hie\u00df es Abschied zu nehmen, und so war das Lager auch schon wieder nach zwei Wochen zu Ende. <\/p>\n\n\n\n<p>Ein Gut Pfad von der\u00a0Jupfi-Reporterin\u00a0Lea.<\/p>\n\n\n\n<figure class=\"wp-block-image size-large\"><img data-recalc-dims=\"1\" loading=\"lazy\" decoding=\"async\" width=\"1024\" height=\"576\" src=\"https:\/\/i0.wp.com\/blog.pfadfinder-kuppenheim.de\/wp-content\/uploads\/2022\/08\/8d62b6dd-b555-4a4c-ba73-9d85fdc9b5fa-1024x576.jpeg?resize=1024%2C576\" alt=\"\" class=\"wp-image-10054\" srcset=\"https:\/\/i0.wp.com\/pfadfinder-kuppenheim.de\/wp-content\/uploads\/2022\/08\/8d62b6dd-b555-4a4c-ba73-9d85fdc9b5fa.jpeg?resize=1024%2C576&amp;ssl=1 1024w, https:\/\/i0.wp.com\/pfadfinder-kuppenheim.de\/wp-content\/uploads\/2022\/08\/8d62b6dd-b555-4a4c-ba73-9d85fdc9b5fa.jpeg?resize=300%2C169&amp;ssl=1 300w, https:\/\/i0.wp.com\/pfadfinder-kuppenheim.de\/wp-content\/uploads\/2022\/08\/8d62b6dd-b555-4a4c-ba73-9d85fdc9b5fa.jpeg?resize=768%2C432&amp;ssl=1 768w, https:\/\/i0.wp.com\/pfadfinder-kuppenheim.de\/wp-content\/uploads\/2022\/08\/8d62b6dd-b555-4a4c-ba73-9d85fdc9b5fa.jpeg?resize=1536%2C864&amp;ssl=1 1536w, https:\/\/i0.wp.com\/pfadfinder-kuppenheim.de\/wp-content\/uploads\/2022\/08\/8d62b6dd-b555-4a4c-ba73-9d85fdc9b5fa.jpeg?resize=750%2C422&amp;ssl=1 750w, https:\/\/i0.wp.com\/pfadfinder-kuppenheim.de\/wp-content\/uploads\/2022\/08\/8d62b6dd-b555-4a4c-ba73-9d85fdc9b5fa.jpeg?w=1599&amp;ssl=1 1599w\" sizes=\"auto, (max-width: 1024px) 100vw, 1024px\" \/><\/figure>\n","protected":false},"excerpt":{"rendered":"<p>Zum Sommerlager fuhren die&nbsp;Jungpfadfinder&nbsp;in das Bundeszentrum der Deutschen&nbsp;Pfadfinderschaft&nbsp;St. Georg nach&nbsp;Westernohe&nbsp;im Westerwald. Nach Zug- und Busfahrt am Zeltplatz angekommen, haben wir Zelte und Sippenpl\u00e4tze aufgebaut. Nachdem am Sonntag alles aufgebaut war, fand die Lagerer\u00f6ffnung unter dem Motto &#8222;Mafia und Italien&#8220; statt. Am darauffolgenden Tag erkundigten die&nbsp;Jupfis&nbsp;w\u00e4hrend einer sogenannten Streife&nbsp;Westernohe&nbsp;und Umgebung. Den Dienstagmorgen haben wir mit Bogenschie\u00dfen&hellip;&nbsp;<a href=\"https:\/\/pfadfinder-kuppenheim.de\/?p=10053\" class=\"\" rel=\"bookmark\">Weiterlesen &raquo;<span class=\"screen-reader-text\">Zwei Wochen mit internationalen Pfadfindern<\/span><\/a><\/p>\n","protected":false},"author":2,"featured_media":0,"comment_status":"open","ping_status":"closed","sticky":false,"template":"","format":"standard","meta":{"neve_meta_sidebar":"","neve_meta_container":"","neve_meta_enable_content_width":"","neve_meta_content_width":0,"neve_meta_title_alignment":"","neve_meta_author_avatar":"","neve_post_elements_order":"","neve_meta_disable_header":"","neve_meta_disable_footer":"","neve_meta_disable_title":"","jetpack_post_was_ever_published":false,"_jetpack_newsletter_access":"","_jetpack_dont_email_post_to_subs":false,"_jetpack_newsletter_tier_id":0,"_jetpack_memberships_contains_paywalled_content":false,"_jetpack_memberships_contains_paid_content":false,"footnotes":"","jetpack_publicize_message":"","jetpack_publicize_feature_enabled":true,"jetpack_social_post_already_shared":true,"jetpack_social_options":{"image_generator_settings":{"template":"highway","default_image_id":0,"font":"","enabled":false},"version":2}},"categories":[42,12],"tags":[],"class_list":["post-10053","post","type-post","status-publish","format-standard","hentry","category-berichte","category-jupfis_sola_tagebuch"],"jetpack_publicize_connections":[],"jetpack_featured_media_url":"","jetpack_sharing_enabled":true,"jetpack_shortlink":"https:\/\/wp.me\/p3G0PZ-2C9","_links":{"self":[{"href":"https:\/\/pfadfinder-kuppenheim.de\/index.php?rest_route=\/wp\/v2\/posts\/10053","targetHints":{"allow":["GET"]}}],"collection":[{"href":"https:\/\/pfadfinder-kuppenheim.de\/index.php?rest_route=\/wp\/v2\/posts"}],"about":[{"href":"https:\/\/pfadfinder-kuppenheim.de\/index.php?rest_route=\/wp\/v2\/types\/post"}],"author":[{"embeddable":true,"href":"https:\/\/pfadfinder-kuppenheim.de\/index.php?rest_route=\/wp\/v2\/users\/2"}],"replies":[{"embeddable":true,"href":"https:\/\/pfadfinder-kuppenheim.de\/index.php?rest_route=%2Fwp%2Fv2%2Fcomments&post=10053"}],"version-history":[{"count":1,"href":"https:\/\/pfadfinder-kuppenheim.de\/index.php?rest_route=\/wp\/v2\/posts\/10053\/revisions"}],"predecessor-version":[{"id":10055,"href":"https:\/\/pfadfinder-kuppenheim.de\/index.php?rest_route=\/wp\/v2\/posts\/10053\/revisions\/10055"}],"wp:attachment":[{"href":"https:\/\/pfadfinder-kuppenheim.de\/index.php?rest_route=%2Fwp%2Fv2%2Fmedia&parent=10053"}],"wp:term":[{"taxonomy":"category","embeddable":true,"href":"https:\/\/pfadfinder-kuppenheim.de\/index.php?rest_route=%2Fwp%2Fv2%2Fcategories&post=10053"},{"taxonomy":"post_tag","embeddable":true,"href":"https:\/\/pfadfinder-kuppenheim.de\/index.php?rest_route=%2Fwp%2Fv2%2Ftags&post=10053"}],"curies":[{"name":"wp","href":"https:\/\/api.w.org\/{rel}","templated":true}]}}