{"id":10021,"date":"2022-08-09T10:00:45","date_gmt":"2022-08-09T08:00:45","guid":{"rendered":"http:\/\/blog.pfadfinder-kuppenheim.de\/?p=10021"},"modified":"2022-08-15T11:16:56","modified_gmt":"2022-08-15T09:16:56","slug":"tag-10-montag-08-august","status":"publish","type":"post","link":"https:\/\/pfadfinder-kuppenheim.de\/?p=10021","title":{"rendered":"Tag 10 &#8211; Montag 08. August"},"content":{"rendered":"\n<p>Der Hajk der Gruppe ProAcht begann um 10:00 Uhr Morgens. Die Leiter Silas und Jo\u00eblle begleiteten sie. Nach ca. einer Stunde machte die Gruppe eine 10 Min\u00fctige Trinkpause. Ein paar der Gruppenmitglieder haben ein Reh gesehen. Sarah und Lena suchten das Reh noch im Wald, doch es war schon verschwunden. Die Gruppe machte sich auf den Weg zur Krombachtalsperre. Dort angekommen erschraken sie. Vor ihnen lag ein verschlossenes Tor. <\/p>\n\n\n\n<p>Um ca. 12:00 Uhr begann die Gruppe durch den Wald zu wandern. Zuerst ging es durch einen dichten Wald. Danach durch ein sehr schlammigen Schilffeld. Zum Schluss ging es durch ein Weg voll mit Brennnessel. Als die Gruppe aus dem Wald drau\u00dfen war mussten sie noch \u00fcber zwei Z\u00e4une springen. Hinter den Z\u00e4unen lag ein Campingplatz in den sie ausversehen einbrachen. Auf diesem Campingplatz haben sie eine 30 Min\u00fctige Essenspause gemacht. Nach dieser Pause machten sie sich auf den Weg nach Madem\u00fchle. Dort angekommen erledigte die Sippe Aufgaben wie in den anderen Orten auch. In Madem\u00fchle gingen sie in einen Penny. In diesem kauften sie Snacks und Etwas f\u00fcrs Abendessen. <\/p>\n\n\n\n<p>Ihre letzte Aufgabe war es in Rehe einen Schlafplatz zu finden. Nach einer halben Stunde waren sie dann in Rehe und entschieden im Rathaus zu schlafen. Nach 10 Minuten waren sie dann auch im Rathaus und haben um 19:00 Uhr ca. Abend gegessen. Um 21:00 Uhr lie\u00dfen sie den Tag mit einem Film namens Wunder ausklingen.<\/p>\n","protected":false},"excerpt":{"rendered":"<p>Der Hajk der Gruppe ProAcht begann um 10:00 Uhr Morgens. Die Leiter Silas und Jo\u00eblle begleiteten sie. Nach ca. einer Stunde machte die Gruppe eine 10 Min\u00fctige Trinkpause. Ein paar der Gruppenmitglieder haben ein Reh gesehen. Sarah und Lena suchten das Reh noch im Wald, doch es war schon verschwunden. Die Gruppe machte sich auf&hellip;&nbsp;<a href=\"https:\/\/pfadfinder-kuppenheim.de\/?p=10021\" class=\"\" rel=\"bookmark\">Weiterlesen &raquo;<span class=\"screen-reader-text\">Tag 10 &#8211; Montag 08. August<\/span><\/a><\/p>\n","protected":false},"author":19,"featured_media":0,"comment_status":"open","ping_status":"closed","sticky":false,"template":"","format":"standard","meta":{"neve_meta_sidebar":"","neve_meta_container":"","neve_meta_enable_content_width":"","neve_meta_content_width":0,"neve_meta_title_alignment":"","neve_meta_author_avatar":"","neve_post_elements_order":"","neve_meta_disable_header":"","neve_meta_disable_footer":"","neve_meta_disable_title":"","jetpack_post_was_ever_published":false,"_jetpack_newsletter_access":"","_jetpack_dont_email_post_to_subs":false,"_jetpack_newsletter_tier_id":0,"_jetpack_memberships_contains_paywalled_content":false,"_jetpack_memberships_contains_paid_content":false,"footnotes":"","jetpack_publicize_message":"","jetpack_publicize_feature_enabled":true,"jetpack_social_post_already_shared":true,"jetpack_social_options":{"image_generator_settings":{"template":"highway","default_image_id":0,"font":"","enabled":false},"version":2}},"categories":[42,12],"tags":[],"class_list":["post-10021","post","type-post","status-publish","format-standard","hentry","category-berichte","category-jupfis_sola_tagebuch"],"jetpack_publicize_connections":[],"jetpack_featured_media_url":"","jetpack_sharing_enabled":true,"jetpack_shortlink":"https:\/\/wp.me\/p3G0PZ-2BD","_links":{"self":[{"href":"https:\/\/pfadfinder-kuppenheim.de\/index.php?rest_route=\/wp\/v2\/posts\/10021","targetHints":{"allow":["GET"]}}],"collection":[{"href":"https:\/\/pfadfinder-kuppenheim.de\/index.php?rest_route=\/wp\/v2\/posts"}],"about":[{"href":"https:\/\/pfadfinder-kuppenheim.de\/index.php?rest_route=\/wp\/v2\/types\/post"}],"author":[{"embeddable":true,"href":"https:\/\/pfadfinder-kuppenheim.de\/index.php?rest_route=\/wp\/v2\/users\/19"}],"replies":[{"embeddable":true,"href":"https:\/\/pfadfinder-kuppenheim.de\/index.php?rest_route=%2Fwp%2Fv2%2Fcomments&post=10021"}],"version-history":[{"count":1,"href":"https:\/\/pfadfinder-kuppenheim.de\/index.php?rest_route=\/wp\/v2\/posts\/10021\/revisions"}],"predecessor-version":[{"id":10022,"href":"https:\/\/pfadfinder-kuppenheim.de\/index.php?rest_route=\/wp\/v2\/posts\/10021\/revisions\/10022"}],"wp:attachment":[{"href":"https:\/\/pfadfinder-kuppenheim.de\/index.php?rest_route=%2Fwp%2Fv2%2Fmedia&parent=10021"}],"wp:term":[{"taxonomy":"category","embeddable":true,"href":"https:\/\/pfadfinder-kuppenheim.de\/index.php?rest_route=%2Fwp%2Fv2%2Fcategories&post=10021"},{"taxonomy":"post_tag","embeddable":true,"href":"https:\/\/pfadfinder-kuppenheim.de\/index.php?rest_route=%2Fwp%2Fv2%2Ftags&post=10021"}],"curies":[{"name":"wp","href":"https:\/\/api.w.org\/{rel}","templated":true}]}}