{"id":10014,"date":"2022-08-13T10:00:17","date_gmt":"2022-08-13T08:00:17","guid":{"rendered":"http:\/\/blog.pfadfinder-kuppenheim.de\/?p=10014"},"modified":"2022-08-15T11:19:24","modified_gmt":"2022-08-15T09:19:24","slug":"sola-bericht-freitag1-2-08","status":"publish","type":"post","link":"https:\/\/pfadfinder-kuppenheim.de\/?p=10014","title":{"rendered":"Tag 14 \u2013 Freitag 12. August 2022"},"content":{"rendered":"\n<p>Heute morgen wurden wir fr\u00fch von den Leitern geweckt, danach haben wir uns umgezogen, Z\u00e4hne geputzt und unsere Schlafs\u00e4cke und Isomatten sowie Kopfkissen und Klamotten eingepackt und alles f\u00fcr die Abfahrt gerichtet. Anschlie\u00dfend haben wir unsere gro\u00dfen Taschen oder Rucks\u00e4cke zum Bus gebracht und sind dann mit unseren kleinen Rucks\u00e4cken weiter zu unserem Zeltplatz gelaufen. Dort haben wir dann unsere Rucks\u00e4cke abgelegt, uns unser Fr\u00fchst\u00fcck abgeholt und gem\u00fctlich gegessen. Danach haben wir noch ein paar finale Sachen aufger\u00e4umt und uns dann auf den Weg gemacht, wir wurden in zwei Gruppen aufgeteilt und nacheinander mit dem Wagen zur Bushaltestelle in Rennerod gefahren. Nachdem wir dort ankamen mussten wir noch \u00fcber eine halbe Stunde auf den Bus warten weil wir zu fr\u00fch da waren. Als dieser jedoch endlich kam sind wir alle eingestiegen und weiter nach Limburg gefahren, dort sind wir in den Zug umgestiegen und nach Frankfurt gefahren, diese Fahrt hat viel Spa\u00df gemacht weil wir Spiele gespielt, geredet, und S\u00fc\u00dfigkeiten gegessen haben. Als wir dort angekommen sind, sind wir noch zum richtigen Gleis gelaufen und haben auf unseren ICE gewartet. Anschlie\u00dfend sind wir in den ICE eingestiegen und sind nach Hause gefahren.Auf der Fahrt haben wir geredet, Fotos gemacht, gesungen bis sich jemand beschwert hat dass wir zu laut waren und schon wieder S\u00fc\u00dfigkeiten gegessen. Dann kamen wir nach einer Ewigkeit endlich Zuhause an, wo unsere Eltern schon auf uns gewartet haben. Nachdem wir uns begr\u00fc\u00dft hatten haben die Leiter noch eine kleine abschlie\u00dfende Rede gehalten und wir sind nach Hause gegangen<\/p>\n\n\n\n<p>Vom naturverbundenen Reporter Justus<\/p>\n","protected":false},"excerpt":{"rendered":"<p>Heute morgen wurden wir fr\u00fch von den Leitern geweckt, danach haben wir uns umgezogen, Z\u00e4hne geputzt und unsere Schlafs\u00e4cke und Isomatten sowie Kopfkissen und Klamotten eingepackt und alles f\u00fcr die Abfahrt gerichtet. Anschlie\u00dfend haben wir unsere gro\u00dfen Taschen oder Rucks\u00e4cke zum Bus gebracht und sind dann mit unseren kleinen Rucks\u00e4cken weiter zu unserem Zeltplatz gelaufen.&hellip;&nbsp;<a href=\"https:\/\/pfadfinder-kuppenheim.de\/?p=10014\" class=\"\" rel=\"bookmark\">Weiterlesen &raquo;<span class=\"screen-reader-text\">Tag 14 \u2013 Freitag 12. August 2022<\/span><\/a><\/p>\n","protected":false},"author":19,"featured_media":0,"comment_status":"open","ping_status":"closed","sticky":false,"template":"","format":"standard","meta":{"neve_meta_sidebar":"","neve_meta_container":"","neve_meta_enable_content_width":"","neve_meta_content_width":0,"neve_meta_title_alignment":"","neve_meta_author_avatar":"","neve_post_elements_order":"","neve_meta_disable_header":"","neve_meta_disable_footer":"","neve_meta_disable_title":"","jetpack_post_was_ever_published":false,"_jetpack_newsletter_access":"","_jetpack_dont_email_post_to_subs":false,"_jetpack_newsletter_tier_id":0,"_jetpack_memberships_contains_paywalled_content":false,"_jetpack_memberships_contains_paid_content":false,"footnotes":"","jetpack_publicize_message":"","jetpack_publicize_feature_enabled":true,"jetpack_social_post_already_shared":true,"jetpack_social_options":{"image_generator_settings":{"template":"highway","default_image_id":0,"font":"","enabled":false},"version":2}},"categories":[42,12],"tags":[],"class_list":["post-10014","post","type-post","status-publish","format-standard","hentry","category-berichte","category-jupfis_sola_tagebuch"],"jetpack_publicize_connections":[],"jetpack_featured_media_url":"","jetpack_sharing_enabled":true,"jetpack_shortlink":"https:\/\/wp.me\/p3G0PZ-2Bw","_links":{"self":[{"href":"https:\/\/pfadfinder-kuppenheim.de\/index.php?rest_route=\/wp\/v2\/posts\/10014","targetHints":{"allow":["GET"]}}],"collection":[{"href":"https:\/\/pfadfinder-kuppenheim.de\/index.php?rest_route=\/wp\/v2\/posts"}],"about":[{"href":"https:\/\/pfadfinder-kuppenheim.de\/index.php?rest_route=\/wp\/v2\/types\/post"}],"author":[{"embeddable":true,"href":"https:\/\/pfadfinder-kuppenheim.de\/index.php?rest_route=\/wp\/v2\/users\/19"}],"replies":[{"embeddable":true,"href":"https:\/\/pfadfinder-kuppenheim.de\/index.php?rest_route=%2Fwp%2Fv2%2Fcomments&post=10014"}],"version-history":[{"count":4,"href":"https:\/\/pfadfinder-kuppenheim.de\/index.php?rest_route=\/wp\/v2\/posts\/10014\/revisions"}],"predecessor-version":[{"id":10025,"href":"https:\/\/pfadfinder-kuppenheim.de\/index.php?rest_route=\/wp\/v2\/posts\/10014\/revisions\/10025"}],"wp:attachment":[{"href":"https:\/\/pfadfinder-kuppenheim.de\/index.php?rest_route=%2Fwp%2Fv2%2Fmedia&parent=10014"}],"wp:term":[{"taxonomy":"category","embeddable":true,"href":"https:\/\/pfadfinder-kuppenheim.de\/index.php?rest_route=%2Fwp%2Fv2%2Fcategories&post=10014"},{"taxonomy":"post_tag","embeddable":true,"href":"https:\/\/pfadfinder-kuppenheim.de\/index.php?rest_route=%2Fwp%2Fv2%2Ftags&post=10014"}],"curies":[{"name":"wp","href":"https:\/\/api.w.org\/{rel}","templated":true}]}}