{"id":10010,"date":"2022-08-12T23:19:01","date_gmt":"2022-08-12T21:19:01","guid":{"rendered":"http:\/\/blog.pfadfinder-kuppenheim.de\/?p=10010"},"modified":"2022-08-12T23:20:19","modified_gmt":"2022-08-12T21:20:19","slug":"zwei-wochen-jupfi-abenteuer-sind-zuende","status":"publish","type":"post","link":"https:\/\/pfadfinder-kuppenheim.de\/?p=10010","title":{"rendered":"Zwei Wochen Jupfi-Abenteuer sind zuende&#8230;"},"content":{"rendered":"\n<p>Nun ist das Material gr\u00f6\u00dftenteils verr\u00e4umt und das diesj\u00e4hrige Sommerlager ist vorbei. Zufrieden blicken wir zur\u00fcck auf 14 ereignisreiche Tage. Vielen Dank f\u00fcr den Spa\u00df und die Abenteuer, die wir mit euch erlebt haben.<br><br>Vielen Dank f\u00fcr das Present an der Ankunft in Baden-Baden. Das hat uns sehr gefreut.<br><br>Wir w\u00fcnschen euch noch sch\u00f6ne restliche Ferientage und erwarten euch nach den Ferien zur n\u00e4chsten Truppstunde am 13.09.<br><br>Bis Dahin<br><br>Gut Pfad<\/p>\n\n\n\n<figure class=\"wp-block-image\"><img data-recalc-dims=\"1\" loading=\"lazy\" decoding=\"async\" width=\"1200\" height=\"675\" src=\"https:\/\/i0.wp.com\/blog.pfadfinder-kuppenheim.de\/wp-content\/uploads\/2022\/08\/img_20220812_094046475523672798044769-scaled.jpg?resize=1200%2C675\" alt=\"\" class=\"wp-image-10007\" srcset=\"https:\/\/i0.wp.com\/pfadfinder-kuppenheim.de\/wp-content\/uploads\/2022\/08\/img_20220812_094046475523672798044769-scaled.jpg?w=2560&amp;ssl=1 2560w, https:\/\/i0.wp.com\/pfadfinder-kuppenheim.de\/wp-content\/uploads\/2022\/08\/img_20220812_094046475523672798044769-scaled.jpg?resize=300%2C169&amp;ssl=1 300w, https:\/\/i0.wp.com\/pfadfinder-kuppenheim.de\/wp-content\/uploads\/2022\/08\/img_20220812_094046475523672798044769-scaled.jpg?resize=1024%2C576&amp;ssl=1 1024w, https:\/\/i0.wp.com\/pfadfinder-kuppenheim.de\/wp-content\/uploads\/2022\/08\/img_20220812_094046475523672798044769-scaled.jpg?resize=768%2C432&amp;ssl=1 768w, https:\/\/i0.wp.com\/pfadfinder-kuppenheim.de\/wp-content\/uploads\/2022\/08\/img_20220812_094046475523672798044769-scaled.jpg?resize=1536%2C864&amp;ssl=1 1536w, https:\/\/i0.wp.com\/pfadfinder-kuppenheim.de\/wp-content\/uploads\/2022\/08\/img_20220812_094046475523672798044769-scaled.jpg?resize=2048%2C1152&amp;ssl=1 2048w, https:\/\/i0.wp.com\/pfadfinder-kuppenheim.de\/wp-content\/uploads\/2022\/08\/img_20220812_094046475523672798044769-scaled.jpg?resize=750%2C422&amp;ssl=1 750w, https:\/\/i0.wp.com\/pfadfinder-kuppenheim.de\/wp-content\/uploads\/2022\/08\/img_20220812_094046475523672798044769-scaled.jpg?w=2400&amp;ssl=1 2400w\" sizes=\"auto, (max-width: 1200px) 100vw, 1200px\" \/><\/figure>\n","protected":false},"excerpt":{"rendered":"<p>Nun ist das Material gr\u00f6\u00dftenteils verr\u00e4umt und das diesj\u00e4hrige Sommerlager ist vorbei. Zufrieden blicken wir zur\u00fcck auf 14 ereignisreiche Tage. Vielen Dank f\u00fcr den Spa\u00df und die Abenteuer, die wir mit euch erlebt haben. Vielen Dank f\u00fcr das Present an der Ankunft in Baden-Baden. Das hat uns sehr gefreut. Wir w\u00fcnschen euch noch sch\u00f6ne restliche&hellip;&nbsp;<a href=\"https:\/\/pfadfinder-kuppenheim.de\/?p=10010\" class=\"\" rel=\"bookmark\">Weiterlesen &raquo;<span class=\"screen-reader-text\">Zwei Wochen Jupfi-Abenteuer sind zuende&#8230;<\/span><\/a><\/p>\n","protected":false},"author":13,"featured_media":0,"comment_status":"open","ping_status":"closed","sticky":false,"template":"","format":"standard","meta":{"neve_meta_sidebar":"","neve_meta_container":"","neve_meta_enable_content_width":"","neve_meta_content_width":0,"neve_meta_title_alignment":"","neve_meta_author_avatar":"","neve_post_elements_order":"","neve_meta_disable_header":"","neve_meta_disable_footer":"","neve_meta_disable_title":"","jetpack_post_was_ever_published":false,"_jetpack_newsletter_access":"","_jetpack_dont_email_post_to_subs":false,"_jetpack_newsletter_tier_id":0,"_jetpack_memberships_contains_paywalled_content":false,"_jetpack_memberships_contains_paid_content":false,"footnotes":"","jetpack_publicize_message":"","jetpack_publicize_feature_enabled":true,"jetpack_social_post_already_shared":true,"jetpack_social_options":{"image_generator_settings":{"template":"highway","default_image_id":0,"font":"","enabled":false},"version":2}},"categories":[5],"tags":[43,78],"class_list":["post-10010","post","type-post","status-publish","format-standard","hentry","category-jupfis","tag-jupfis","tag-sommerlager"],"jetpack_publicize_connections":[],"jetpack_featured_media_url":"","jetpack_sharing_enabled":true,"jetpack_shortlink":"https:\/\/wp.me\/p3G0PZ-2Bs","_links":{"self":[{"href":"https:\/\/pfadfinder-kuppenheim.de\/index.php?rest_route=\/wp\/v2\/posts\/10010","targetHints":{"allow":["GET"]}}],"collection":[{"href":"https:\/\/pfadfinder-kuppenheim.de\/index.php?rest_route=\/wp\/v2\/posts"}],"about":[{"href":"https:\/\/pfadfinder-kuppenheim.de\/index.php?rest_route=\/wp\/v2\/types\/post"}],"author":[{"embeddable":true,"href":"https:\/\/pfadfinder-kuppenheim.de\/index.php?rest_route=\/wp\/v2\/users\/13"}],"replies":[{"embeddable":true,"href":"https:\/\/pfadfinder-kuppenheim.de\/index.php?rest_route=%2Fwp%2Fv2%2Fcomments&post=10010"}],"version-history":[{"count":1,"href":"https:\/\/pfadfinder-kuppenheim.de\/index.php?rest_route=\/wp\/v2\/posts\/10010\/revisions"}],"predecessor-version":[{"id":10011,"href":"https:\/\/pfadfinder-kuppenheim.de\/index.php?rest_route=\/wp\/v2\/posts\/10010\/revisions\/10011"}],"wp:attachment":[{"href":"https:\/\/pfadfinder-kuppenheim.de\/index.php?rest_route=%2Fwp%2Fv2%2Fmedia&parent=10010"}],"wp:term":[{"taxonomy":"category","embeddable":true,"href":"https:\/\/pfadfinder-kuppenheim.de\/index.php?rest_route=%2Fwp%2Fv2%2Fcategories&post=10010"},{"taxonomy":"post_tag","embeddable":true,"href":"https:\/\/pfadfinder-kuppenheim.de\/index.php?rest_route=%2Fwp%2Fv2%2Ftags&post=10010"}],"curies":[{"name":"wp","href":"https:\/\/api.w.org\/{rel}","templated":true}]}}